{"id":1532,"date":"2021-07-19T12:52:28","date_gmt":"2021-07-19T17:52:28","guid":{"rendered":"http:\/\/annemarieabautret.com\/blog\/?p=1532"},"modified":"2022-06-23T09:24:27","modified_gmt":"2022-06-23T14:24:27","slug":"francia-y-su-escritura-autores-y-frases-celebres","status":"publish","type":"post","link":"https:\/\/annemarieabautret.com\/blog\/francia-y-su-escritura-autores-y-frases-celebres\/","title":{"rendered":"Francia y su escritura: autores y frases c\u00e9lebres"},"content":{"rendered":"\n<p>La literatura es una de las artes m\u00e1s bellas del mundo. Pasearse entre palabras descubriendo historias, personajes, escenarios y desenlaces \u00fanicos y especiales, es un deleite para nuestro intelecto. Existen cientos de autores y frases c\u00e9lebres que son testigos de esta enorme fuente de conocimiento y cultura. La lengua gala es reconocida por ser la cuna de grandes escritores y escritoras que han hecho de la literatura algo que debe ser consumido regularmente. Francia y su escritura son una relaci\u00f3n indivisible. \u00a1Conozcamos m\u00e1s al respecto!<\/p>\n\n\n\n<figure class=\"wp-block-image size-large\"><img loading=\"lazy\" decoding=\"async\" width=\"1024\" height=\"538\" src=\"https:\/\/annemarieabautret.com\/blog\/wp-content\/uploads\/2021\/07\/LEV-post-93-Francia-y-su-escritura-autores-y-frases-celebres-1024x538.png\" alt=\"Francia y su escritura: autores y frases c\u00e9lebres\" class=\"wp-image-1542\" srcset=\"https:\/\/annemarieabautret.com\/blog\/wp-content\/uploads\/2021\/07\/LEV-post-93-Francia-y-su-escritura-autores-y-frases-celebres-1024x538.png 1024w, https:\/\/annemarieabautret.com\/blog\/wp-content\/uploads\/2021\/07\/LEV-post-93-Francia-y-su-escritura-autores-y-frases-celebres-300x158.png 300w, https:\/\/annemarieabautret.com\/blog\/wp-content\/uploads\/2021\/07\/LEV-post-93-Francia-y-su-escritura-autores-y-frases-celebres-768x403.png 768w, https:\/\/annemarieabautret.com\/blog\/wp-content\/uploads\/2021\/07\/LEV-post-93-Francia-y-su-escritura-autores-y-frases-celebres.png 1200w\" sizes=\"(max-width: 1024px) 100vw, 1024px\" \/><figcaption><em>\u00a1Disfruta de Francia y su escritura con L\u2019encrier vert!<\/em><\/figcaption><\/figure>\n\n\n\n<p>A continuaci\u00f3n nos pasearemos por algunos de los mejores escritores de la historia de la lengua francesa, como lo son Colette, Th\u00e9ophile Gautier, Paul Verlaine, Henri Bergson y George Sand. \u00a1Sigue leyendo!<\/p>\n\n\n\n<blockquote class=\"wp-block-quote is-style-large is-layout-flow wp-block-quote-is-layout-flow\"><p>1) Il est sage de verser sur le rouage de l'amiti\u00e9 l'huile de la politesse d\u00e9licate.<\/p><cite><em>Colette<\/em><\/cite><\/blockquote>\n\n\n\n<figure class=\"wp-block-image size-large\"><img loading=\"lazy\" decoding=\"async\" width=\"1024\" height=\"1024\" src=\"https:\/\/annemarieabautret.com\/blog\/wp-content\/uploads\/2021\/07\/francesconlencriervert_20210719_0-1024x1024.jpg\" alt=\"Francia y su escritura: autores y frases c\u00e9lebres\" class=\"wp-image-1533\" srcset=\"https:\/\/annemarieabautret.com\/blog\/wp-content\/uploads\/2021\/07\/francesconlencriervert_20210719_0-1024x1024.jpg 1024w, https:\/\/annemarieabautret.com\/blog\/wp-content\/uploads\/2021\/07\/francesconlencriervert_20210719_0-300x300.jpg 300w, https:\/\/annemarieabautret.com\/blog\/wp-content\/uploads\/2021\/07\/francesconlencriervert_20210719_0-150x150.jpg 150w, https:\/\/annemarieabautret.com\/blog\/wp-content\/uploads\/2021\/07\/francesconlencriervert_20210719_0-768x768.jpg 768w, https:\/\/annemarieabautret.com\/blog\/wp-content\/uploads\/2021\/07\/francesconlencriervert_20210719_0-75x75.jpg 75w, https:\/\/annemarieabautret.com\/blog\/wp-content\/uploads\/2021\/07\/francesconlencriervert_20210719_0-400x400.jpg 400w, https:\/\/annemarieabautret.com\/blog\/wp-content\/uploads\/2021\/07\/francesconlencriervert_20210719_0-90x90.jpg 90w, https:\/\/annemarieabautret.com\/blog\/wp-content\/uploads\/2021\/07\/francesconlencriervert_20210719_0.jpg 1080w\" sizes=\"(max-width: 1024px) 100vw, 1024px\" \/><\/figure>\n\n\n\n<h4 class=\"wp-block-heading\">\u00abEs prudente verter el aceite de la delicada cortes\u00eda en los engranajes de la amistad\u00bb<\/h4>\n\n\n\n<figure class=\"wp-block-image size-full is-style-default\"><a href=\"https:\/\/www.instagram.com\/francesconlencriervert\/\" target=\"_blank\" rel=\"noopener\"><img loading=\"lazy\" decoding=\"async\" width=\"600\" height=\"156\" src=\"https:\/\/annemarieabautret.com\/blog\/wp-content\/uploads\/2022\/04\/LEV-Banner-Promo-Todos-los-niveles.gif\" alt=\"\" class=\"wp-image-2922\"\/><\/a><\/figure>\n\n\n\n<blockquote class=\"wp-block-quote is-style-large is-layout-flow wp-block-quote-is-layout-flow\"><p>2) La vie, c'est un combat sans tr\u00eave.<\/p><cite><em>Th\u00e9ophile Gautier<\/em><\/cite><\/blockquote>\n\n\n\n<figure class=\"wp-block-image size-large\"><img loading=\"lazy\" decoding=\"async\" width=\"1024\" height=\"1024\" src=\"https:\/\/annemarieabautret.com\/blog\/wp-content\/uploads\/2021\/07\/francesconlencriervert_20210719_1-1024x1024.jpg\" alt=\"Francia y su escritura: autores y frases c\u00e9lebres\" class=\"wp-image-1534\" srcset=\"https:\/\/annemarieabautret.com\/blog\/wp-content\/uploads\/2021\/07\/francesconlencriervert_20210719_1-1024x1024.jpg 1024w, https:\/\/annemarieabautret.com\/blog\/wp-content\/uploads\/2021\/07\/francesconlencriervert_20210719_1-300x300.jpg 300w, https:\/\/annemarieabautret.com\/blog\/wp-content\/uploads\/2021\/07\/francesconlencriervert_20210719_1-150x150.jpg 150w, https:\/\/annemarieabautret.com\/blog\/wp-content\/uploads\/2021\/07\/francesconlencriervert_20210719_1-768x768.jpg 768w, https:\/\/annemarieabautret.com\/blog\/wp-content\/uploads\/2021\/07\/francesconlencriervert_20210719_1-75x75.jpg 75w, https:\/\/annemarieabautret.com\/blog\/wp-content\/uploads\/2021\/07\/francesconlencriervert_20210719_1-400x400.jpg 400w, https:\/\/annemarieabautret.com\/blog\/wp-content\/uploads\/2021\/07\/francesconlencriervert_20210719_1-90x90.jpg 90w, https:\/\/annemarieabautret.com\/blog\/wp-content\/uploads\/2021\/07\/francesconlencriervert_20210719_1.jpg 1080w\" sizes=\"(max-width: 1024px) 100vw, 1024px\" \/><\/figure>\n\n\n\n<h4 class=\"wp-block-heading\">\u00abLa vida, es un combate sin tregua\u00bb<\/h4>\n\n\n\n<blockquote class=\"wp-block-quote is-style-large is-layout-flow wp-block-quote-is-layout-flow\"><p>3) L'art, mes enfants, c'est d'\u00eatre absolument soi-m\u00eame.<\/p><cite><em>Paul Verlaine<\/em><\/cite><\/blockquote>\n\n\n\n<figure class=\"wp-block-image size-large\"><img loading=\"lazy\" decoding=\"async\" width=\"1024\" height=\"1024\" src=\"https:\/\/annemarieabautret.com\/blog\/wp-content\/uploads\/2021\/07\/francesconlencriervert_20210719_2-1024x1024.jpg\" alt=\"Francia y su escritura: autores y frases c\u00e9lebres\" class=\"wp-image-1536\" srcset=\"https:\/\/annemarieabautret.com\/blog\/wp-content\/uploads\/2021\/07\/francesconlencriervert_20210719_2-1024x1024.jpg 1024w, https:\/\/annemarieabautret.com\/blog\/wp-content\/uploads\/2021\/07\/francesconlencriervert_20210719_2-300x300.jpg 300w, https:\/\/annemarieabautret.com\/blog\/wp-content\/uploads\/2021\/07\/francesconlencriervert_20210719_2-150x150.jpg 150w, https:\/\/annemarieabautret.com\/blog\/wp-content\/uploads\/2021\/07\/francesconlencriervert_20210719_2-768x768.jpg 768w, https:\/\/annemarieabautret.com\/blog\/wp-content\/uploads\/2021\/07\/francesconlencriervert_20210719_2-75x75.jpg 75w, https:\/\/annemarieabautret.com\/blog\/wp-content\/uploads\/2021\/07\/francesconlencriervert_20210719_2-400x400.jpg 400w, https:\/\/annemarieabautret.com\/blog\/wp-content\/uploads\/2021\/07\/francesconlencriervert_20210719_2-90x90.jpg 90w, https:\/\/annemarieabautret.com\/blog\/wp-content\/uploads\/2021\/07\/francesconlencriervert_20210719_2.jpg 1080w\" sizes=\"(max-width: 1024px) 100vw, 1024px\" \/><\/figure>\n\n\n\n<h4 class=\"wp-block-heading\">\u00abEl arte, hijos m\u00edos, es ser absolutamente uno mismo\u00bb<\/h4>\n\n\n\n<h2 class=\"wp-block-heading\"><em><span class=\"has-inline-color has-luminous-vivid-amber-color\">Mira tambi\u00e9n: <\/span><a href=\"https:\/\/annemarieabautret.com\/blog\/la-escritura-francesa-escritores-y-sus-frases-mas-populares\/\"><span style=\"color:#1d5c2f\" class=\"has-inline-color\">LA ESCRITURA FRANCESA: ESCRITORES Y SUS FRASES M\u00c1S POPULARES<\/span><\/a><\/em><\/h2>\n\n\n\n<blockquote class=\"wp-block-quote is-style-large is-layout-flow wp-block-quote-is-layout-flow\"><p>4) L'\u00eatre vivant est surtout un lieu de passage, et l'essentiel de la vie tient dans le mouvement qui la transmet.<\/p><cite><em>Henri Bergson<\/em><\/cite><\/blockquote>\n\n\n\n<figure class=\"wp-block-image size-large\"><img loading=\"lazy\" decoding=\"async\" width=\"1024\" height=\"1024\" src=\"https:\/\/annemarieabautret.com\/blog\/wp-content\/uploads\/2021\/07\/francesconlencriervert_20210719_3-1024x1024.jpg\" alt=\"Francia y su escritura: autores y frases c\u00e9lebres\" class=\"wp-image-1537\" srcset=\"https:\/\/annemarieabautret.com\/blog\/wp-content\/uploads\/2021\/07\/francesconlencriervert_20210719_3-1024x1024.jpg 1024w, https:\/\/annemarieabautret.com\/blog\/wp-content\/uploads\/2021\/07\/francesconlencriervert_20210719_3-300x300.jpg 300w, https:\/\/annemarieabautret.com\/blog\/wp-content\/uploads\/2021\/07\/francesconlencriervert_20210719_3-150x150.jpg 150w, https:\/\/annemarieabautret.com\/blog\/wp-content\/uploads\/2021\/07\/francesconlencriervert_20210719_3-768x768.jpg 768w, https:\/\/annemarieabautret.com\/blog\/wp-content\/uploads\/2021\/07\/francesconlencriervert_20210719_3-75x75.jpg 75w, https:\/\/annemarieabautret.com\/blog\/wp-content\/uploads\/2021\/07\/francesconlencriervert_20210719_3-400x400.jpg 400w, https:\/\/annemarieabautret.com\/blog\/wp-content\/uploads\/2021\/07\/francesconlencriervert_20210719_3-90x90.jpg 90w, https:\/\/annemarieabautret.com\/blog\/wp-content\/uploads\/2021\/07\/francesconlencriervert_20210719_3.jpg 1080w\" sizes=\"(max-width: 1024px) 100vw, 1024px\" \/><\/figure>\n\n\n\n<h4 class=\"wp-block-heading\">\u00abEl ser vivo es ante todo un lugar de paso, y la esencia de la vida est\u00e1 en el movimiento que la transmite\u00bb<\/h4>\n\n\n\n<blockquote class=\"wp-block-quote is-style-large is-layout-flow wp-block-quote-is-layout-flow\"><p>5) Les d\u00e9ceptions ne tuent pas et les esp\u00e9rances font vivre.<\/p><cite><em>George Sand<\/em><\/cite><\/blockquote>\n\n\n\n<figure class=\"wp-block-image size-large\"><img loading=\"lazy\" decoding=\"async\" width=\"1024\" height=\"1024\" src=\"https:\/\/annemarieabautret.com\/blog\/wp-content\/uploads\/2021\/07\/francesconlencriervert_20210719_4-1024x1024.jpg\" alt=\"\" class=\"wp-image-1538\" srcset=\"https:\/\/annemarieabautret.com\/blog\/wp-content\/uploads\/2021\/07\/francesconlencriervert_20210719_4-1024x1024.jpg 1024w, https:\/\/annemarieabautret.com\/blog\/wp-content\/uploads\/2021\/07\/francesconlencriervert_20210719_4-300x300.jpg 300w, https:\/\/annemarieabautret.com\/blog\/wp-content\/uploads\/2021\/07\/francesconlencriervert_20210719_4-150x150.jpg 150w, https:\/\/annemarieabautret.com\/blog\/wp-content\/uploads\/2021\/07\/francesconlencriervert_20210719_4-768x768.jpg 768w, https:\/\/annemarieabautret.com\/blog\/wp-content\/uploads\/2021\/07\/francesconlencriervert_20210719_4-75x75.jpg 75w, https:\/\/annemarieabautret.com\/blog\/wp-content\/uploads\/2021\/07\/francesconlencriervert_20210719_4-400x400.jpg 400w, https:\/\/annemarieabautret.com\/blog\/wp-content\/uploads\/2021\/07\/francesconlencriervert_20210719_4-90x90.jpg 90w, https:\/\/annemarieabautret.com\/blog\/wp-content\/uploads\/2021\/07\/francesconlencriervert_20210719_4.jpg 1080w\" sizes=\"(max-width: 1024px) 100vw, 1024px\" \/><\/figure>\n\n\n\n<h4 class=\"wp-block-heading\">\u00abLas decepciones no matan y las esperanzas hacen vivir\u00bb<\/h4>\n\n\n\n<figure class=\"wp-block-image size-full\"><a href=\"https:\/\/mailchi.mp\/63a6d94a6b10\/lencrier-vert-newsletter\" target=\"_blank\" rel=\"noopener noreferrer\"><img loading=\"lazy\" decoding=\"async\" width=\"600\" height=\"156\" src=\"https:\/\/annemarieabautret.com\/blog\/wp-content\/uploads\/2021\/07\/Hnet-image.gif\" alt=\"\" class=\"wp-image-1512\"\/><\/a><\/figure>\n\n\n\n<h4 class=\"wp-block-heading\">Si deseas conocer m\u00e1s sobre Francia y su escritura, as\u00ed como enterarte de nuestros cursos, no te pierdas ninguna de nuestras publicaciones en las redes sociales &#x1f447;<\/h4>\n\n\n\n<figure class=\"wp-block-image size-large\"><a href=\"https:\/\/www.instagram.com\/francesconlencriervert\/\"><img loading=\"lazy\" decoding=\"async\" width=\"1024\" height=\"269\" src=\"https:\/\/annemarieabautret.com\/blog\/wp-content\/uploads\/2021\/06\/LEV-banner-redes-sociales-posts-1024x269.png\" alt=\"\" class=\"wp-image-1227\" srcset=\"https:\/\/annemarieabautret.com\/blog\/wp-content\/uploads\/2021\/06\/LEV-banner-redes-sociales-posts-1024x269.png 1024w, https:\/\/annemarieabautret.com\/blog\/wp-content\/uploads\/2021\/06\/LEV-banner-redes-sociales-posts-300x79.png 300w, https:\/\/annemarieabautret.com\/blog\/wp-content\/uploads\/2021\/06\/LEV-banner-redes-sociales-posts-768x202.png 768w, https:\/\/annemarieabautret.com\/blog\/wp-content\/uploads\/2021\/06\/LEV-banner-redes-sociales-posts.png 1200w\" sizes=\"(max-width: 1024px) 100vw, 1024px\" \/><\/a><\/figure>\n\n\n\n<figure class=\"wp-block-image size-large\"><a href=\"https:\/\/www.facebook.com\/LencrierVert\"><img loading=\"lazy\" decoding=\"async\" width=\"1024\" height=\"269\" src=\"https:\/\/annemarieabautret.com\/blog\/wp-content\/uploads\/2021\/06\/LEV-banner-redes-sociales-posts-1-1024x269.png\" alt=\"\" class=\"wp-image-1228\" srcset=\"https:\/\/annemarieabautret.com\/blog\/wp-content\/uploads\/2021\/06\/LEV-banner-redes-sociales-posts-1-1024x269.png 1024w, https:\/\/annemarieabautret.com\/blog\/wp-content\/uploads\/2021\/06\/LEV-banner-redes-sociales-posts-1-300x79.png 300w, https:\/\/annemarieabautret.com\/blog\/wp-content\/uploads\/2021\/06\/LEV-banner-redes-sociales-posts-1-768x202.png 768w, https:\/\/annemarieabautret.com\/blog\/wp-content\/uploads\/2021\/06\/LEV-banner-redes-sociales-posts-1.png 1200w\" sizes=\"(max-width: 1024px) 100vw, 1024px\" \/><\/a><\/figure>\n","protected":false},"excerpt":{"rendered":"<p>La literatura es una de las artes m\u00e1s bellas del mundo. Pasearse entre palabras descubriendo historias, personajes, escenarios y desenlaces \u00fanicos y especiales, es un deleite para nuestro intelecto. Existen cientos de autores y frases c\u00e9lebres que son testigos de esta enorme fuente de conocimiento y cultura. La lengua gala es reconocida por ser la [&hellip;]<\/p>\n","protected":false},"author":1,"featured_media":1542,"comment_status":"open","ping_status":"open","sticky":false,"template":"","format":"standard","meta":{"footnotes":""},"categories":[7],"tags":[272,104,106,3,4,276,275,105,195,274,273],"class_list":["post-1532","post","type-post","status-publish","format-standard","has-post-thumbnail","hentry","category-curiosidades","tag-colette","tag-escritores-franceses","tag-escritura","tag-frances","tag-frances-2","tag-george-sand","tag-henri-bergson","tag-literatura","tag-literatura-francesa","tag-paul-verlaine","tag-theophile-gautier"],"yoast_head":"<!-- This site is optimized with the Yoast SEO plugin v24.6 - https:\/\/yoast.com\/wordpress\/plugins\/seo\/ -->\n<title>Francia y su escritura: autores y frases c\u00e9lebres - Anne Marie Abautret<\/title>\n<meta name=\"robots\" content=\"index, follow, max-snippet:-1, max-image-preview:large, max-video-preview:-1\" \/>\n<link rel=\"canonical\" href=\"https:\/\/annemarieabautret.com\/blog\/francia-y-su-escritura-autores-y-frases-celebres\/\" \/>\n<meta property=\"og:locale\" content=\"es_ES\" \/>\n<meta property=\"og:type\" content=\"article\" \/>\n<meta property=\"og:title\" content=\"Francia y su escritura: autores y frases c\u00e9lebres\" \/>\n<meta property=\"og:description\" content=\"La literatura es una de las artes m\u00e1s bellas del mundo. Pasearse entre palabras descubriendo historias, personajes, escenarios y desenlaces \u00fanicos y especiales, es un deleite para nuestro intelecto. Existen cientos de autores y frases c\u00e9lebres que son testigos de esta enorme fuente de conocimiento y cultura. La lengua gala es reconocida por ser la [&hellip;]\" \/>\n<meta property=\"og:url\" content=\"https:\/\/annemarieabautret.com\/blog\/francia-y-su-escritura-autores-y-frases-celebres\/\" \/>\n<meta property=\"og:site_name\" content=\"Anne Marie Abautret\" \/>\n<meta property=\"article:published_time\" content=\"2021-07-19T17:52:28+00:00\" \/>\n<meta property=\"article:modified_time\" content=\"2022-06-23T14:24:27+00:00\" \/>\n<meta property=\"og:image\" content=\"https:\/\/annemarieabautret.com\/blog\/wp-content\/uploads\/2021\/07\/LEV-post-93-Francia-y-su-escritura-autores-y-frases-celebres.png\" \/>\n\t<meta property=\"og:image:width\" content=\"1200\" \/>\n\t<meta property=\"og:image:height\" content=\"630\" \/>\n\t<meta property=\"og:image:type\" content=\"image\/png\" \/>\n<meta name=\"author\" content=\"Bloglencriervert\" \/>\n<meta name=\"twitter:card\" content=\"summary_large_image\" \/>\n<meta name=\"twitter:title\" content=\"Francia y su escritura: autores y frases c\u00e9lebres\" \/>\n<meta name=\"twitter:image\" content=\"https:\/\/annemarieabautret.com\/blog\/wp-content\/uploads\/2021\/07\/LEV-post-93-Francia-y-su-escritura-autores-y-frases-celebres.png\" \/>\n<meta name=\"twitter:label1\" content=\"Written by\" \/>\n\t<meta name=\"twitter:data1\" content=\"Bloglencriervert\" \/>\n\t<meta name=\"twitter:label2\" content=\"Est. reading time\" \/>\n\t<meta name=\"twitter:data2\" content=\"4 minutos\" \/>\n<script type=\"application\/ld+json\" class=\"yoast-schema-graph\">{\"@context\":\"https:\/\/schema.org\",\"@graph\":[{\"@type\":\"WebPage\",\"@id\":\"https:\/\/annemarieabautret.com\/blog\/francia-y-su-escritura-autores-y-frases-celebres\/\",\"url\":\"https:\/\/annemarieabautret.com\/blog\/francia-y-su-escritura-autores-y-frases-celebres\/\",\"name\":\"Francia y su escritura: autores y frases c\u00e9lebres - Anne Marie Abautret\",\"isPartOf\":{\"@id\":\"https:\/\/annemarieabautret.com\/blog\/#website\"},\"primaryImageOfPage\":{\"@id\":\"https:\/\/annemarieabautret.com\/blog\/francia-y-su-escritura-autores-y-frases-celebres\/#primaryimage\"},\"image\":{\"@id\":\"https:\/\/annemarieabautret.com\/blog\/francia-y-su-escritura-autores-y-frases-celebres\/#primaryimage\"},\"thumbnailUrl\":\"https:\/\/annemarieabautret.com\/blog\/wp-content\/uploads\/2021\/07\/LEV-post-93-Francia-y-su-escritura-autores-y-frases-celebres.png\",\"datePublished\":\"2021-07-19T17:52:28+00:00\",\"dateModified\":\"2022-06-23T14:24:27+00:00\",\"author\":{\"@id\":\"https:\/\/annemarieabautret.com\/blog\/#\/schema\/person\/67f969769283a1cac966eb4824469e7b\"},\"breadcrumb\":{\"@id\":\"https:\/\/annemarieabautret.com\/blog\/francia-y-su-escritura-autores-y-frases-celebres\/#breadcrumb\"},\"inLanguage\":\"es-PE\",\"potentialAction\":[{\"@type\":\"ReadAction\",\"target\":[\"https:\/\/annemarieabautret.com\/blog\/francia-y-su-escritura-autores-y-frases-celebres\/\"]}]},{\"@type\":\"ImageObject\",\"inLanguage\":\"es-PE\",\"@id\":\"https:\/\/annemarieabautret.com\/blog\/francia-y-su-escritura-autores-y-frases-celebres\/#primaryimage\",\"url\":\"https:\/\/annemarieabautret.com\/blog\/wp-content\/uploads\/2021\/07\/LEV-post-93-Francia-y-su-escritura-autores-y-frases-celebres.png\",\"contentUrl\":\"https:\/\/annemarieabautret.com\/blog\/wp-content\/uploads\/2021\/07\/LEV-post-93-Francia-y-su-escritura-autores-y-frases-celebres.png\",\"width\":1200,\"height\":630},{\"@type\":\"BreadcrumbList\",\"@id\":\"https:\/\/annemarieabautret.com\/blog\/francia-y-su-escritura-autores-y-frases-celebres\/#breadcrumb\",\"itemListElement\":[{\"@type\":\"ListItem\",\"position\":1,\"name\":\"Home\",\"item\":\"https:\/\/annemarieabautret.com\/blog\/\"},{\"@type\":\"ListItem\",\"position\":2,\"name\":\"Francia y su escritura: autores y frases c\u00e9lebres\"}]},{\"@type\":\"WebSite\",\"@id\":\"https:\/\/annemarieabautret.com\/blog\/#website\",\"url\":\"https:\/\/annemarieabautret.com\/blog\/\",\"name\":\"Anne Marie Abautret\",\"description\":\"\u00a1Conoce el maravilloso mundo franc\u00f3fono con L&#039;encrier vert!\",\"potentialAction\":[{\"@type\":\"SearchAction\",\"target\":{\"@type\":\"EntryPoint\",\"urlTemplate\":\"https:\/\/annemarieabautret.com\/blog\/?s={search_term_string}\"},\"query-input\":{\"@type\":\"PropertyValueSpecification\",\"valueRequired\":true,\"valueName\":\"search_term_string\"}}],\"inLanguage\":\"es-PE\"},{\"@type\":\"Person\",\"@id\":\"https:\/\/annemarieabautret.com\/blog\/#\/schema\/person\/67f969769283a1cac966eb4824469e7b\",\"name\":\"Bloglencriervert\",\"image\":{\"@type\":\"ImageObject\",\"inLanguage\":\"es-PE\",\"@id\":\"https:\/\/annemarieabautret.com\/blog\/#\/schema\/person\/image\/\",\"url\":\"https:\/\/secure.gravatar.com\/avatar\/1b125fe84bb43db37171ca15c37bc658?s=96&d=mm&r=g\",\"contentUrl\":\"https:\/\/secure.gravatar.com\/avatar\/1b125fe84bb43db37171ca15c37bc658?s=96&d=mm&r=g\",\"caption\":\"Bloglencriervert\"},\"url\":\"https:\/\/annemarieabautret.com\/blog\/author\/anneblog\/\"}]}<\/script>\n<!-- \/ Yoast SEO plugin. -->","yoast_head_json":{"title":"Francia y su escritura: autores y frases c\u00e9lebres - Anne Marie Abautret","robots":{"index":"index","follow":"follow","max-snippet":"max-snippet:-1","max-image-preview":"max-image-preview:large","max-video-preview":"max-video-preview:-1"},"canonical":"https:\/\/annemarieabautret.com\/blog\/francia-y-su-escritura-autores-y-frases-celebres\/","og_locale":"es_ES","og_type":"article","og_title":"Francia y su escritura: autores y frases c\u00e9lebres","og_description":"La literatura es una de las artes m\u00e1s bellas del mundo. Pasearse entre palabras descubriendo historias, personajes, escenarios y desenlaces \u00fanicos y especiales, es un deleite para nuestro intelecto. Existen cientos de autores y frases c\u00e9lebres que son testigos de esta enorme fuente de conocimiento y cultura. La lengua gala es reconocida por ser la [&hellip;]","og_url":"https:\/\/annemarieabautret.com\/blog\/francia-y-su-escritura-autores-y-frases-celebres\/","og_site_name":"Anne Marie Abautret","article_published_time":"2021-07-19T17:52:28+00:00","article_modified_time":"2022-06-23T14:24:27+00:00","og_image":[{"width":1200,"height":630,"url":"https:\/\/annemarieabautret.com\/blog\/wp-content\/uploads\/2021\/07\/LEV-post-93-Francia-y-su-escritura-autores-y-frases-celebres.png","type":"image\/png"}],"author":"Bloglencriervert","twitter_card":"summary_large_image","twitter_title":"Francia y su escritura: autores y frases c\u00e9lebres","twitter_image":"https:\/\/annemarieabautret.com\/blog\/wp-content\/uploads\/2021\/07\/LEV-post-93-Francia-y-su-escritura-autores-y-frases-celebres.png","twitter_misc":{"Written by":"Bloglencriervert","Est. reading time":"4 minutos"},"schema":{"@context":"https:\/\/schema.org","@graph":[{"@type":"WebPage","@id":"https:\/\/annemarieabautret.com\/blog\/francia-y-su-escritura-autores-y-frases-celebres\/","url":"https:\/\/annemarieabautret.com\/blog\/francia-y-su-escritura-autores-y-frases-celebres\/","name":"Francia y su escritura: autores y frases c\u00e9lebres - Anne Marie Abautret","isPartOf":{"@id":"https:\/\/annemarieabautret.com\/blog\/#website"},"primaryImageOfPage":{"@id":"https:\/\/annemarieabautret.com\/blog\/francia-y-su-escritura-autores-y-frases-celebres\/#primaryimage"},"image":{"@id":"https:\/\/annemarieabautret.com\/blog\/francia-y-su-escritura-autores-y-frases-celebres\/#primaryimage"},"thumbnailUrl":"https:\/\/annemarieabautret.com\/blog\/wp-content\/uploads\/2021\/07\/LEV-post-93-Francia-y-su-escritura-autores-y-frases-celebres.png","datePublished":"2021-07-19T17:52:28+00:00","dateModified":"2022-06-23T14:24:27+00:00","author":{"@id":"https:\/\/annemarieabautret.com\/blog\/#\/schema\/person\/67f969769283a1cac966eb4824469e7b"},"breadcrumb":{"@id":"https:\/\/annemarieabautret.com\/blog\/francia-y-su-escritura-autores-y-frases-celebres\/#breadcrumb"},"inLanguage":"es-PE","potentialAction":[{"@type":"ReadAction","target":["https:\/\/annemarieabautret.com\/blog\/francia-y-su-escritura-autores-y-frases-celebres\/"]}]},{"@type":"ImageObject","inLanguage":"es-PE","@id":"https:\/\/annemarieabautret.com\/blog\/francia-y-su-escritura-autores-y-frases-celebres\/#primaryimage","url":"https:\/\/annemarieabautret.com\/blog\/wp-content\/uploads\/2021\/07\/LEV-post-93-Francia-y-su-escritura-autores-y-frases-celebres.png","contentUrl":"https:\/\/annemarieabautret.com\/blog\/wp-content\/uploads\/2021\/07\/LEV-post-93-Francia-y-su-escritura-autores-y-frases-celebres.png","width":1200,"height":630},{"@type":"BreadcrumbList","@id":"https:\/\/annemarieabautret.com\/blog\/francia-y-su-escritura-autores-y-frases-celebres\/#breadcrumb","itemListElement":[{"@type":"ListItem","position":1,"name":"Home","item":"https:\/\/annemarieabautret.com\/blog\/"},{"@type":"ListItem","position":2,"name":"Francia y su escritura: autores y frases c\u00e9lebres"}]},{"@type":"WebSite","@id":"https:\/\/annemarieabautret.com\/blog\/#website","url":"https:\/\/annemarieabautret.com\/blog\/","name":"Anne Marie Abautret","description":"\u00a1Conoce el maravilloso mundo franc\u00f3fono con L&#039;encrier vert!","potentialAction":[{"@type":"SearchAction","target":{"@type":"EntryPoint","urlTemplate":"https:\/\/annemarieabautret.com\/blog\/?s={search_term_string}"},"query-input":{"@type":"PropertyValueSpecification","valueRequired":true,"valueName":"search_term_string"}}],"inLanguage":"es-PE"},{"@type":"Person","@id":"https:\/\/annemarieabautret.com\/blog\/#\/schema\/person\/67f969769283a1cac966eb4824469e7b","name":"Bloglencriervert","image":{"@type":"ImageObject","inLanguage":"es-PE","@id":"https:\/\/annemarieabautret.com\/blog\/#\/schema\/person\/image\/","url":"https:\/\/secure.gravatar.com\/avatar\/1b125fe84bb43db37171ca15c37bc658?s=96&d=mm&r=g","contentUrl":"https:\/\/secure.gravatar.com\/avatar\/1b125fe84bb43db37171ca15c37bc658?s=96&d=mm&r=g","caption":"Bloglencriervert"},"url":"https:\/\/annemarieabautret.com\/blog\/author\/anneblog\/"}]}},"amp_enabled":true,"_links":{"self":[{"href":"https:\/\/annemarieabautret.com\/blog\/wp-json\/wp\/v2\/posts\/1532"}],"collection":[{"href":"https:\/\/annemarieabautret.com\/blog\/wp-json\/wp\/v2\/posts"}],"about":[{"href":"https:\/\/annemarieabautret.com\/blog\/wp-json\/wp\/v2\/types\/post"}],"author":[{"embeddable":true,"href":"https:\/\/annemarieabautret.com\/blog\/wp-json\/wp\/v2\/users\/1"}],"replies":[{"embeddable":true,"href":"https:\/\/annemarieabautret.com\/blog\/wp-json\/wp\/v2\/comments?post=1532"}],"version-history":[{"count":12,"href":"https:\/\/annemarieabautret.com\/blog\/wp-json\/wp\/v2\/posts\/1532\/revisions"}],"predecessor-version":[{"id":2947,"href":"https:\/\/annemarieabautret.com\/blog\/wp-json\/wp\/v2\/posts\/1532\/revisions\/2947"}],"wp:featuredmedia":[{"embeddable":true,"href":"https:\/\/annemarieabautret.com\/blog\/wp-json\/wp\/v2\/media\/1542"}],"wp:attachment":[{"href":"https:\/\/annemarieabautret.com\/blog\/wp-json\/wp\/v2\/media?parent=1532"}],"wp:term":[{"taxonomy":"category","embeddable":true,"href":"https:\/\/annemarieabautret.com\/blog\/wp-json\/wp\/v2\/categories?post=1532"},{"taxonomy":"post_tag","embeddable":true,"href":"https:\/\/annemarieabautret.com\/blog\/wp-json\/wp\/v2\/tags?post=1532"}],"curies":[{"name":"wp","href":"https:\/\/api.w.org\/{rel}","templated":true}]}}