{"id":1956,"date":"2021-09-24T13:57:33","date_gmt":"2021-09-24T18:57:33","guid":{"rendered":"http:\/\/annemarieabautret.com\/blog\/?p=1956"},"modified":"2021-09-24T13:57:36","modified_gmt":"2021-09-24T18:57:36","slug":"las-mayusculas-en-frances-usos-y-excepciones","status":"publish","type":"post","link":"https:\/\/annemarieabautret.com\/blog\/las-mayusculas-en-frances-usos-y-excepciones\/","title":{"rendered":"Las may\u00fasculas en franc\u00e9s: usos y excepciones"},"content":{"rendered":"\n<p>El aprendizaje de un nuevo idioma comprende muchos aspectos. Vocabulario, tiempos verbales, estructuras, excepciones, excepciones dentro de las excepciones (s\u00ed, as\u00ed es), entre otros, son tan solo algunos de los temas que debemos revisar, estudiar y aprender para lograr un nivel \u00f3ptimo del idioma. Hoy te traeremos un aspecto poco revisado cuando estamos en las etapas iniciales de una lengua, pero que es sumamente importante para un buen desenvolvimiento en cuanto a la escritura se refiere: las may\u00fasculas en franc\u00e9s. <em>On commence !<\/em>&nbsp;&nbsp;<\/p>\n\n\n\n<figure class=\"wp-block-image size-large\"><img loading=\"lazy\" decoding=\"async\" width=\"1024\" height=\"538\" src=\"https:\/\/annemarieabautret.com\/blog\/wp-content\/uploads\/2021\/09\/1-5-1024x538.png\" alt=\"Las may\u00fasculas en franc\u00e9s: usos y excepciones\" class=\"wp-image-1959\" srcset=\"https:\/\/annemarieabautret.com\/blog\/wp-content\/uploads\/2021\/09\/1-5-1024x538.png 1024w, https:\/\/annemarieabautret.com\/blog\/wp-content\/uploads\/2021\/09\/1-5-300x158.png 300w, https:\/\/annemarieabautret.com\/blog\/wp-content\/uploads\/2021\/09\/1-5-768x403.png 768w, https:\/\/annemarieabautret.com\/blog\/wp-content\/uploads\/2021\/09\/1-5.png 1200w\" sizes=\"(max-width: 1024px) 100vw, 1024px\" \/><figcaption><em>\u00a1Conoce el uso apropiado de las may\u00fasculas en franc\u00e9s con L'encrier vert!<\/em><\/figcaption><\/figure>\n\n\n\n<h2 class=\"wp-block-heading\">Las may\u00fasculas en franc\u00e9s: usos y excepciones<\/h2>\n\n\n\n<p>Son variadas las consideraciones que debes tomar en cuenta al momento de escribir en franc\u00e9s ya que este idioma es muy formal. Es por ello que a continuaci\u00f3n nos dedicaremos a presentar las principales reglas y excepciones sobre el uso de las may\u00fasculas en franc\u00e9s.<\/p>\n\n\n\n<h3 class=\"wp-block-heading\">Al principio de una oraci\u00f3n y despu\u00e9s de un punto<\/h3>\n\n\n\n<ul class=\"wp-block-list\"><li><em>Les plantes, les humains, les animaux vivent.<\/em><\/li><li>Las plantas, los humanos y los animales viven.<\/li><\/ul>\n\n\n\n<p>En un t\u00edtulo o un subt\u00edtulo, solo la primera palabra empieza por may\u00fascula. Por ejemplo, este titular de una noticia del peri\u00f3dico franc\u00e9s <em>Le Monde<\/em>:<\/p>\n\n\n\n<ul class=\"wp-block-list\"><li><em>Covid-19 dans le monde : l\u2019OMS recommande un troisi\u00e8me traitement.<\/em><\/li><li>Covid-19 en el mundo: la OMS recomienda un tercer tratamiento.<\/li><\/ul>\n\n\n\n<p>Tambi\u00e9n despu\u00e9s de dos puntos, solo se usa may\u00fascula si lo que sigue es una cita que es una frase completa.<\/p>\n\n\n\n<h2 class=\"wp-block-heading\"><em><span class=\"has-inline-color has-luminous-vivid-amber-color\">Mira tambi\u00e9n<\/span>: <a href=\"https:\/\/annemarieabautret.com\/blog\/lecturas-para-practicar-frances\/\"><span style=\"color:#1d5c2f\" class=\"has-inline-color\">LECTURAS PARA PRACTICAR FRANC\u00c9S<\/span><\/a><\/em><\/h2>\n\n\n\n<h3 class=\"wp-block-heading\">Para nombres propios, sobrenombres o apodos<\/h3>\n\n\n\n<p>Los nombres y adjetivos utilizados como sobrenombres o apodos empiezan con may\u00fascula:<\/p>\n\n\n\n<ul class=\"wp-block-list\"><li><em>Alexandre le Grand <\/em>\/ Alejandro el Grande.<\/li><li><em>Louis le Pieux <\/em>\/ Luis el Piadoso.<\/li><li><em>Le Rois Soleil<\/em> \/ El Rey Sol.<\/li><\/ul>\n\n\n\n<h3 class=\"wp-block-heading\">Para nombres de t\u00edtulos y funciones, ya sean honor\u00edficos o si se trata de una persona concreta<\/h3>\n\n\n\n<ul class=\"wp-block-list\"><li><em>Sa Majest\u00e9<\/em> \/ Su Majestad.<\/li><li><em>Votre Saintet\u00e9 <\/em>\/ Su Santidad.<\/li><li><em>Le Pr\u00e9sident <\/em>\/ El Presidente (si se trata del presidente de alg\u00fan pa\u00eds).<\/li><\/ul>\n\n\n\n<figure class=\"wp-block-image size-large\"><img loading=\"lazy\" decoding=\"async\" width=\"1024\" height=\"538\" src=\"https:\/\/annemarieabautret.com\/blog\/wp-content\/uploads\/2021\/09\/2-5-1024x538.png\" alt=\"Las may\u00fasculas en franc\u00e9s: usos y excepciones\" class=\"wp-image-1960\" srcset=\"https:\/\/annemarieabautret.com\/blog\/wp-content\/uploads\/2021\/09\/2-5-1024x538.png 1024w, https:\/\/annemarieabautret.com\/blog\/wp-content\/uploads\/2021\/09\/2-5-300x158.png 300w, https:\/\/annemarieabautret.com\/blog\/wp-content\/uploads\/2021\/09\/2-5-768x403.png 768w, https:\/\/annemarieabautret.com\/blog\/wp-content\/uploads\/2021\/09\/2-5.png 1200w\" sizes=\"(max-width: 1024px) 100vw, 1024px\" \/><figcaption><em>Captura de pantalla tomada de <a href=\"https:\/\/www.lemonde.fr\/planete\/article\/2021\/09\/24\/covid-19-dans-le-monde-l-oms-recommande-un-troisieme-traitement-celui-de-regeneron_6095871_3244.html\" target=\"_blank\" rel=\"noreferrer noopener nofollow\">Le Monde<\/a>.<\/em><\/figcaption><\/figure>\n\n\n\n<h3 class=\"wp-block-heading\">Para t\u00edtulos de obras<\/h3>\n\n\n\n<p>Como ya nombramos m\u00e1s arriba, la regla general en franc\u00e9s nos dice que se escribe con may\u00fascula la primera letra de cada t\u00edtulo. Aunque, si el t\u00edtulo comienza por un art\u00edculo definido y no es una oraci\u00f3n, se escriben con may\u00fascula el art\u00edculo, el sustantivo que lo sigue y los adjetivos tras este. Por ejemplo:<\/p>\n\n\n\n<ul class=\"wp-block-list\"><li><em>Le Grand \u00c9cart \/<\/em> La Gran Distancia.<\/li><\/ul>\n\n\n\n<p>Por otro lado, si el t\u00edtulo est\u00e1 compuesto de sintagmas coordinados, es decir, que tienen relaci\u00f3n, se escribe con may\u00fascula cada sustantivo y, cuando est\u00e1n precedidos por un adjetivo, estos tambi\u00e9n se escribir\u00e1n con may\u00fascula. Por ejemplo:\u00a0<\/p>\n\n\n\n<ul class=\"wp-block-list\"><li><em>Le Corbeau et le Renard <\/em>\/ El Cuervo y el Zorro.<\/li><li><em>Le Vieux Homme et la Mer <\/em>\/ El Viejo y el Mar.<\/li><\/ul>\n\n\n\n<h3 class=\"wp-block-heading\">Para adjetivos que acompa\u00f1an nombres geogr\u00e1ficos cuando estos act\u00faan como nombres propios<\/h3>\n\n\n\n<ul class=\"wp-block-list\"><li><em>l\u2019Asie Mineure <\/em>\/ Asia Menor.<\/li><li><em>le Mont Blanc<\/em> \/ Monte Blanco.<\/li><\/ul>\n\n\n\n<h3 class=\"wp-block-heading\">Para nombres de organismos cuando son \u00fanicos y para siglas<\/h3>\n\n\n\n<ul class=\"wp-block-list\"><li><em>l\u2019Acad\u00e9mie fran\u00e7aise \/<\/em> Academia francesa.<\/li><li><em>la Biblioth\u00e8que nationale <\/em>\/ Biblioteca nacional.<\/li><li><em>l\u2019Unesco <\/em>\/ Unesco.<\/li><li><em>l\u2019ONU<\/em> \/ ONU.<\/li><\/ul>\n\n\n\n<figure class=\"wp-block-image size-large\"><img loading=\"lazy\" decoding=\"async\" width=\"1024\" height=\"538\" src=\"https:\/\/annemarieabautret.com\/blog\/wp-content\/uploads\/2021\/09\/3-5-1024x538.png\" alt=\"Las may\u00fasculas en franc\u00e9s: usos y excepciones\" class=\"wp-image-1961\" srcset=\"https:\/\/annemarieabautret.com\/blog\/wp-content\/uploads\/2021\/09\/3-5-1024x538.png 1024w, https:\/\/annemarieabautret.com\/blog\/wp-content\/uploads\/2021\/09\/3-5-300x158.png 300w, https:\/\/annemarieabautret.com\/blog\/wp-content\/uploads\/2021\/09\/3-5-768x403.png 768w, https:\/\/annemarieabautret.com\/blog\/wp-content\/uploads\/2021\/09\/3-5.png 1200w\" sizes=\"(max-width: 1024px) 100vw, 1024px\" \/><figcaption><em>Captura de pantalla tomada de <a href=\"https:\/\/www.academie-francaise.fr\/\" target=\"_blank\" rel=\"noreferrer noopener nofollow\">Acad\u00e9mie fran\u00e7aise<\/a>.<\/em><\/figcaption><\/figure>\n\n\n\n<h3 class=\"wp-block-heading\">Para nombres de pueblos y habitantes<\/h3>\n\n\n\n<ul class=\"wp-block-list\"><li><em>les Fran\u00e7ais <\/em>\/ Franceses (aunque si se trata del idioma, este se escribir\u00e1 en min\u00fascula: <em>le fran\u00e7ais<\/em> \/ el franc\u00e9s).<\/li><li><em>les Celtes<\/em> \/ Celtas.<\/li><\/ul>\n\n\n\n<h3 class=\"wp-block-heading\">Para los puntos cardenales cuando designan una regi\u00f3n<\/h3>\n\n\n\n<ul class=\"wp-block-list\"><li><em>l\u2019Am\u00e9rique du Sud<\/em> \/ Am\u00e9rica del Sur.<\/li><li><em>le P\u00f4le Nord<\/em> \/ Polo Norte.<\/li><\/ul>\n\n\n\n<p>Sin embargo, se escriben con min\u00fascula cuando indican una direcci\u00f3n. Por ejemplo:<\/p>\n\n\n\n<ul class=\"wp-block-list\"><li><em>D'apr\u00e8s la boussole : le nord est par ici, et le sud est par l\u00e0.<\/em><\/li><li>Seg\u00fan la br\u00fajula, el norte est\u00e1 por all\u00ed y el sur hacia all\u00e1.<\/li><\/ul>\n\n\n\n<h3 class=\"wp-block-heading\">Para periodos hist\u00f3ricos y grandes acontecimientos<\/h3>\n\n\n\n<ul class=\"wp-block-list\"><li><em>l\u2019Antiquit\u00e9 <\/em>\/ la Antig\u00fcedad.<\/li><li><em>le Moyen \u00c2ge <\/em>\/ la Edad Media.<\/li><\/ul>\n\n\n\n<p>Debes tener en cuenta que, en las denominaciones de acontecimientos, solo se escribe en may\u00fascula el n\u00facleo de esta. Por ejemplo:<\/p>\n\n\n\n<ul class=\"wp-block-list\"><li><em>la Seconde Guerre mondiale <\/em>\/ la Segunda Guerra mundial.<\/li><\/ul>\n\n\n\n<figure class=\"wp-block-image size-large\"><img loading=\"lazy\" decoding=\"async\" width=\"1024\" height=\"538\" src=\"https:\/\/annemarieabautret.com\/blog\/wp-content\/uploads\/2021\/09\/4-5-1024x538.png\" alt=\"Las may\u00fasculas en franc\u00e9s: usos y excepciones\" class=\"wp-image-1962\" srcset=\"https:\/\/annemarieabautret.com\/blog\/wp-content\/uploads\/2021\/09\/4-5-1024x538.png 1024w, https:\/\/annemarieabautret.com\/blog\/wp-content\/uploads\/2021\/09\/4-5-300x158.png 300w, https:\/\/annemarieabautret.com\/blog\/wp-content\/uploads\/2021\/09\/4-5-768x403.png 768w, https:\/\/annemarieabautret.com\/blog\/wp-content\/uploads\/2021\/09\/4-5.png 1200w\" sizes=\"(max-width: 1024px) 100vw, 1024px\" \/><figcaption><em>Captura de pantalla tomada de <a href=\"https:\/\/lepetitquotidien.playbacpresse.fr\/exposes-detail\/lepq\/lamerique-du-sud\" target=\"_blank\" rel=\"noreferrer noopener nofollow\">le Petit Quotidien<\/a>.<\/em><\/figcaption><\/figure>\n\n\n\n<h3 class=\"wp-block-heading\">Para nombres relacionados con religiones<\/h3>\n\n\n\n<p>Para los nombres relacionados con las religiones, las palabras que hacen referencia a entes religiosos, ya sean dioses, atributos divinos, libros sagrados, etc., estos aparecen en may\u00fascula. En cambio, las religiones y sus adeptos se escriben con min\u00fascula. Por ejemplo:<\/p>\n\n\n\n<ul class=\"wp-block-list\"><li><em>Bible <\/em>\/ Biblia.<\/li><li><em>Ancien Testament <\/em>\/ Antiguo Testamento.<\/li><li><em>\u00c9vangile <\/em>\/ Evangelio.<\/li><li><em>Coran<\/em> \/ Cor\u00e1n.<\/li><\/ul>\n\n\n\n<p>La palabra \u201ciglesia\u201d se escribe con may\u00fascula, siempre y cuando se hable del conjunto de fieles, pero se escribir\u00e1 en min\u00fascula cuando esta designa al edificio. Por ejemplo:<\/p>\n\n\n\n<ul class=\"wp-block-list\"><li><em>L\u2019\u00e9glise Saint-Pierre<\/em> \/ La iglesia San Pierre.<\/li><\/ul>\n\n\n\n<h3 class=\"wp-block-heading\">Para palabras compuestas que llevan gui\u00f3n<\/h3>\n\n\n\n<ul class=\"wp-block-list\"><li><em>Les \u00c9tats-Unis <\/em>\/ Los Estados Unidos.<\/li><li><em>Le Sacr\u00e9-C\u0153ur<\/em> \/ El Sagrado Coraz\u00f3n.<\/li><li><em>La Com\u00e9die-Fran\u00e7aise<\/em> \/ La Comedia Francesa.<\/li><\/ul>\n\n\n\n<h3 class=\"wp-block-heading\">Para expresar cortes\u00eda<\/h3>\n\n\n\n<ul class=\"wp-block-list\"><li><em>Je peux vous aider, Madame ?<\/em><\/li><li>\u00bfPuedo ayudarla, Se\u00f1ora?<\/li><\/ul>\n\n\n\n<figure class=\"wp-block-image size-large\"><a href=\"https:\/\/mailchi.mp\/63a6d94a6b10\/lencrier-vert-newsletter\" target=\"_blank\" rel=\"noopener noreferrer\"><img loading=\"lazy\" decoding=\"async\" width=\"600\" height=\"156\" src=\"https:\/\/annemarieabautret.com\/blog\/wp-content\/uploads\/2021\/07\/Hnet-image.gif\" alt=\"\" class=\"wp-image-1512\"\/><\/a><\/figure>\n\n\n\n<h4 class=\"wp-block-heading\">Si deseas conocer m\u00e1s sobre las may\u00fasculas en franc\u00e9s, as\u00ed como conocer todo sobre nuestros cursos, no te pierdas ninguna de nuestras publicaciones en las redes sociales.&#x1f447;<\/h4>\n\n\n\n<figure class=\"wp-block-image size-large\"><a href=\"https:\/\/www.instagram.com\/francesconlencriervert\/\" target=\"_blank\" rel=\"noopener noreferrer\"><img loading=\"lazy\" decoding=\"async\" width=\"1024\" height=\"269\" src=\"https:\/\/annemarieabautret.com\/blog\/wp-content\/uploads\/2021\/06\/LEV-banner-redes-sociales-posts-1024x269.png\" alt=\"\" class=\"wp-image-1227\" srcset=\"https:\/\/annemarieabautret.com\/blog\/wp-content\/uploads\/2021\/06\/LEV-banner-redes-sociales-posts-1024x269.png 1024w, https:\/\/annemarieabautret.com\/blog\/wp-content\/uploads\/2021\/06\/LEV-banner-redes-sociales-posts-300x79.png 300w, https:\/\/annemarieabautret.com\/blog\/wp-content\/uploads\/2021\/06\/LEV-banner-redes-sociales-posts-768x202.png 768w, https:\/\/annemarieabautret.com\/blog\/wp-content\/uploads\/2021\/06\/LEV-banner-redes-sociales-posts.png 1200w\" sizes=\"(max-width: 1024px) 100vw, 1024px\" \/><\/a><\/figure>\n\n\n\n<figure class=\"wp-block-image size-large\"><a href=\"https:\/\/www.facebook.com\/LencrierVert\" target=\"_blank\" rel=\"noopener noreferrer\"><img loading=\"lazy\" decoding=\"async\" width=\"1024\" height=\"269\" src=\"https:\/\/annemarieabautret.com\/blog\/wp-content\/uploads\/2021\/06\/LEV-banner-redes-sociales-posts-1-1024x269.png\" alt=\"\" class=\"wp-image-1228\" srcset=\"https:\/\/annemarieabautret.com\/blog\/wp-content\/uploads\/2021\/06\/LEV-banner-redes-sociales-posts-1-1024x269.png 1024w, https:\/\/annemarieabautret.com\/blog\/wp-content\/uploads\/2021\/06\/LEV-banner-redes-sociales-posts-1-300x79.png 300w, https:\/\/annemarieabautret.com\/blog\/wp-content\/uploads\/2021\/06\/LEV-banner-redes-sociales-posts-1-768x202.png 768w, https:\/\/annemarieabautret.com\/blog\/wp-content\/uploads\/2021\/06\/LEV-banner-redes-sociales-posts-1.png 1200w\" sizes=\"(max-width: 1024px) 100vw, 1024px\" \/><\/a><\/figure>\n","protected":false},"excerpt":{"rendered":"<p>El aprendizaje de un nuevo idioma comprende muchos aspectos. Vocabulario, tiempos verbales, estructuras, excepciones, excepciones dentro de las excepciones (s\u00ed, as\u00ed es), entre otros, son tan solo algunos de los temas que debemos revisar, estudiar y aprender para lograr un nivel \u00f3ptimo del idioma. Hoy te traeremos un aspecto poco revisado cuando estamos en las [&hellip;]<\/p>\n","protected":false},"author":1,"featured_media":1959,"comment_status":"open","ping_status":"open","sticky":false,"template":"","format":"standard","meta":{"footnotes":""},"categories":[8],"tags":[3,4,10,206,60,341,342,340],"class_list":["post-1956","post","type-post","status-publish","format-standard","has-post-thumbnail","hentry","category-gramatica","tag-frances","tag-frances-2","tag-gramatica","tag-gramatica-francesa","tag-grammaire","tag-mayusculas","tag-minusculas","tag-uso-de-las-mayusculas"],"yoast_head":"<!-- This site is optimized with the Yoast SEO plugin v24.6 - https:\/\/yoast.com\/wordpress\/plugins\/seo\/ -->\n<title>Las may\u00fasculas en franc\u00e9s: usos y excepciones - Anne Marie Abautret<\/title>\n<meta name=\"description\" content=\"Aprender el uso de las may\u00fasculas en franc\u00e9s es sumamente importante para un buen desenvolvimiento en cuanto a la escritura se refiere.\" \/>\n<meta name=\"robots\" content=\"index, follow, max-snippet:-1, max-image-preview:large, max-video-preview:-1\" \/>\n<link rel=\"canonical\" href=\"https:\/\/annemarieabautret.com\/blog\/las-mayusculas-en-frances-usos-y-excepciones\/\" \/>\n<meta property=\"og:locale\" content=\"es_ES\" \/>\n<meta property=\"og:type\" content=\"article\" \/>\n<meta property=\"og:title\" content=\"Las may\u00fasculas en franc\u00e9s: usos y excepciones\" \/>\n<meta property=\"og:description\" content=\"Aprender el uso de las may\u00fasculas en franc\u00e9s es sumamente importante para un buen desenvolvimiento en cuanto a la escritura se refiere.\" \/>\n<meta property=\"og:url\" content=\"https:\/\/annemarieabautret.com\/blog\/las-mayusculas-en-frances-usos-y-excepciones\/\" \/>\n<meta property=\"og:site_name\" content=\"Anne Marie Abautret\" \/>\n<meta property=\"article:published_time\" content=\"2021-09-24T18:57:33+00:00\" \/>\n<meta property=\"article:modified_time\" content=\"2021-09-24T18:57:36+00:00\" \/>\n<meta property=\"og:image\" content=\"https:\/\/annemarieabautret.com\/blog\/wp-content\/uploads\/2021\/09\/1-5.png\" \/>\n\t<meta property=\"og:image:width\" content=\"1200\" \/>\n\t<meta property=\"og:image:height\" content=\"630\" \/>\n\t<meta property=\"og:image:type\" content=\"image\/png\" \/>\n<meta name=\"author\" content=\"Bloglencriervert\" \/>\n<meta name=\"twitter:card\" content=\"summary_large_image\" \/>\n<meta name=\"twitter:title\" content=\"Las may\u00fasculas en franc\u00e9s: usos y excepciones\" \/>\n<meta name=\"twitter:image\" content=\"https:\/\/annemarieabautret.com\/blog\/wp-content\/uploads\/2021\/09\/1-5.png\" \/>\n<meta name=\"twitter:label1\" content=\"Written by\" \/>\n\t<meta name=\"twitter:data1\" content=\"Bloglencriervert\" \/>\n\t<meta name=\"twitter:label2\" content=\"Est. reading time\" \/>\n\t<meta name=\"twitter:data2\" content=\"5 minutos\" \/>\n<script type=\"application\/ld+json\" class=\"yoast-schema-graph\">{\"@context\":\"https:\/\/schema.org\",\"@graph\":[{\"@type\":\"WebPage\",\"@id\":\"https:\/\/annemarieabautret.com\/blog\/las-mayusculas-en-frances-usos-y-excepciones\/\",\"url\":\"https:\/\/annemarieabautret.com\/blog\/las-mayusculas-en-frances-usos-y-excepciones\/\",\"name\":\"Las may\u00fasculas en franc\u00e9s: usos y excepciones - Anne Marie Abautret\",\"isPartOf\":{\"@id\":\"https:\/\/annemarieabautret.com\/blog\/#website\"},\"primaryImageOfPage\":{\"@id\":\"https:\/\/annemarieabautret.com\/blog\/las-mayusculas-en-frances-usos-y-excepciones\/#primaryimage\"},\"image\":{\"@id\":\"https:\/\/annemarieabautret.com\/blog\/las-mayusculas-en-frances-usos-y-excepciones\/#primaryimage\"},\"thumbnailUrl\":\"https:\/\/annemarieabautret.com\/blog\/wp-content\/uploads\/2021\/09\/1-5.png\",\"datePublished\":\"2021-09-24T18:57:33+00:00\",\"dateModified\":\"2021-09-24T18:57:36+00:00\",\"author\":{\"@id\":\"https:\/\/annemarieabautret.com\/blog\/#\/schema\/person\/67f969769283a1cac966eb4824469e7b\"},\"description\":\"Aprender el uso de las may\u00fasculas en franc\u00e9s es sumamente importante para un buen desenvolvimiento en cuanto a la escritura se refiere.\",\"breadcrumb\":{\"@id\":\"https:\/\/annemarieabautret.com\/blog\/las-mayusculas-en-frances-usos-y-excepciones\/#breadcrumb\"},\"inLanguage\":\"es-PE\",\"potentialAction\":[{\"@type\":\"ReadAction\",\"target\":[\"https:\/\/annemarieabautret.com\/blog\/las-mayusculas-en-frances-usos-y-excepciones\/\"]}]},{\"@type\":\"ImageObject\",\"inLanguage\":\"es-PE\",\"@id\":\"https:\/\/annemarieabautret.com\/blog\/las-mayusculas-en-frances-usos-y-excepciones\/#primaryimage\",\"url\":\"https:\/\/annemarieabautret.com\/blog\/wp-content\/uploads\/2021\/09\/1-5.png\",\"contentUrl\":\"https:\/\/annemarieabautret.com\/blog\/wp-content\/uploads\/2021\/09\/1-5.png\",\"width\":1200,\"height\":630},{\"@type\":\"BreadcrumbList\",\"@id\":\"https:\/\/annemarieabautret.com\/blog\/las-mayusculas-en-frances-usos-y-excepciones\/#breadcrumb\",\"itemListElement\":[{\"@type\":\"ListItem\",\"position\":1,\"name\":\"Home\",\"item\":\"https:\/\/annemarieabautret.com\/blog\/\"},{\"@type\":\"ListItem\",\"position\":2,\"name\":\"Las may\u00fasculas en franc\u00e9s: usos y excepciones\"}]},{\"@type\":\"WebSite\",\"@id\":\"https:\/\/annemarieabautret.com\/blog\/#website\",\"url\":\"https:\/\/annemarieabautret.com\/blog\/\",\"name\":\"Anne Marie Abautret\",\"description\":\"\u00a1Conoce el maravilloso mundo franc\u00f3fono con L&#039;encrier vert!\",\"potentialAction\":[{\"@type\":\"SearchAction\",\"target\":{\"@type\":\"EntryPoint\",\"urlTemplate\":\"https:\/\/annemarieabautret.com\/blog\/?s={search_term_string}\"},\"query-input\":{\"@type\":\"PropertyValueSpecification\",\"valueRequired\":true,\"valueName\":\"search_term_string\"}}],\"inLanguage\":\"es-PE\"},{\"@type\":\"Person\",\"@id\":\"https:\/\/annemarieabautret.com\/blog\/#\/schema\/person\/67f969769283a1cac966eb4824469e7b\",\"name\":\"Bloglencriervert\",\"image\":{\"@type\":\"ImageObject\",\"inLanguage\":\"es-PE\",\"@id\":\"https:\/\/annemarieabautret.com\/blog\/#\/schema\/person\/image\/\",\"url\":\"https:\/\/secure.gravatar.com\/avatar\/1b125fe84bb43db37171ca15c37bc658?s=96&d=mm&r=g\",\"contentUrl\":\"https:\/\/secure.gravatar.com\/avatar\/1b125fe84bb43db37171ca15c37bc658?s=96&d=mm&r=g\",\"caption\":\"Bloglencriervert\"},\"url\":\"https:\/\/annemarieabautret.com\/blog\/author\/anneblog\/\"}]}<\/script>\n<!-- \/ Yoast SEO plugin. -->","yoast_head_json":{"title":"Las may\u00fasculas en franc\u00e9s: usos y excepciones - Anne Marie Abautret","description":"Aprender el uso de las may\u00fasculas en franc\u00e9s es sumamente importante para un buen desenvolvimiento en cuanto a la escritura se refiere.","robots":{"index":"index","follow":"follow","max-snippet":"max-snippet:-1","max-image-preview":"max-image-preview:large","max-video-preview":"max-video-preview:-1"},"canonical":"https:\/\/annemarieabautret.com\/blog\/las-mayusculas-en-frances-usos-y-excepciones\/","og_locale":"es_ES","og_type":"article","og_title":"Las may\u00fasculas en franc\u00e9s: usos y excepciones","og_description":"Aprender el uso de las may\u00fasculas en franc\u00e9s es sumamente importante para un buen desenvolvimiento en cuanto a la escritura se refiere.","og_url":"https:\/\/annemarieabautret.com\/blog\/las-mayusculas-en-frances-usos-y-excepciones\/","og_site_name":"Anne Marie Abautret","article_published_time":"2021-09-24T18:57:33+00:00","article_modified_time":"2021-09-24T18:57:36+00:00","og_image":[{"width":1200,"height":630,"url":"https:\/\/annemarieabautret.com\/blog\/wp-content\/uploads\/2021\/09\/1-5.png","type":"image\/png"}],"author":"Bloglencriervert","twitter_card":"summary_large_image","twitter_title":"Las may\u00fasculas en franc\u00e9s: usos y excepciones","twitter_image":"https:\/\/annemarieabautret.com\/blog\/wp-content\/uploads\/2021\/09\/1-5.png","twitter_misc":{"Written by":"Bloglencriervert","Est. reading time":"5 minutos"},"schema":{"@context":"https:\/\/schema.org","@graph":[{"@type":"WebPage","@id":"https:\/\/annemarieabautret.com\/blog\/las-mayusculas-en-frances-usos-y-excepciones\/","url":"https:\/\/annemarieabautret.com\/blog\/las-mayusculas-en-frances-usos-y-excepciones\/","name":"Las may\u00fasculas en franc\u00e9s: usos y excepciones - Anne Marie Abautret","isPartOf":{"@id":"https:\/\/annemarieabautret.com\/blog\/#website"},"primaryImageOfPage":{"@id":"https:\/\/annemarieabautret.com\/blog\/las-mayusculas-en-frances-usos-y-excepciones\/#primaryimage"},"image":{"@id":"https:\/\/annemarieabautret.com\/blog\/las-mayusculas-en-frances-usos-y-excepciones\/#primaryimage"},"thumbnailUrl":"https:\/\/annemarieabautret.com\/blog\/wp-content\/uploads\/2021\/09\/1-5.png","datePublished":"2021-09-24T18:57:33+00:00","dateModified":"2021-09-24T18:57:36+00:00","author":{"@id":"https:\/\/annemarieabautret.com\/blog\/#\/schema\/person\/67f969769283a1cac966eb4824469e7b"},"description":"Aprender el uso de las may\u00fasculas en franc\u00e9s es sumamente importante para un buen desenvolvimiento en cuanto a la escritura se refiere.","breadcrumb":{"@id":"https:\/\/annemarieabautret.com\/blog\/las-mayusculas-en-frances-usos-y-excepciones\/#breadcrumb"},"inLanguage":"es-PE","potentialAction":[{"@type":"ReadAction","target":["https:\/\/annemarieabautret.com\/blog\/las-mayusculas-en-frances-usos-y-excepciones\/"]}]},{"@type":"ImageObject","inLanguage":"es-PE","@id":"https:\/\/annemarieabautret.com\/blog\/las-mayusculas-en-frances-usos-y-excepciones\/#primaryimage","url":"https:\/\/annemarieabautret.com\/blog\/wp-content\/uploads\/2021\/09\/1-5.png","contentUrl":"https:\/\/annemarieabautret.com\/blog\/wp-content\/uploads\/2021\/09\/1-5.png","width":1200,"height":630},{"@type":"BreadcrumbList","@id":"https:\/\/annemarieabautret.com\/blog\/las-mayusculas-en-frances-usos-y-excepciones\/#breadcrumb","itemListElement":[{"@type":"ListItem","position":1,"name":"Home","item":"https:\/\/annemarieabautret.com\/blog\/"},{"@type":"ListItem","position":2,"name":"Las may\u00fasculas en franc\u00e9s: usos y excepciones"}]},{"@type":"WebSite","@id":"https:\/\/annemarieabautret.com\/blog\/#website","url":"https:\/\/annemarieabautret.com\/blog\/","name":"Anne Marie Abautret","description":"\u00a1Conoce el maravilloso mundo franc\u00f3fono con L&#039;encrier vert!","potentialAction":[{"@type":"SearchAction","target":{"@type":"EntryPoint","urlTemplate":"https:\/\/annemarieabautret.com\/blog\/?s={search_term_string}"},"query-input":{"@type":"PropertyValueSpecification","valueRequired":true,"valueName":"search_term_string"}}],"inLanguage":"es-PE"},{"@type":"Person","@id":"https:\/\/annemarieabautret.com\/blog\/#\/schema\/person\/67f969769283a1cac966eb4824469e7b","name":"Bloglencriervert","image":{"@type":"ImageObject","inLanguage":"es-PE","@id":"https:\/\/annemarieabautret.com\/blog\/#\/schema\/person\/image\/","url":"https:\/\/secure.gravatar.com\/avatar\/1b125fe84bb43db37171ca15c37bc658?s=96&d=mm&r=g","contentUrl":"https:\/\/secure.gravatar.com\/avatar\/1b125fe84bb43db37171ca15c37bc658?s=96&d=mm&r=g","caption":"Bloglencriervert"},"url":"https:\/\/annemarieabautret.com\/blog\/author\/anneblog\/"}]}},"amp_enabled":true,"_links":{"self":[{"href":"https:\/\/annemarieabautret.com\/blog\/wp-json\/wp\/v2\/posts\/1956"}],"collection":[{"href":"https:\/\/annemarieabautret.com\/blog\/wp-json\/wp\/v2\/posts"}],"about":[{"href":"https:\/\/annemarieabautret.com\/blog\/wp-json\/wp\/v2\/types\/post"}],"author":[{"embeddable":true,"href":"https:\/\/annemarieabautret.com\/blog\/wp-json\/wp\/v2\/users\/1"}],"replies":[{"embeddable":true,"href":"https:\/\/annemarieabautret.com\/blog\/wp-json\/wp\/v2\/comments?post=1956"}],"version-history":[{"count":9,"href":"https:\/\/annemarieabautret.com\/blog\/wp-json\/wp\/v2\/posts\/1956\/revisions"}],"predecessor-version":[{"id":1969,"href":"https:\/\/annemarieabautret.com\/blog\/wp-json\/wp\/v2\/posts\/1956\/revisions\/1969"}],"wp:featuredmedia":[{"embeddable":true,"href":"https:\/\/annemarieabautret.com\/blog\/wp-json\/wp\/v2\/media\/1959"}],"wp:attachment":[{"href":"https:\/\/annemarieabautret.com\/blog\/wp-json\/wp\/v2\/media?parent=1956"}],"wp:term":[{"taxonomy":"category","embeddable":true,"href":"https:\/\/annemarieabautret.com\/blog\/wp-json\/wp\/v2\/categories?post=1956"},{"taxonomy":"post_tag","embeddable":true,"href":"https:\/\/annemarieabautret.com\/blog\/wp-json\/wp\/v2\/tags?post=1956"}],"curies":[{"name":"wp","href":"https:\/\/api.w.org\/{rel}","templated":true}]}}