{"id":2577,"date":"2022-01-30T12:15:55","date_gmt":"2022-01-30T17:15:55","guid":{"rendered":"http:\/\/annemarieabautret.com\/blog\/?p=2577"},"modified":"2022-01-30T12:15:58","modified_gmt":"2022-01-30T17:15:58","slug":"la-galette-bretonne-gastronomia-francesa","status":"publish","type":"post","link":"https:\/\/annemarieabautret.com\/blog\/la-galette-bretonne-gastronomia-francesa\/","title":{"rendered":"La Galette Bretonne: gastronom\u00eda francesa"},"content":{"rendered":"\n<p>Las comidas y las recetas provenientes de Francia siempre resaltan por su gran sabor y exquisitez. De norte a sur, de este a oeste, en la naci\u00f3n gala cualquier rinc\u00f3n merece la pena. Su diversidad cultural y gastron\u00f3mica es uno de los grandes atractivos del pa\u00eds europeo. Hoy hablaremos sobre una de esas tantas opciones que nos regala la magn\u00edfica cocina francesa: la Galette Bretonne. \u00a1Sigue leyendo!<\/p>\n\n\n\n<figure class=\"wp-block-image size-large\"><img loading=\"lazy\" decoding=\"async\" width=\"1024\" height=\"538\" src=\"https:\/\/annemarieabautret.com\/blog\/wp-content\/uploads\/2022\/01\/1-6-1024x538.png\" alt=\"La Galette Bretonne: gastronom\u00eda francesa\" class=\"wp-image-2579\" srcset=\"https:\/\/annemarieabautret.com\/blog\/wp-content\/uploads\/2022\/01\/1-6-1024x538.png 1024w, https:\/\/annemarieabautret.com\/blog\/wp-content\/uploads\/2022\/01\/1-6-300x158.png 300w, https:\/\/annemarieabautret.com\/blog\/wp-content\/uploads\/2022\/01\/1-6-768x403.png 768w, https:\/\/annemarieabautret.com\/blog\/wp-content\/uploads\/2022\/01\/1-6.png 1200w\" sizes=\"(max-width: 1024px) 100vw, 1024px\" \/><\/figure>\n\n\n\n<h2 class=\"wp-block-heading\">\u00bfQu\u00e9 es la Galette Bretonne?<\/h2>\n\n\n\n<p>La <em>Galette Bretonne<\/em> es una crepe salada que se caracteriza porque no se prepara con harina de trigo regular, sino con harina de trigo sarraceno o alforf\u00f3n, tambi\u00e9n conocido como trigo negro. El trigo sarraceno es un pseudocereal con un intenso y particular sabor herb\u00e1ceo que va muy bien con acompa\u00f1amientos salados.<\/p>\n\n\n\n<h2 class=\"wp-block-heading\">La Galette Bretonne: un poco de historia<\/h2>\n\n\n\n<p>La galette tiene su orig\u200ben en las famosas crepes. Si bien estas \u00faltimas son una especialidad gastron\u00f3mica\u200b compartida en toda Francia, las galettes son originarias de la regi\u00f3n de Breta\u00f1a, al noroeste del pa\u00eds. Hay datos de que ya en la Antigua Roma sus habitantes com\u00edan crepes para celebrar la llegada de la primavera y tambi\u00e9n de la cosecha que estaba por llegar.<\/p>\n\n\n\n<figure class=\"wp-block-image size-large\"><img loading=\"lazy\" decoding=\"async\" width=\"1024\" height=\"538\" src=\"https:\/\/annemarieabautret.com\/blog\/wp-content\/uploads\/2022\/01\/2-6-1024x538.png\" alt=\"La Galette Bretonne: gastronom\u00eda francesa\" class=\"wp-image-2580\" srcset=\"https:\/\/annemarieabautret.com\/blog\/wp-content\/uploads\/2022\/01\/2-6-1024x538.png 1024w, https:\/\/annemarieabautret.com\/blog\/wp-content\/uploads\/2022\/01\/2-6-300x158.png 300w, https:\/\/annemarieabautret.com\/blog\/wp-content\/uploads\/2022\/01\/2-6-768x403.png 768w, https:\/\/annemarieabautret.com\/blog\/wp-content\/uploads\/2022\/01\/2-6.png 1200w\" sizes=\"(max-width: 1024px) 100vw, 1024px\" \/><\/figure>\n\n\n\n<p>Muchos siglos despu\u00e9s, la receta tradicional fue evolucionando, y se a\u00f1adieron nuevos componentes como la harina de trigo sarraceno, la cual es el principal ingrediente de las galettes.<\/p>\n\n\n\n<p>Sin embargo, no surgir\u00eda la primera receta de crepes sino hasta finales del siglo XIV, inspirada en la tradici\u00f3n bretona. Y es que en este territorio se trataba de un alimento de primera necesidad, tal como se consideraba al pan. Con el paso del tiempo, la galette bretonne fue rellen\u00e1ndose con todo tipo de ingredientes, tanto dulces como salados. La variedad es enorme, pero una de las galettes m\u00e1s populares es la que est\u00e1 rellena de queso, jam\u00f3n y un huevo frito.<\/p>\n\n\n\n<h2 class=\"wp-block-heading\">Curiosidades sobre la Galette Bretonne<\/h2>\n\n\n\n<p>Durante muchos siglos, la galette fue el principal alimento de los bretones. El trigo sarraceno crec\u00eda sin ning\u00fan inconveniente, incluso en tierras no tan f\u00e9rtiles. De hecho, lleg\u00f3 a conocerse el \u201ccereal del pobre\u201d porque se convirti\u00f3 en el sustento de los m\u00e1s necesitados.<\/p>\n\n\n\n<figure class=\"wp-block-image size-large\"><img loading=\"lazy\" decoding=\"async\" width=\"1024\" height=\"538\" src=\"https:\/\/annemarieabautret.com\/blog\/wp-content\/uploads\/2022\/01\/3-6-1024x538.png\" alt=\"La Galette Bretonne: gastronom\u00eda francesa\" class=\"wp-image-2581\" srcset=\"https:\/\/annemarieabautret.com\/blog\/wp-content\/uploads\/2022\/01\/3-6-1024x538.png 1024w, https:\/\/annemarieabautret.com\/blog\/wp-content\/uploads\/2022\/01\/3-6-300x158.png 300w, https:\/\/annemarieabautret.com\/blog\/wp-content\/uploads\/2022\/01\/3-6-768x403.png 768w, https:\/\/annemarieabautret.com\/blog\/wp-content\/uploads\/2022\/01\/3-6.png 1200w\" sizes=\"(max-width: 1024px) 100vw, 1024px\" \/><\/figure>\n\n\n\n<h2 class=\"wp-block-heading\"><em><span class=\"has-inline-color has-luminous-vivid-amber-color\">Mira tambi\u00e9n<\/span>: <a href=\"https:\/\/annemarieabautret.com\/blog\/gastronomia-de-francia-las-crepes-francesas\/\"><span style=\"color:#1d5c2f\" class=\"has-inline-color\">GASTRONOM\u00cdA DE FRANCIA: LAS CREPES FRANCESAS<\/span><\/a><\/em><\/h2>\n\n\n\n<h2 class=\"wp-block-heading\">La Galette Bretonne: receta<\/h2>\n\n\n\n<p>La&nbsp;receta de la galette&nbsp;bretonne es muy similar a la de la crepe com\u00fan. Eso s\u00ed, mientras la segunda se hace con harina de trigo, para preparar una galette debemos sustituir la harina de trigo regular por harina de trigo sarraceno. He all\u00ed la diferencia en el sabor.<\/p>\n\n\n\n<h3 class=\"wp-block-heading\">Ingredientes<\/h3>\n\n\n\n<ul class=\"wp-block-list\"><li>250 gr de harina de trigo sarraceno.<\/li><li>Una pizca de sal.<\/li><li>1 huevo.<\/li><li>500 ml de agua.<\/li><li>1 cucharada de aceite de oliva.<\/li><\/ul>\n\n\n\n<figure class=\"wp-block-image size-large\"><img loading=\"lazy\" decoding=\"async\" width=\"1024\" height=\"538\" src=\"https:\/\/annemarieabautret.com\/blog\/wp-content\/uploads\/2022\/01\/4-6-1024x538.png\" alt=\"\" class=\"wp-image-2582\" srcset=\"https:\/\/annemarieabautret.com\/blog\/wp-content\/uploads\/2022\/01\/4-6-1024x538.png 1024w, https:\/\/annemarieabautret.com\/blog\/wp-content\/uploads\/2022\/01\/4-6-300x158.png 300w, https:\/\/annemarieabautret.com\/blog\/wp-content\/uploads\/2022\/01\/4-6-768x403.png 768w, https:\/\/annemarieabautret.com\/blog\/wp-content\/uploads\/2022\/01\/4-6.png 1200w\" sizes=\"(max-width: 1024px) 100vw, 1024px\" \/><\/figure>\n\n\n\n<h3 class=\"wp-block-heading\">Preparaci\u00f3n<\/h3>\n\n\n\n<ol class=\"wp-block-list\" type=\"1\"><li>Mezcla la harina, la sal, el aceite y el huevo con un poco de agua hasta conseguir una masa espesa y consistente. Luego, a\u00f1ade el agua que queda y bate bien. Aseg\u00farate de que no queden grumos. Deja reposar la mezcla durante al menos una hora.<\/li><li>Despu\u00e9s, agrega un poco de mantequilla a la sart\u00e9n y, cuando esta est\u00e9 caliente, agrega la mezcla. Cuando est\u00e9 hecho por un lado, volt\u00e9ala con una esp\u00e1tula para que se haga el otro lado.<\/li><li>Lo siguiente es a\u00f1adir el relleno. A\u00f1ade el queso, una rebanada de jam\u00f3n y rompe un huevo sobre la galette. Para finalizar, dobla los extremos hasta obtener una forma cuadrada. Una vez terminado este proceso, \u00a1la galette est\u00e1 lista para servir!<\/li><\/ol>\n\n\n\n<h4 class=\"wp-block-heading\">Si deseas conocer m\u00e1s recetas de la gastronom\u00eda francesa, as\u00ed como sobre nuestros cursos, no te pierdas ninguna de nuestras publicaciones en las redes sociales. &#x1f447;<\/h4>\n\n\n\n<figure class=\"wp-block-image size-large\"><a href=\"https:\/\/www.instagram.com\/francesconlencriervert\/\" target=\"_blank\" rel=\"noopener noreferrer\"><img loading=\"lazy\" decoding=\"async\" width=\"1024\" height=\"269\" src=\"https:\/\/annemarieabautret.com\/blog\/wp-content\/uploads\/2021\/06\/LEV-banner-redes-sociales-posts-1024x269.png\" alt=\"\" class=\"wp-image-1227\" srcset=\"https:\/\/annemarieabautret.com\/blog\/wp-content\/uploads\/2021\/06\/LEV-banner-redes-sociales-posts-1024x269.png 1024w, https:\/\/annemarieabautret.com\/blog\/wp-content\/uploads\/2021\/06\/LEV-banner-redes-sociales-posts-300x79.png 300w, https:\/\/annemarieabautret.com\/blog\/wp-content\/uploads\/2021\/06\/LEV-banner-redes-sociales-posts-768x202.png 768w, https:\/\/annemarieabautret.com\/blog\/wp-content\/uploads\/2021\/06\/LEV-banner-redes-sociales-posts.png 1200w\" sizes=\"(max-width: 1024px) 100vw, 1024px\" \/><\/a><\/figure>\n\n\n\n<figure class=\"wp-block-image size-large\"><a href=\"https:\/\/www.facebook.com\/LencrierVert\" target=\"_blank\" rel=\"noopener noreferrer\"><img loading=\"lazy\" decoding=\"async\" width=\"1024\" height=\"269\" src=\"https:\/\/annemarieabautret.com\/blog\/wp-content\/uploads\/2021\/06\/LEV-banner-redes-sociales-posts-1-1024x269.png\" alt=\"\" class=\"wp-image-1228\" srcset=\"https:\/\/annemarieabautret.com\/blog\/wp-content\/uploads\/2021\/06\/LEV-banner-redes-sociales-posts-1-1024x269.png 1024w, https:\/\/annemarieabautret.com\/blog\/wp-content\/uploads\/2021\/06\/LEV-banner-redes-sociales-posts-1-300x79.png 300w, https:\/\/annemarieabautret.com\/blog\/wp-content\/uploads\/2021\/06\/LEV-banner-redes-sociales-posts-1-768x202.png 768w, https:\/\/annemarieabautret.com\/blog\/wp-content\/uploads\/2021\/06\/LEV-banner-redes-sociales-posts-1.png 1200w\" sizes=\"(max-width: 1024px) 100vw, 1024px\" \/><\/a><\/figure>\n","protected":false},"excerpt":{"rendered":"<p>Las comidas y las recetas provenientes de Francia siempre resaltan por su gran sabor y exquisitez. De norte a sur, de este a oeste, en la naci\u00f3n gala cualquier rinc\u00f3n merece la pena. Su diversidad cultural y gastron\u00f3mica es uno de los grandes atractivos del pa\u00eds europeo. Hoy hablaremos sobre una de esas tantas opciones [&hellip;]<\/p>\n","protected":false},"author":1,"featured_media":2579,"comment_status":"open","ping_status":"open","sticky":false,"template":"","format":"standard","meta":{"footnotes":""},"categories":[7],"tags":[121,265,419,232,122,42,43,24,3,23,421,94,95,91,90],"class_list":["post-2577","post","type-post","status-publish","format-standard","has-post-thumbnail","hentry","category-curiosidades","tag-comida","tag-comida-francesa","tag-crepe","tag-crepes","tag-cuisine","tag-cultura","tag-cultura-francesa","tag-curiosidades","tag-frances","tag-francia","tag-galette-bretonne","tag-gastronomia","tag-gastronomia-francesa","tag-receta","tag-recetas"],"yoast_head":"<!-- This site is optimized with the Yoast SEO plugin v24.6 - https:\/\/yoast.com\/wordpress\/plugins\/seo\/ -->\n<title>La Galette Bretonne: gastronom\u00eda francesa - Anne Marie Abautret<\/title>\n<meta name=\"robots\" content=\"index, follow, max-snippet:-1, max-image-preview:large, max-video-preview:-1\" \/>\n<link rel=\"canonical\" href=\"https:\/\/annemarieabautret.com\/blog\/la-galette-bretonne-gastronomia-francesa\/\" \/>\n<meta property=\"og:locale\" content=\"es_ES\" \/>\n<meta property=\"og:type\" content=\"article\" \/>\n<meta property=\"og:title\" content=\"La Galette Bretonne: gastronom\u00eda francesa\" \/>\n<meta property=\"og:description\" content=\"Las comidas y las recetas provenientes de Francia siempre resaltan por su gran sabor y exquisitez. De norte a sur, de este a oeste, en la naci\u00f3n gala cualquier rinc\u00f3n merece la pena. Su diversidad cultural y gastron\u00f3mica es uno de los grandes atractivos del pa\u00eds europeo. Hoy hablaremos sobre una de esas tantas opciones [&hellip;]\" \/>\n<meta property=\"og:url\" content=\"https:\/\/annemarieabautret.com\/blog\/la-galette-bretonne-gastronomia-francesa\/\" \/>\n<meta property=\"og:site_name\" content=\"Anne Marie Abautret\" \/>\n<meta property=\"article:published_time\" content=\"2022-01-30T17:15:55+00:00\" \/>\n<meta property=\"article:modified_time\" content=\"2022-01-30T17:15:58+00:00\" \/>\n<meta property=\"og:image\" content=\"https:\/\/annemarieabautret.com\/blog\/wp-content\/uploads\/2022\/01\/1-6.png\" \/>\n\t<meta property=\"og:image:width\" content=\"1200\" \/>\n\t<meta property=\"og:image:height\" content=\"630\" \/>\n\t<meta property=\"og:image:type\" content=\"image\/png\" \/>\n<meta name=\"author\" content=\"Bloglencriervert\" \/>\n<meta name=\"twitter:card\" content=\"summary_large_image\" \/>\n<meta name=\"twitter:title\" content=\"La Galette Bretonne: gastronom\u00eda francesa\" \/>\n<meta name=\"twitter:image\" content=\"https:\/\/annemarieabautret.com\/blog\/wp-content\/uploads\/2022\/01\/1-6.png\" \/>\n<meta name=\"twitter:label1\" content=\"Written by\" \/>\n\t<meta name=\"twitter:data1\" content=\"Bloglencriervert\" \/>\n\t<meta name=\"twitter:label2\" content=\"Est. reading time\" \/>\n\t<meta name=\"twitter:data2\" content=\"4 minutos\" \/>\n<script type=\"application\/ld+json\" class=\"yoast-schema-graph\">{\"@context\":\"https:\/\/schema.org\",\"@graph\":[{\"@type\":\"WebPage\",\"@id\":\"https:\/\/annemarieabautret.com\/blog\/la-galette-bretonne-gastronomia-francesa\/\",\"url\":\"https:\/\/annemarieabautret.com\/blog\/la-galette-bretonne-gastronomia-francesa\/\",\"name\":\"La Galette Bretonne: gastronom\u00eda francesa - Anne Marie Abautret\",\"isPartOf\":{\"@id\":\"https:\/\/annemarieabautret.com\/blog\/#website\"},\"primaryImageOfPage\":{\"@id\":\"https:\/\/annemarieabautret.com\/blog\/la-galette-bretonne-gastronomia-francesa\/#primaryimage\"},\"image\":{\"@id\":\"https:\/\/annemarieabautret.com\/blog\/la-galette-bretonne-gastronomia-francesa\/#primaryimage\"},\"thumbnailUrl\":\"https:\/\/annemarieabautret.com\/blog\/wp-content\/uploads\/2022\/01\/1-6.png\",\"datePublished\":\"2022-01-30T17:15:55+00:00\",\"dateModified\":\"2022-01-30T17:15:58+00:00\",\"author\":{\"@id\":\"https:\/\/annemarieabautret.com\/blog\/#\/schema\/person\/67f969769283a1cac966eb4824469e7b\"},\"breadcrumb\":{\"@id\":\"https:\/\/annemarieabautret.com\/blog\/la-galette-bretonne-gastronomia-francesa\/#breadcrumb\"},\"inLanguage\":\"es-PE\",\"potentialAction\":[{\"@type\":\"ReadAction\",\"target\":[\"https:\/\/annemarieabautret.com\/blog\/la-galette-bretonne-gastronomia-francesa\/\"]}]},{\"@type\":\"ImageObject\",\"inLanguage\":\"es-PE\",\"@id\":\"https:\/\/annemarieabautret.com\/blog\/la-galette-bretonne-gastronomia-francesa\/#primaryimage\",\"url\":\"https:\/\/annemarieabautret.com\/blog\/wp-content\/uploads\/2022\/01\/1-6.png\",\"contentUrl\":\"https:\/\/annemarieabautret.com\/blog\/wp-content\/uploads\/2022\/01\/1-6.png\",\"width\":1200,\"height\":630},{\"@type\":\"BreadcrumbList\",\"@id\":\"https:\/\/annemarieabautret.com\/blog\/la-galette-bretonne-gastronomia-francesa\/#breadcrumb\",\"itemListElement\":[{\"@type\":\"ListItem\",\"position\":1,\"name\":\"Home\",\"item\":\"https:\/\/annemarieabautret.com\/blog\/\"},{\"@type\":\"ListItem\",\"position\":2,\"name\":\"La Galette Bretonne: gastronom\u00eda francesa\"}]},{\"@type\":\"WebSite\",\"@id\":\"https:\/\/annemarieabautret.com\/blog\/#website\",\"url\":\"https:\/\/annemarieabautret.com\/blog\/\",\"name\":\"Anne Marie Abautret\",\"description\":\"\u00a1Conoce el maravilloso mundo franc\u00f3fono con L&#039;encrier vert!\",\"potentialAction\":[{\"@type\":\"SearchAction\",\"target\":{\"@type\":\"EntryPoint\",\"urlTemplate\":\"https:\/\/annemarieabautret.com\/blog\/?s={search_term_string}\"},\"query-input\":{\"@type\":\"PropertyValueSpecification\",\"valueRequired\":true,\"valueName\":\"search_term_string\"}}],\"inLanguage\":\"es-PE\"},{\"@type\":\"Person\",\"@id\":\"https:\/\/annemarieabautret.com\/blog\/#\/schema\/person\/67f969769283a1cac966eb4824469e7b\",\"name\":\"Bloglencriervert\",\"image\":{\"@type\":\"ImageObject\",\"inLanguage\":\"es-PE\",\"@id\":\"https:\/\/annemarieabautret.com\/blog\/#\/schema\/person\/image\/\",\"url\":\"https:\/\/secure.gravatar.com\/avatar\/1b125fe84bb43db37171ca15c37bc658?s=96&d=mm&r=g\",\"contentUrl\":\"https:\/\/secure.gravatar.com\/avatar\/1b125fe84bb43db37171ca15c37bc658?s=96&d=mm&r=g\",\"caption\":\"Bloglencriervert\"},\"url\":\"https:\/\/annemarieabautret.com\/blog\/author\/anneblog\/\"}]}<\/script>\n<!-- \/ Yoast SEO plugin. -->","yoast_head_json":{"title":"La Galette Bretonne: gastronom\u00eda francesa - Anne Marie Abautret","robots":{"index":"index","follow":"follow","max-snippet":"max-snippet:-1","max-image-preview":"max-image-preview:large","max-video-preview":"max-video-preview:-1"},"canonical":"https:\/\/annemarieabautret.com\/blog\/la-galette-bretonne-gastronomia-francesa\/","og_locale":"es_ES","og_type":"article","og_title":"La Galette Bretonne: gastronom\u00eda francesa","og_description":"Las comidas y las recetas provenientes de Francia siempre resaltan por su gran sabor y exquisitez. De norte a sur, de este a oeste, en la naci\u00f3n gala cualquier rinc\u00f3n merece la pena. Su diversidad cultural y gastron\u00f3mica es uno de los grandes atractivos del pa\u00eds europeo. Hoy hablaremos sobre una de esas tantas opciones [&hellip;]","og_url":"https:\/\/annemarieabautret.com\/blog\/la-galette-bretonne-gastronomia-francesa\/","og_site_name":"Anne Marie Abautret","article_published_time":"2022-01-30T17:15:55+00:00","article_modified_time":"2022-01-30T17:15:58+00:00","og_image":[{"width":1200,"height":630,"url":"https:\/\/annemarieabautret.com\/blog\/wp-content\/uploads\/2022\/01\/1-6.png","type":"image\/png"}],"author":"Bloglencriervert","twitter_card":"summary_large_image","twitter_title":"La Galette Bretonne: gastronom\u00eda francesa","twitter_image":"https:\/\/annemarieabautret.com\/blog\/wp-content\/uploads\/2022\/01\/1-6.png","twitter_misc":{"Written by":"Bloglencriervert","Est. reading time":"4 minutos"},"schema":{"@context":"https:\/\/schema.org","@graph":[{"@type":"WebPage","@id":"https:\/\/annemarieabautret.com\/blog\/la-galette-bretonne-gastronomia-francesa\/","url":"https:\/\/annemarieabautret.com\/blog\/la-galette-bretonne-gastronomia-francesa\/","name":"La Galette Bretonne: gastronom\u00eda francesa - Anne Marie Abautret","isPartOf":{"@id":"https:\/\/annemarieabautret.com\/blog\/#website"},"primaryImageOfPage":{"@id":"https:\/\/annemarieabautret.com\/blog\/la-galette-bretonne-gastronomia-francesa\/#primaryimage"},"image":{"@id":"https:\/\/annemarieabautret.com\/blog\/la-galette-bretonne-gastronomia-francesa\/#primaryimage"},"thumbnailUrl":"https:\/\/annemarieabautret.com\/blog\/wp-content\/uploads\/2022\/01\/1-6.png","datePublished":"2022-01-30T17:15:55+00:00","dateModified":"2022-01-30T17:15:58+00:00","author":{"@id":"https:\/\/annemarieabautret.com\/blog\/#\/schema\/person\/67f969769283a1cac966eb4824469e7b"},"breadcrumb":{"@id":"https:\/\/annemarieabautret.com\/blog\/la-galette-bretonne-gastronomia-francesa\/#breadcrumb"},"inLanguage":"es-PE","potentialAction":[{"@type":"ReadAction","target":["https:\/\/annemarieabautret.com\/blog\/la-galette-bretonne-gastronomia-francesa\/"]}]},{"@type":"ImageObject","inLanguage":"es-PE","@id":"https:\/\/annemarieabautret.com\/blog\/la-galette-bretonne-gastronomia-francesa\/#primaryimage","url":"https:\/\/annemarieabautret.com\/blog\/wp-content\/uploads\/2022\/01\/1-6.png","contentUrl":"https:\/\/annemarieabautret.com\/blog\/wp-content\/uploads\/2022\/01\/1-6.png","width":1200,"height":630},{"@type":"BreadcrumbList","@id":"https:\/\/annemarieabautret.com\/blog\/la-galette-bretonne-gastronomia-francesa\/#breadcrumb","itemListElement":[{"@type":"ListItem","position":1,"name":"Home","item":"https:\/\/annemarieabautret.com\/blog\/"},{"@type":"ListItem","position":2,"name":"La Galette Bretonne: gastronom\u00eda francesa"}]},{"@type":"WebSite","@id":"https:\/\/annemarieabautret.com\/blog\/#website","url":"https:\/\/annemarieabautret.com\/blog\/","name":"Anne Marie Abautret","description":"\u00a1Conoce el maravilloso mundo franc\u00f3fono con L&#039;encrier vert!","potentialAction":[{"@type":"SearchAction","target":{"@type":"EntryPoint","urlTemplate":"https:\/\/annemarieabautret.com\/blog\/?s={search_term_string}"},"query-input":{"@type":"PropertyValueSpecification","valueRequired":true,"valueName":"search_term_string"}}],"inLanguage":"es-PE"},{"@type":"Person","@id":"https:\/\/annemarieabautret.com\/blog\/#\/schema\/person\/67f969769283a1cac966eb4824469e7b","name":"Bloglencriervert","image":{"@type":"ImageObject","inLanguage":"es-PE","@id":"https:\/\/annemarieabautret.com\/blog\/#\/schema\/person\/image\/","url":"https:\/\/secure.gravatar.com\/avatar\/1b125fe84bb43db37171ca15c37bc658?s=96&d=mm&r=g","contentUrl":"https:\/\/secure.gravatar.com\/avatar\/1b125fe84bb43db37171ca15c37bc658?s=96&d=mm&r=g","caption":"Bloglencriervert"},"url":"https:\/\/annemarieabautret.com\/blog\/author\/anneblog\/"}]}},"amp_enabled":true,"_links":{"self":[{"href":"https:\/\/annemarieabautret.com\/blog\/wp-json\/wp\/v2\/posts\/2577"}],"collection":[{"href":"https:\/\/annemarieabautret.com\/blog\/wp-json\/wp\/v2\/posts"}],"about":[{"href":"https:\/\/annemarieabautret.com\/blog\/wp-json\/wp\/v2\/types\/post"}],"author":[{"embeddable":true,"href":"https:\/\/annemarieabautret.com\/blog\/wp-json\/wp\/v2\/users\/1"}],"replies":[{"embeddable":true,"href":"https:\/\/annemarieabautret.com\/blog\/wp-json\/wp\/v2\/comments?post=2577"}],"version-history":[{"count":7,"href":"https:\/\/annemarieabautret.com\/blog\/wp-json\/wp\/v2\/posts\/2577\/revisions"}],"predecessor-version":[{"id":2588,"href":"https:\/\/annemarieabautret.com\/blog\/wp-json\/wp\/v2\/posts\/2577\/revisions\/2588"}],"wp:featuredmedia":[{"embeddable":true,"href":"https:\/\/annemarieabautret.com\/blog\/wp-json\/wp\/v2\/media\/2579"}],"wp:attachment":[{"href":"https:\/\/annemarieabautret.com\/blog\/wp-json\/wp\/v2\/media?parent=2577"}],"wp:term":[{"taxonomy":"category","embeddable":true,"href":"https:\/\/annemarieabautret.com\/blog\/wp-json\/wp\/v2\/categories?post=2577"},{"taxonomy":"post_tag","embeddable":true,"href":"https:\/\/annemarieabautret.com\/blog\/wp-json\/wp\/v2\/tags?post=2577"}],"curies":[{"name":"wp","href":"https:\/\/api.w.org\/{rel}","templated":true}]}}