{"id":3098,"date":"2022-06-16T11:42:20","date_gmt":"2022-06-16T16:42:20","guid":{"rendered":"https:\/\/annemarieabautret.com\/blog\/?p=3098"},"modified":"2022-06-16T11:42:22","modified_gmt":"2022-06-16T16:42:22","slug":"inventos-franceses-que-cambiaron-el-mundo","status":"publish","type":"post","link":"https:\/\/annemarieabautret.com\/blog\/inventos-franceses-que-cambiaron-el-mundo\/","title":{"rendered":"Inventos franceses que cambiaron el mundo"},"content":{"rendered":"\n<p>Francia siempre se ha caracterizado por ser un pa\u00eds sumamente influyente en la historia del mundo. Desde los escritos de Victor Hugo o Simone de Beauvoir, hasta eventos trascendentales como la Revoluci\u00f3n Francesa, pasando por monumentos reconocidos como la torre Eiffel o el Palacio de Versalles, sin nombrar la relevancia de su rica gastronom\u00eda, la naci\u00f3n gala siempre ha estado presente en el desarrollo de la humanidad. Conozcamos ahora algunos de los inventos franceses que cambiaron el mundo y que probablemente desconoc\u00edas. \u00a1Vamos all\u00e1!<\/p>\n\n\n\n<figure class=\"wp-block-image size-large is-style-default\"><img loading=\"lazy\" decoding=\"async\" width=\"1024\" height=\"538\" src=\"https:\/\/annemarieabautret.com\/blog\/wp-content\/uploads\/2022\/06\/1-4-1024x538.png\" alt=\"Inventos franceses que cambiaron el mundo \" class=\"wp-image-3099\" srcset=\"https:\/\/annemarieabautret.com\/blog\/wp-content\/uploads\/2022\/06\/1-4-1024x538.png 1024w, https:\/\/annemarieabautret.com\/blog\/wp-content\/uploads\/2022\/06\/1-4-300x158.png 300w, https:\/\/annemarieabautret.com\/blog\/wp-content\/uploads\/2022\/06\/1-4-768x403.png 768w, https:\/\/annemarieabautret.com\/blog\/wp-content\/uploads\/2022\/06\/1-4.png 1200w\" sizes=\"(max-width: 1024px) 100vw, 1024px\" \/><figcaption><em>\u00a1Descubre algunos de los inventos franceses que cambiaron el mundo con <strong>L'encrier vert<\/strong>!<\/em><\/figcaption><\/figure>\n\n\n\n<h2 class=\"wp-block-heading\">El globo aerost\u00e1tico<\/h2>\n\n\n\n<p>El primer globo aerost\u00e1tico o globo de aire caliente exitoso fue fabricado por Joseph y Jacques Etienne Montgolfier, dos hermanos franceses de Vidalon-les-Annonay, cerca de Lyon. Su primer globo fue lanzado en diciembre de 1782 y se elev\u00f3 a 300 m. de altura. El globo Montgolfi\u00e9re estaba hecho de papel y usaba el aire caliente que desped\u00eda al quemar lana y paja h\u00fameda.<\/p>\n\n\n\n<figure class=\"wp-block-image size-large is-style-default\"><img loading=\"lazy\" decoding=\"async\" width=\"1024\" height=\"538\" src=\"https:\/\/annemarieabautret.com\/blog\/wp-content\/uploads\/2022\/06\/2-4-1024x538.png\" alt=\"Inventos franceses que cambiaron el mundo \" class=\"wp-image-3100\" srcset=\"https:\/\/annemarieabautret.com\/blog\/wp-content\/uploads\/2022\/06\/2-4-1024x538.png 1024w, https:\/\/annemarieabautret.com\/blog\/wp-content\/uploads\/2022\/06\/2-4-300x158.png 300w, https:\/\/annemarieabautret.com\/blog\/wp-content\/uploads\/2022\/06\/2-4-768x403.png 768w, https:\/\/annemarieabautret.com\/blog\/wp-content\/uploads\/2022\/06\/2-4.png 1200w\" sizes=\"(max-width: 1024px) 100vw, 1024px\" \/><\/figure>\n\n\n\n<p>Despu\u00e9s de un tiempo, lleg\u00f3 el momento de probar el globo con \"pasajeros\". El vuelo hecho en septiembre de 1783 alcanz\u00f3 los 500 m. de altura y dur\u00f3 ocho minutos. Afortunadamente para los pasajeros (un gallo, una oveja y un pato) sobrevivieron al aterrizaje. El evento fue observado por el rey Luis XVI y la reina Mar\u00eda Antonieta de Francia.<\/p>\n\n\n\n<h2 class=\"wp-block-heading\">El Sistema Braille<\/h2>\n\n\n\n<p>El Braille, un sistema de lectura y escritura para ciegos, fue inventado por Louis Braille. A los tres a\u00f1os, se apu\u00f1al\u00f3 accidentalmente con una de las herramientas de su padre para fabricar sillas de montar. La infecci\u00f3n resultante le dej\u00f3 ciego. Fue a una escuela para j\u00f3venes ciegos en Par\u00eds, donde aprendi\u00f3 a tocar el violonchelo y el \u00f3rgano. Sin embargo, se sent\u00eda continuamente frustrado por el complicado sistema de letras en relieve que se utilizaba para ense\u00f1ar a los alumnos a leer.<\/p>\n\n\n\n<figure class=\"wp-block-image size-large is-style-default\"><img loading=\"lazy\" decoding=\"async\" width=\"1024\" height=\"538\" src=\"https:\/\/annemarieabautret.com\/blog\/wp-content\/uploads\/2022\/06\/3-4-1024x538.png\" alt=\"Inventos franceses que cambiaron el mundo \" class=\"wp-image-3101\" srcset=\"https:\/\/annemarieabautret.com\/blog\/wp-content\/uploads\/2022\/06\/3-4-1024x538.png 1024w, https:\/\/annemarieabautret.com\/blog\/wp-content\/uploads\/2022\/06\/3-4-300x158.png 300w, https:\/\/annemarieabautret.com\/blog\/wp-content\/uploads\/2022\/06\/3-4-768x403.png 768w, https:\/\/annemarieabautret.com\/blog\/wp-content\/uploads\/2022\/06\/3-4.png 1200w\" sizes=\"(max-width: 1024px) 100vw, 1024px\" \/><\/figure>\n\n\n\n<p>Cuando Louis ten\u00eda doce a\u00f1os, un exoficial del ej\u00e9rcito franc\u00e9s acudi\u00f3 a la escuela para mostrar un c\u00f3digo de doce puntos y rayas en relieve. Estaba dise\u00f1ado para ser utilizado por la noche, cuando no se pod\u00edan encender las l\u00e1mparas, para comunicar las \u00f3rdenes de combate. El c\u00f3digo era dif\u00edcil de aprender, pero Louis vio su potencial. A los quince a\u00f1os, Louis hab\u00eda desarrollado un sistema mucho m\u00e1s sencillo, con solo seis puntos, que se escaneaba f\u00e1cilmente con la yema del dedo.<\/p>\n\n\n\n<figure class=\"wp-block-image size-full is-style-default\"><a href=\"https:\/\/www.instagram.com\/francesconlencriervert\/\" target=\"_blank\" rel=\"noopener\"><img loading=\"lazy\" decoding=\"async\" width=\"600\" height=\"156\" src=\"https:\/\/annemarieabautret.com\/blog\/wp-content\/uploads\/2022\/04\/LEV-Banner-Promo-Todos-los-niveles.gif\" alt=\"\" class=\"wp-image-2922\"\/><\/a><\/figure>\n\n\n\n<p>Louis se convirti\u00f3 en profesor en la misma escuela, pero su sistema Braille no se adopt\u00f3 en vida. Diecis\u00e9is a\u00f1os despu\u00e9s de su muerte, se cre\u00f3 el Real Instituto Nacional de Ciegos. Se empezaron a publicar libros con el ingenioso c\u00f3digo de Braille. Hoy en d\u00eda, es la herramienta mundial de comunicaci\u00f3n escrita para los ciegos. Louis Braille est\u00e1 enterrado en el Pante\u00f3n de Par\u00eds, como h\u00e9roe nacional franc\u00e9s.<\/p>\n\n\n\n<h2 class=\"wp-block-heading\">El enlatado<\/h2>\n\n\n\n<p>Mantener bien alimentadas a las tropas de Napole\u00f3n Bonaparte fue todo un desaf\u00edo. Siempre estaban en movimiento hacia lugares lejanos. Sin los medios adecuados para asegurar provisiones frescas, la hambruna masiva era un peligro muy real. En 1800 Napole\u00f3n ofreci\u00f3 un premio de 12.000 francos al hombre que pudiera idear una forma de conservar los alimentos para suministrar las raciones diarias durante un per\u00edodo prolongado de tiempo. Nueve a\u00f1os m\u00e1s tarde, el premio fue otorgado a un pastelero llamado Nicolas Appert.<\/p>\n\n\n\n<figure class=\"wp-block-image size-large is-style-default\"><img loading=\"lazy\" decoding=\"async\" width=\"1024\" height=\"538\" src=\"https:\/\/annemarieabautret.com\/blog\/wp-content\/uploads\/2022\/06\/4-4-1024x538.png\" alt=\"Inventos franceses que cambiaron el mundo \" class=\"wp-image-3102\" srcset=\"https:\/\/annemarieabautret.com\/blog\/wp-content\/uploads\/2022\/06\/4-4-1024x538.png 1024w, https:\/\/annemarieabautret.com\/blog\/wp-content\/uploads\/2022\/06\/4-4-300x158.png 300w, https:\/\/annemarieabautret.com\/blog\/wp-content\/uploads\/2022\/06\/4-4-768x403.png 768w, https:\/\/annemarieabautret.com\/blog\/wp-content\/uploads\/2022\/06\/4-4.png 1200w\" sizes=\"(max-width: 1024px) 100vw, 1024px\" \/><\/figure>\n\n\n\n<p>Su m\u00e9todo consist\u00eda en sellar un frasco de vidrio grueso lleno de alimentos, envolverlo en una lona para protegerlo y luego sumergirlo en agua hirviendo para cocinarlo. Se dice que una vez enlat\u00f3 una oveja entera. La siguiente innovaci\u00f3n vino de la mano de otro franc\u00e9s, Pierre Durand, que pas\u00f3 de los frascos de cristal a la lata.<\/p>\n\n\n\n<h2 class=\"wp-block-heading\"><em><mark style=\"background-color:rgba(0, 0, 0, 0)\" class=\"has-inline-color has-luminous-vivid-amber-color\">Mira tambi\u00e9n<\/mark>: <a href=\"https:\/\/annemarieabautret.com\/blog\/gastronomia-francesa-los-panes-franceses\/\"><mark style=\"background-color:rgba(0, 0, 0, 0)\" class=\"has-inline-color has-vivid-red-color\">GASTRONOM\u00cdA FRANCESA: LOS PANES FRANCESES<\/mark><\/a><\/em><\/h2>\n\n\n\n<h2 class=\"wp-block-heading\">La pasteurizaci\u00f3n<\/h2>\n\n\n\n<p>El qu\u00edmico e inventor franc\u00e9s Louis Pasteur estudi\u00f3 el proceso de fermentaci\u00f3n y se pregunt\u00f3 si esto era producido por organismos microsc\u00f3picos (aparte de la levadura), a los que Pasteur llam\u00f3 g\u00e9rmenes. \u00c9l plante\u00f3 la hip\u00f3tesis de que estos g\u00e9rmenes podr\u00edan ser responsables de algunas enfermedades. Pasteur refut\u00f3 la noci\u00f3n de \u201cgeneraci\u00f3n espont\u00e1nea\u201d que afirmaba que los organismos pod\u00edan surgir de la nada y demostr\u00f3 que los organismos proced\u00edan de otros organismos preexistentes.<\/p>\n\n\n\n<figure class=\"wp-block-image size-large is-style-default\"><img loading=\"lazy\" decoding=\"async\" width=\"1024\" height=\"538\" src=\"https:\/\/annemarieabautret.com\/blog\/wp-content\/uploads\/2022\/06\/5-1-1024x538.png\" alt=\"Inventos franceses que cambiaron el mundo \" class=\"wp-image-3103\" srcset=\"https:\/\/annemarieabautret.com\/blog\/wp-content\/uploads\/2022\/06\/5-1-1024x538.png 1024w, https:\/\/annemarieabautret.com\/blog\/wp-content\/uploads\/2022\/06\/5-1-300x158.png 300w, https:\/\/annemarieabautret.com\/blog\/wp-content\/uploads\/2022\/06\/5-1-768x403.png 768w, https:\/\/annemarieabautret.com\/blog\/wp-content\/uploads\/2022\/06\/5-1.png 1200w\" sizes=\"(max-width: 1024px) 100vw, 1024px\" \/><\/figure>\n\n\n\n<p>Aplicando sus teor\u00edas a alimentos y bebidas, Pasteur invent\u00f3 un proceso de calentamiento (ahora llamado pasteurizaci\u00f3n) que esteriliza los alimentos, matando los microorganismos que los contaminan.<\/p>\n\n\n\n<figure class=\"wp-block-image size-full is-style-default\"><a href=\"https:\/\/mailchi.mp\/63a6d94a6b10\/lencrier-vert-newsletter\" target=\"_blank\" rel=\"noopener\"><img loading=\"lazy\" decoding=\"async\" width=\"600\" height=\"156\" src=\"https:\/\/annemarieabautret.com\/blog\/wp-content\/uploads\/2022\/02\/Hnet.com-image.gif\" alt=\"\" class=\"wp-image-2648\"\/><\/a><\/figure>\n\n\n\n<h2 class=\"wp-block-heading\">La mayonesa<\/h2>\n\n\n\n<p>Todo ocurri\u00f3 en Espa\u00f1a a principios del siglo XVIII.&nbsp; Luis XIV envi\u00f3 a su general favorito, el duque de Richelieu, para erradicar a unos molestos ingleses que se hab\u00edan refugiado en el fuerte que dominaba el puerto de Mah\u00f3n. Durante el largo asedio, el cocinero del duque tuvo que esforzarse para mantener a su amo -acostumbrado a los fabulosos banquetes de Versalles- entretenido en la mesa.<\/p>\n\n\n\n<figure class=\"wp-block-image size-large is-style-default\"><img loading=\"lazy\" decoding=\"async\" width=\"1024\" height=\"538\" src=\"https:\/\/annemarieabautret.com\/blog\/wp-content\/uploads\/2022\/06\/6-1-1024x538.png\" alt=\"\" class=\"wp-image-3104\" srcset=\"https:\/\/annemarieabautret.com\/blog\/wp-content\/uploads\/2022\/06\/6-1-1024x538.png 1024w, https:\/\/annemarieabautret.com\/blog\/wp-content\/uploads\/2022\/06\/6-1-300x158.png 300w, https:\/\/annemarieabautret.com\/blog\/wp-content\/uploads\/2022\/06\/6-1-768x403.png 768w, https:\/\/annemarieabautret.com\/blog\/wp-content\/uploads\/2022\/06\/6-1.png 1200w\" sizes=\"(max-width: 1024px) 100vw, 1024px\" \/><\/figure>\n\n\n\n<p>Quer\u00eda una salsa interesante para animar las cosas, pero todo lo que pudo encontrar fueron huevos y aceite de oliva. As\u00ed que se puso a batir y batir, y con la ayuda de un poco de vinagre produjo lo que se bautiz\u00f3 como \"la salsa mahonesa\". La \"h\" se cambi\u00f3 pronto por una \"y\" y as\u00ed pas\u00f3 a llamarse \"mayonesa\".<\/p>\n\n\n\n<h4 class=\"wp-block-heading\">Si deseas conocer m\u00e1s sobre inventos franceses que cambiaron el mundo, as\u00ed como sobre nuestros cursos, no te pierdas ninguna de nuestras publicaciones en las redes sociales. &#x1f447;<\/h4>\n\n\n\n<figure class=\"wp-block-image size-large is-style-default\"><a href=\"https:\/\/www.instagram.com\/francesconlencriervert\/\" target=\"_blank\" rel=\"noopener\"><img loading=\"lazy\" decoding=\"async\" width=\"1024\" height=\"269\" src=\"https:\/\/annemarieabautret.com\/blog\/wp-content\/uploads\/2021\/06\/LEV-banner-redes-sociales-posts-1024x269.png\" alt=\"\" class=\"wp-image-1227\" srcset=\"https:\/\/annemarieabautret.com\/blog\/wp-content\/uploads\/2021\/06\/LEV-banner-redes-sociales-posts-1024x269.png 1024w, https:\/\/annemarieabautret.com\/blog\/wp-content\/uploads\/2021\/06\/LEV-banner-redes-sociales-posts-300x79.png 300w, https:\/\/annemarieabautret.com\/blog\/wp-content\/uploads\/2021\/06\/LEV-banner-redes-sociales-posts-768x202.png 768w, https:\/\/annemarieabautret.com\/blog\/wp-content\/uploads\/2021\/06\/LEV-banner-redes-sociales-posts.png 1200w\" sizes=\"(max-width: 1024px) 100vw, 1024px\" \/><\/a><\/figure>\n\n\n\n<figure class=\"wp-block-image size-large is-style-default\"><a href=\"https:\/\/www.facebook.com\/LencrierVert\" target=\"_blank\" rel=\"noopener\"><img loading=\"lazy\" decoding=\"async\" width=\"1024\" height=\"269\" src=\"https:\/\/annemarieabautret.com\/blog\/wp-content\/uploads\/2021\/06\/LEV-banner-redes-sociales-posts-1-1024x269.png\" alt=\"\" class=\"wp-image-1228\" srcset=\"https:\/\/annemarieabautret.com\/blog\/wp-content\/uploads\/2021\/06\/LEV-banner-redes-sociales-posts-1-1024x269.png 1024w, https:\/\/annemarieabautret.com\/blog\/wp-content\/uploads\/2021\/06\/LEV-banner-redes-sociales-posts-1-300x79.png 300w, https:\/\/annemarieabautret.com\/blog\/wp-content\/uploads\/2021\/06\/LEV-banner-redes-sociales-posts-1-768x202.png 768w, https:\/\/annemarieabautret.com\/blog\/wp-content\/uploads\/2021\/06\/LEV-banner-redes-sociales-posts-1.png 1200w\" sizes=\"(max-width: 1024px) 100vw, 1024px\" \/><\/a><\/figure>\n","protected":false},"excerpt":{"rendered":"<p>Francia siempre se ha caracterizado por ser un pa\u00eds sumamente influyente en la historia del mundo. Desde los escritos de Victor Hugo o Simone de Beauvoir, hasta eventos trascendentales como la Revoluci\u00f3n Francesa, pasando por monumentos reconocidos como la torre Eiffel o el Palacio de Versalles, sin nombrar la relevancia de su rica gastronom\u00eda, la [&hellip;]<\/p>\n","protected":false},"author":1,"featured_media":3099,"comment_status":"open","ping_status":"open","sticky":false,"template":"","format":"standard","meta":{"footnotes":""},"categories":[7],"tags":[544,24,545,3,4,543,542,541,540,539,547,546],"class_list":["post-3098","post","type-post","status-publish","format-standard","has-post-thumbnail","hentry","category-curiosidades","tag-braille","tag-curiosidades","tag-enlatado","tag-frances","tag-frances-2","tag-globo-aerostatico","tag-invencion","tag-invento","tag-inventos","tag-inventos-franceses","tag-mayonesa","tag-pasteurizacion"],"yoast_head":"<!-- This site is optimized with the Yoast SEO plugin v24.6 - https:\/\/yoast.com\/wordpress\/plugins\/seo\/ -->\n<title>Inventos franceses que cambiaron el mundo - Anne Marie Abautret<\/title>\n<meta name=\"description\" content=\"Conozcamos algunos de los inventos franceses que cambiaron el mundo y que probablemente desconoc\u00edas con L&#039;encrier vert. \u00a1Vamos all\u00e1!\" \/>\n<meta name=\"robots\" content=\"index, follow, max-snippet:-1, max-image-preview:large, max-video-preview:-1\" \/>\n<link rel=\"canonical\" href=\"https:\/\/annemarieabautret.com\/blog\/inventos-franceses-que-cambiaron-el-mundo\/\" \/>\n<meta property=\"og:locale\" content=\"es_ES\" \/>\n<meta property=\"og:type\" content=\"article\" \/>\n<meta property=\"og:title\" content=\"Inventos franceses que cambiaron el mundo\" \/>\n<meta property=\"og:description\" content=\"Conozcamos algunos de los inventos franceses que cambiaron el mundo y que probablemente desconoc\u00edas con L&#039;encrier vert. \u00a1Vamos all\u00e1!\" \/>\n<meta property=\"og:url\" content=\"https:\/\/annemarieabautret.com\/blog\/inventos-franceses-que-cambiaron-el-mundo\/\" \/>\n<meta property=\"og:site_name\" content=\"Anne Marie Abautret\" \/>\n<meta property=\"article:published_time\" content=\"2022-06-16T16:42:20+00:00\" \/>\n<meta property=\"article:modified_time\" content=\"2022-06-16T16:42:22+00:00\" \/>\n<meta property=\"og:image\" content=\"https:\/\/annemarieabautret.com\/blog\/wp-content\/uploads\/2022\/06\/1-4.png\" \/>\n\t<meta property=\"og:image:width\" content=\"1200\" \/>\n\t<meta property=\"og:image:height\" content=\"630\" \/>\n\t<meta property=\"og:image:type\" content=\"image\/png\" \/>\n<meta name=\"author\" content=\"Bloglencriervert\" \/>\n<meta name=\"twitter:card\" content=\"summary_large_image\" \/>\n<meta name=\"twitter:title\" content=\"Inventos franceses que cambiaron el mundo\" \/>\n<meta name=\"twitter:image\" content=\"https:\/\/annemarieabautret.com\/blog\/wp-content\/uploads\/2022\/06\/1-4.png\" \/>\n<meta name=\"twitter:label1\" content=\"Written by\" \/>\n\t<meta name=\"twitter:data1\" content=\"Bloglencriervert\" \/>\n\t<meta name=\"twitter:label2\" content=\"Est. reading time\" \/>\n\t<meta name=\"twitter:data2\" content=\"6 minutos\" \/>\n<script type=\"application\/ld+json\" class=\"yoast-schema-graph\">{\"@context\":\"https:\/\/schema.org\",\"@graph\":[{\"@type\":\"WebPage\",\"@id\":\"https:\/\/annemarieabautret.com\/blog\/inventos-franceses-que-cambiaron-el-mundo\/\",\"url\":\"https:\/\/annemarieabautret.com\/blog\/inventos-franceses-que-cambiaron-el-mundo\/\",\"name\":\"Inventos franceses que cambiaron el mundo - Anne Marie Abautret\",\"isPartOf\":{\"@id\":\"https:\/\/annemarieabautret.com\/blog\/#website\"},\"primaryImageOfPage\":{\"@id\":\"https:\/\/annemarieabautret.com\/blog\/inventos-franceses-que-cambiaron-el-mundo\/#primaryimage\"},\"image\":{\"@id\":\"https:\/\/annemarieabautret.com\/blog\/inventos-franceses-que-cambiaron-el-mundo\/#primaryimage\"},\"thumbnailUrl\":\"https:\/\/annemarieabautret.com\/blog\/wp-content\/uploads\/2022\/06\/1-4.png\",\"datePublished\":\"2022-06-16T16:42:20+00:00\",\"dateModified\":\"2022-06-16T16:42:22+00:00\",\"author\":{\"@id\":\"https:\/\/annemarieabautret.com\/blog\/#\/schema\/person\/67f969769283a1cac966eb4824469e7b\"},\"description\":\"Conozcamos algunos de los inventos franceses que cambiaron el mundo y que probablemente desconoc\u00edas con L'encrier vert. \u00a1Vamos all\u00e1!\",\"breadcrumb\":{\"@id\":\"https:\/\/annemarieabautret.com\/blog\/inventos-franceses-que-cambiaron-el-mundo\/#breadcrumb\"},\"inLanguage\":\"es-PE\",\"potentialAction\":[{\"@type\":\"ReadAction\",\"target\":[\"https:\/\/annemarieabautret.com\/blog\/inventos-franceses-que-cambiaron-el-mundo\/\"]}]},{\"@type\":\"ImageObject\",\"inLanguage\":\"es-PE\",\"@id\":\"https:\/\/annemarieabautret.com\/blog\/inventos-franceses-que-cambiaron-el-mundo\/#primaryimage\",\"url\":\"https:\/\/annemarieabautret.com\/blog\/wp-content\/uploads\/2022\/06\/1-4.png\",\"contentUrl\":\"https:\/\/annemarieabautret.com\/blog\/wp-content\/uploads\/2022\/06\/1-4.png\",\"width\":1200,\"height\":630},{\"@type\":\"BreadcrumbList\",\"@id\":\"https:\/\/annemarieabautret.com\/blog\/inventos-franceses-que-cambiaron-el-mundo\/#breadcrumb\",\"itemListElement\":[{\"@type\":\"ListItem\",\"position\":1,\"name\":\"Home\",\"item\":\"https:\/\/annemarieabautret.com\/blog\/\"},{\"@type\":\"ListItem\",\"position\":2,\"name\":\"Inventos franceses que cambiaron el mundo\"}]},{\"@type\":\"WebSite\",\"@id\":\"https:\/\/annemarieabautret.com\/blog\/#website\",\"url\":\"https:\/\/annemarieabautret.com\/blog\/\",\"name\":\"Anne Marie Abautret\",\"description\":\"\u00a1Conoce el maravilloso mundo franc\u00f3fono con L&#039;encrier vert!\",\"potentialAction\":[{\"@type\":\"SearchAction\",\"target\":{\"@type\":\"EntryPoint\",\"urlTemplate\":\"https:\/\/annemarieabautret.com\/blog\/?s={search_term_string}\"},\"query-input\":{\"@type\":\"PropertyValueSpecification\",\"valueRequired\":true,\"valueName\":\"search_term_string\"}}],\"inLanguage\":\"es-PE\"},{\"@type\":\"Person\",\"@id\":\"https:\/\/annemarieabautret.com\/blog\/#\/schema\/person\/67f969769283a1cac966eb4824469e7b\",\"name\":\"Bloglencriervert\",\"image\":{\"@type\":\"ImageObject\",\"inLanguage\":\"es-PE\",\"@id\":\"https:\/\/annemarieabautret.com\/blog\/#\/schema\/person\/image\/\",\"url\":\"https:\/\/secure.gravatar.com\/avatar\/1b125fe84bb43db37171ca15c37bc658?s=96&d=mm&r=g\",\"contentUrl\":\"https:\/\/secure.gravatar.com\/avatar\/1b125fe84bb43db37171ca15c37bc658?s=96&d=mm&r=g\",\"caption\":\"Bloglencriervert\"},\"url\":\"https:\/\/annemarieabautret.com\/blog\/author\/anneblog\/\"}]}<\/script>\n<!-- \/ Yoast SEO plugin. -->","yoast_head_json":{"title":"Inventos franceses que cambiaron el mundo - Anne Marie Abautret","description":"Conozcamos algunos de los inventos franceses que cambiaron el mundo y que probablemente desconoc\u00edas con L'encrier vert. \u00a1Vamos all\u00e1!","robots":{"index":"index","follow":"follow","max-snippet":"max-snippet:-1","max-image-preview":"max-image-preview:large","max-video-preview":"max-video-preview:-1"},"canonical":"https:\/\/annemarieabautret.com\/blog\/inventos-franceses-que-cambiaron-el-mundo\/","og_locale":"es_ES","og_type":"article","og_title":"Inventos franceses que cambiaron el mundo","og_description":"Conozcamos algunos de los inventos franceses que cambiaron el mundo y que probablemente desconoc\u00edas con L'encrier vert. \u00a1Vamos all\u00e1!","og_url":"https:\/\/annemarieabautret.com\/blog\/inventos-franceses-que-cambiaron-el-mundo\/","og_site_name":"Anne Marie Abautret","article_published_time":"2022-06-16T16:42:20+00:00","article_modified_time":"2022-06-16T16:42:22+00:00","og_image":[{"width":1200,"height":630,"url":"https:\/\/annemarieabautret.com\/blog\/wp-content\/uploads\/2022\/06\/1-4.png","type":"image\/png"}],"author":"Bloglencriervert","twitter_card":"summary_large_image","twitter_title":"Inventos franceses que cambiaron el mundo","twitter_image":"https:\/\/annemarieabautret.com\/blog\/wp-content\/uploads\/2022\/06\/1-4.png","twitter_misc":{"Written by":"Bloglencriervert","Est. reading time":"6 minutos"},"schema":{"@context":"https:\/\/schema.org","@graph":[{"@type":"WebPage","@id":"https:\/\/annemarieabautret.com\/blog\/inventos-franceses-que-cambiaron-el-mundo\/","url":"https:\/\/annemarieabautret.com\/blog\/inventos-franceses-que-cambiaron-el-mundo\/","name":"Inventos franceses que cambiaron el mundo - Anne Marie Abautret","isPartOf":{"@id":"https:\/\/annemarieabautret.com\/blog\/#website"},"primaryImageOfPage":{"@id":"https:\/\/annemarieabautret.com\/blog\/inventos-franceses-que-cambiaron-el-mundo\/#primaryimage"},"image":{"@id":"https:\/\/annemarieabautret.com\/blog\/inventos-franceses-que-cambiaron-el-mundo\/#primaryimage"},"thumbnailUrl":"https:\/\/annemarieabautret.com\/blog\/wp-content\/uploads\/2022\/06\/1-4.png","datePublished":"2022-06-16T16:42:20+00:00","dateModified":"2022-06-16T16:42:22+00:00","author":{"@id":"https:\/\/annemarieabautret.com\/blog\/#\/schema\/person\/67f969769283a1cac966eb4824469e7b"},"description":"Conozcamos algunos de los inventos franceses que cambiaron el mundo y que probablemente desconoc\u00edas con L'encrier vert. \u00a1Vamos all\u00e1!","breadcrumb":{"@id":"https:\/\/annemarieabautret.com\/blog\/inventos-franceses-que-cambiaron-el-mundo\/#breadcrumb"},"inLanguage":"es-PE","potentialAction":[{"@type":"ReadAction","target":["https:\/\/annemarieabautret.com\/blog\/inventos-franceses-que-cambiaron-el-mundo\/"]}]},{"@type":"ImageObject","inLanguage":"es-PE","@id":"https:\/\/annemarieabautret.com\/blog\/inventos-franceses-que-cambiaron-el-mundo\/#primaryimage","url":"https:\/\/annemarieabautret.com\/blog\/wp-content\/uploads\/2022\/06\/1-4.png","contentUrl":"https:\/\/annemarieabautret.com\/blog\/wp-content\/uploads\/2022\/06\/1-4.png","width":1200,"height":630},{"@type":"BreadcrumbList","@id":"https:\/\/annemarieabautret.com\/blog\/inventos-franceses-que-cambiaron-el-mundo\/#breadcrumb","itemListElement":[{"@type":"ListItem","position":1,"name":"Home","item":"https:\/\/annemarieabautret.com\/blog\/"},{"@type":"ListItem","position":2,"name":"Inventos franceses que cambiaron el mundo"}]},{"@type":"WebSite","@id":"https:\/\/annemarieabautret.com\/blog\/#website","url":"https:\/\/annemarieabautret.com\/blog\/","name":"Anne Marie Abautret","description":"\u00a1Conoce el maravilloso mundo franc\u00f3fono con L&#039;encrier vert!","potentialAction":[{"@type":"SearchAction","target":{"@type":"EntryPoint","urlTemplate":"https:\/\/annemarieabautret.com\/blog\/?s={search_term_string}"},"query-input":{"@type":"PropertyValueSpecification","valueRequired":true,"valueName":"search_term_string"}}],"inLanguage":"es-PE"},{"@type":"Person","@id":"https:\/\/annemarieabautret.com\/blog\/#\/schema\/person\/67f969769283a1cac966eb4824469e7b","name":"Bloglencriervert","image":{"@type":"ImageObject","inLanguage":"es-PE","@id":"https:\/\/annemarieabautret.com\/blog\/#\/schema\/person\/image\/","url":"https:\/\/secure.gravatar.com\/avatar\/1b125fe84bb43db37171ca15c37bc658?s=96&d=mm&r=g","contentUrl":"https:\/\/secure.gravatar.com\/avatar\/1b125fe84bb43db37171ca15c37bc658?s=96&d=mm&r=g","caption":"Bloglencriervert"},"url":"https:\/\/annemarieabautret.com\/blog\/author\/anneblog\/"}]}},"amp_enabled":true,"_links":{"self":[{"href":"https:\/\/annemarieabautret.com\/blog\/wp-json\/wp\/v2\/posts\/3098"}],"collection":[{"href":"https:\/\/annemarieabautret.com\/blog\/wp-json\/wp\/v2\/posts"}],"about":[{"href":"https:\/\/annemarieabautret.com\/blog\/wp-json\/wp\/v2\/types\/post"}],"author":[{"embeddable":true,"href":"https:\/\/annemarieabautret.com\/blog\/wp-json\/wp\/v2\/users\/1"}],"replies":[{"embeddable":true,"href":"https:\/\/annemarieabautret.com\/blog\/wp-json\/wp\/v2\/comments?post=3098"}],"version-history":[{"count":4,"href":"https:\/\/annemarieabautret.com\/blog\/wp-json\/wp\/v2\/posts\/3098\/revisions"}],"predecessor-version":[{"id":3108,"href":"https:\/\/annemarieabautret.com\/blog\/wp-json\/wp\/v2\/posts\/3098\/revisions\/3108"}],"wp:featuredmedia":[{"embeddable":true,"href":"https:\/\/annemarieabautret.com\/blog\/wp-json\/wp\/v2\/media\/3099"}],"wp:attachment":[{"href":"https:\/\/annemarieabautret.com\/blog\/wp-json\/wp\/v2\/media?parent=3098"}],"wp:term":[{"taxonomy":"category","embeddable":true,"href":"https:\/\/annemarieabautret.com\/blog\/wp-json\/wp\/v2\/categories?post=3098"},{"taxonomy":"post_tag","embeddable":true,"href":"https:\/\/annemarieabautret.com\/blog\/wp-json\/wp\/v2\/tags?post=3098"}],"curies":[{"name":"wp","href":"https:\/\/api.w.org\/{rel}","templated":true}]}}