{"id":3220,"date":"2022-07-31T14:25:31","date_gmt":"2022-07-31T19:25:31","guid":{"rendered":"https:\/\/annemarieabautret.com\/blog\/?p=3220"},"modified":"2022-07-31T14:53:23","modified_gmt":"2022-07-31T19:53:23","slug":"frases-de-escritores-francofonos-celebres","status":"publish","type":"post","link":"https:\/\/annemarieabautret.com\/blog\/frases-de-escritores-francofonos-celebres\/","title":{"rendered":"Frases de escritores franc\u00f3fonos c\u00e9lebres"},"content":{"rendered":"\n<p>Siempre es un placer leer buena literatura. Son muchos los lugares alrededor del mundo donde hay literatos reconocidos. Sin embargo, los pa\u00edses franc\u00f3fonos tienen un encanto especial. Y es que su creatividad es tan grande como aquellos que la han plasmado en palabras y han podido transmitirla a trav\u00e9s de sus poemas, cuentos y novelas. Conoce y marav\u00edllate con algunas de las mejores frases de escritores franc\u00f3fonos c\u00e9lebres. \u00a1Vamos all\u00e1!<\/p>\n\n\n\n<figure class=\"wp-block-image size-large is-style-default\"><img loading=\"lazy\" decoding=\"async\" width=\"1024\" height=\"538\" src=\"https:\/\/annemarieabautret.com\/blog\/wp-content\/uploads\/2022\/07\/LEV-post-204-Frases-de-escritores-francofonos-celebres-1024x538.png\" alt=\"Frases de escritores franc\u00f3fonos c\u00e9lebres\" class=\"wp-image-3225\" srcset=\"https:\/\/annemarieabautret.com\/blog\/wp-content\/uploads\/2022\/07\/LEV-post-204-Frases-de-escritores-francofonos-celebres-1024x538.png 1024w, https:\/\/annemarieabautret.com\/blog\/wp-content\/uploads\/2022\/07\/LEV-post-204-Frases-de-escritores-francofonos-celebres-300x158.png 300w, https:\/\/annemarieabautret.com\/blog\/wp-content\/uploads\/2022\/07\/LEV-post-204-Frases-de-escritores-francofonos-celebres-768x403.png 768w, https:\/\/annemarieabautret.com\/blog\/wp-content\/uploads\/2022\/07\/LEV-post-204-Frases-de-escritores-francofonos-celebres.png 1200w\" sizes=\"(max-width: 1024px) 100vw, 1024px\" \/><\/figure>\n\n\n\n<h2 class=\"wp-block-heading\">Frases de escritores franc\u00f3fonos c\u00e9lebres<\/h2>\n\n\n\n<p>En esta ocasi\u00f3n, nos pasearemos por algunos de los mejores escritores de la historia de la lengua francesa, como lo son Louis Philippe de S\u00e9gur, Franz-Olivier Giesbert, Jules Barbey d'Aurevilly y Anatole Robert Choquette. \u00a1Sigue leyendo!<\/p>\n\n\n\n<h3 class=\"wp-block-heading\"><em>1. L'amiti\u00e9 est un besoin pour l'\u00e2me, et le premier besoin du c\u0153ur : chacun cherche et veut des amis, tout le monde se plaint de la raret\u00e9 d'un tel tr\u00e9sor.<\/em><\/h3>\n\n\n\n<figure class=\"wp-block-image size-large is-resized is-style-default\"><img loading=\"lazy\" decoding=\"async\" src=\"https:\/\/annemarieabautret.com\/blog\/wp-content\/uploads\/2022\/07\/LEV-cita-Louis-Philippe-de-Segur-1024x1024.png\" alt=\"Frases de escritores franc\u00f3fonos c\u00e9lebres\" class=\"wp-image-3221\" width=\"840\" height=\"840\" srcset=\"https:\/\/annemarieabautret.com\/blog\/wp-content\/uploads\/2022\/07\/LEV-cita-Louis-Philippe-de-Segur-1024x1024.png 1024w, https:\/\/annemarieabautret.com\/blog\/wp-content\/uploads\/2022\/07\/LEV-cita-Louis-Philippe-de-Segur-300x300.png 300w, https:\/\/annemarieabautret.com\/blog\/wp-content\/uploads\/2022\/07\/LEV-cita-Louis-Philippe-de-Segur-150x150.png 150w, https:\/\/annemarieabautret.com\/blog\/wp-content\/uploads\/2022\/07\/LEV-cita-Louis-Philippe-de-Segur-768x768.png 768w, https:\/\/annemarieabautret.com\/blog\/wp-content\/uploads\/2022\/07\/LEV-cita-Louis-Philippe-de-Segur-75x75.png 75w, https:\/\/annemarieabautret.com\/blog\/wp-content\/uploads\/2022\/07\/LEV-cita-Louis-Philippe-de-Segur-400x400.png 400w, https:\/\/annemarieabautret.com\/blog\/wp-content\/uploads\/2022\/07\/LEV-cita-Louis-Philippe-de-Segur-90x90.png 90w, https:\/\/annemarieabautret.com\/blog\/wp-content\/uploads\/2022\/07\/LEV-cita-Louis-Philippe-de-Segur.png 1080w\" sizes=\"(max-width: 840px) 100vw, 840px\" \/><\/figure>\n\n\n\n<blockquote class=\"wp-block-quote has-text-align-center is-style-large is-layout-flow wp-block-quote-is-layout-flow\"><p>\u00abLa amistad es una necesidad del alma, y la primera necesidad del coraz\u00f3n: todos buscan y quieren amigos, todos se quejan de la escasez de tal tesoro\u00bb<\/p><cite>- Louis Philippe de S\u00e9gur<\/cite><\/blockquote>\n\n\n\n<hr class=\"wp-block-separator is-style-dots\"\/>\n\n\n\n<figure class=\"wp-block-image size-full is-style-default\"><a href=\"https:\/\/www.instagram.com\/francesconlencriervert\/\" target=\"_blank\" rel=\"noopener\"><img loading=\"lazy\" decoding=\"async\" width=\"600\" height=\"156\" src=\"https:\/\/annemarieabautret.com\/blog\/wp-content\/uploads\/2022\/04\/LEV-Banner-Promo-Todos-los-niveles.gif\" alt=\"\" class=\"wp-image-2922\"\/><\/a><\/figure>\n\n\n\n<h3 class=\"wp-block-heading\"><em>2. Plus l'esp\u00e9rance est grande, plus la d\u00e9ception est violente.<\/em><\/h3>\n\n\n\n<figure class=\"wp-block-image size-large is-style-default\"><img loading=\"lazy\" decoding=\"async\" width=\"1024\" height=\"1024\" src=\"https:\/\/annemarieabautret.com\/blog\/wp-content\/uploads\/2022\/07\/LEV-Cita-Franz-Olivier-Giesbert-1024x1024.png\" alt=\"Frases de escritores franc\u00f3fonos c\u00e9lebres\" class=\"wp-image-3222\" srcset=\"https:\/\/annemarieabautret.com\/blog\/wp-content\/uploads\/2022\/07\/LEV-Cita-Franz-Olivier-Giesbert-1024x1024.png 1024w, https:\/\/annemarieabautret.com\/blog\/wp-content\/uploads\/2022\/07\/LEV-Cita-Franz-Olivier-Giesbert-300x300.png 300w, https:\/\/annemarieabautret.com\/blog\/wp-content\/uploads\/2022\/07\/LEV-Cita-Franz-Olivier-Giesbert-150x150.png 150w, https:\/\/annemarieabautret.com\/blog\/wp-content\/uploads\/2022\/07\/LEV-Cita-Franz-Olivier-Giesbert-768x768.png 768w, https:\/\/annemarieabautret.com\/blog\/wp-content\/uploads\/2022\/07\/LEV-Cita-Franz-Olivier-Giesbert-75x75.png 75w, https:\/\/annemarieabautret.com\/blog\/wp-content\/uploads\/2022\/07\/LEV-Cita-Franz-Olivier-Giesbert-400x400.png 400w, https:\/\/annemarieabautret.com\/blog\/wp-content\/uploads\/2022\/07\/LEV-Cita-Franz-Olivier-Giesbert-90x90.png 90w, https:\/\/annemarieabautret.com\/blog\/wp-content\/uploads\/2022\/07\/LEV-Cita-Franz-Olivier-Giesbert.png 1080w\" sizes=\"(max-width: 1024px) 100vw, 1024px\" \/><\/figure>\n\n\n\n<blockquote class=\"wp-block-quote has-text-align-center is-style-large is-layout-flow wp-block-quote-is-layout-flow\"><p>\u00abCuanto mayor es la esperanza, m\u00e1s violenta es la desilusi\u00f3n\u00bb<\/p><cite>- Franz-Olivier Giesbert<\/cite><\/blockquote>\n\n\n\n<hr class=\"wp-block-separator is-style-dots\"\/>\n\n\n\n<h2 class=\"wp-block-heading\"><em><mark style=\"background-color:rgba(0, 0, 0, 0)\" class=\"has-inline-color has-luminous-vivid-amber-color\">Mira tambi\u00e9n<\/mark>: <a href=\"https:\/\/annemarieabautret.com\/blog\/citas-de-escritores-franceses-reconocidos\/\"><mark style=\"background-color:rgba(0, 0, 0, 0)\" class=\"has-inline-color has-vivid-red-color\">CITAS DE ESCRITORES FRANCESES RECONOCIDOS<\/mark><\/a><\/em><\/h2>\n\n\n\n<h3 class=\"wp-block-heading\"><em>3. Le plaisir est le bonheur des fous, le bonheur est le plaisir des sages.<\/em><\/h3>\n\n\n\n<figure class=\"wp-block-image size-large is-style-default\"><img loading=\"lazy\" decoding=\"async\" width=\"1024\" height=\"1024\" src=\"https:\/\/annemarieabautret.com\/blog\/wp-content\/uploads\/2022\/07\/LEV-cita-Jules-Barbey-dAurevilly-1024x1024.png\" alt=\"Frases de escritores franc\u00f3fonos c\u00e9lebres\" class=\"wp-image-3223\" srcset=\"https:\/\/annemarieabautret.com\/blog\/wp-content\/uploads\/2022\/07\/LEV-cita-Jules-Barbey-dAurevilly-1024x1024.png 1024w, https:\/\/annemarieabautret.com\/blog\/wp-content\/uploads\/2022\/07\/LEV-cita-Jules-Barbey-dAurevilly-300x300.png 300w, https:\/\/annemarieabautret.com\/blog\/wp-content\/uploads\/2022\/07\/LEV-cita-Jules-Barbey-dAurevilly-150x150.png 150w, https:\/\/annemarieabautret.com\/blog\/wp-content\/uploads\/2022\/07\/LEV-cita-Jules-Barbey-dAurevilly-768x768.png 768w, https:\/\/annemarieabautret.com\/blog\/wp-content\/uploads\/2022\/07\/LEV-cita-Jules-Barbey-dAurevilly-75x75.png 75w, https:\/\/annemarieabautret.com\/blog\/wp-content\/uploads\/2022\/07\/LEV-cita-Jules-Barbey-dAurevilly-400x400.png 400w, https:\/\/annemarieabautret.com\/blog\/wp-content\/uploads\/2022\/07\/LEV-cita-Jules-Barbey-dAurevilly-90x90.png 90w, https:\/\/annemarieabautret.com\/blog\/wp-content\/uploads\/2022\/07\/LEV-cita-Jules-Barbey-dAurevilly.png 1080w\" sizes=\"(max-width: 1024px) 100vw, 1024px\" \/><\/figure>\n\n\n\n<blockquote class=\"wp-block-quote has-text-align-center is-style-large is-layout-flow wp-block-quote-is-layout-flow\"><p>\u00abEl placer es la felicidad de los tontos, la felicidad es el placer de los sabios\u00bb<\/p><cite>- Jules Barbey d'Aurevilly<\/cite><\/blockquote>\n\n\n\n<hr class=\"wp-block-separator is-style-dots\"\/>\n\n\n\n<figure class=\"wp-block-image size-full is-style-default\"><a href=\"https:\/\/mailchi.mp\/63a6d94a6b10\/lencrier-vert-newsletter\" target=\"_blank\" rel=\"noopener\"><img loading=\"lazy\" decoding=\"async\" width=\"600\" height=\"156\" src=\"https:\/\/annemarieabautret.com\/blog\/wp-content\/uploads\/2022\/02\/Hnet.com-image.gif\" alt=\"\" class=\"wp-image-2648\"\/><\/a><\/figure>\n\n\n\n<h3 class=\"wp-block-heading\"><em>4. Les larmes, c'est comme une ros\u00e9e qui emp\u00eache le c\u0153ur de faner, une ros\u00e9e qui l'aide \u00e0 refleurir comme avant.<\/em><\/h3>\n\n\n\n<figure class=\"wp-block-image size-large is-style-default\"><img loading=\"lazy\" decoding=\"async\" width=\"1024\" height=\"1024\" src=\"https:\/\/annemarieabautret.com\/blog\/wp-content\/uploads\/2022\/07\/LEV-Cita-Robert-Choquette-1024x1024.png\" alt=\"Frases de escritores franc\u00f3fonos c\u00e9lebres\" class=\"wp-image-3224\" srcset=\"https:\/\/annemarieabautret.com\/blog\/wp-content\/uploads\/2022\/07\/LEV-Cita-Robert-Choquette-1024x1024.png 1024w, https:\/\/annemarieabautret.com\/blog\/wp-content\/uploads\/2022\/07\/LEV-Cita-Robert-Choquette-300x300.png 300w, https:\/\/annemarieabautret.com\/blog\/wp-content\/uploads\/2022\/07\/LEV-Cita-Robert-Choquette-150x150.png 150w, https:\/\/annemarieabautret.com\/blog\/wp-content\/uploads\/2022\/07\/LEV-Cita-Robert-Choquette-768x768.png 768w, https:\/\/annemarieabautret.com\/blog\/wp-content\/uploads\/2022\/07\/LEV-Cita-Robert-Choquette-75x75.png 75w, https:\/\/annemarieabautret.com\/blog\/wp-content\/uploads\/2022\/07\/LEV-Cita-Robert-Choquette-400x400.png 400w, https:\/\/annemarieabautret.com\/blog\/wp-content\/uploads\/2022\/07\/LEV-Cita-Robert-Choquette-90x90.png 90w, https:\/\/annemarieabautret.com\/blog\/wp-content\/uploads\/2022\/07\/LEV-Cita-Robert-Choquette.png 1080w\" sizes=\"(max-width: 1024px) 100vw, 1024px\" \/><\/figure>\n\n\n\n<blockquote class=\"wp-block-quote has-text-align-center is-style-large is-layout-flow wp-block-quote-is-layout-flow\"><p>\u00abLas l\u00e1grimas son como un roc\u00edo que evita que el coraz\u00f3n se marchite, un roc\u00edo que lo ayuda a florecer de nuevo como antes\u00bb<\/p><cite>- Robert Choquette<\/cite><\/blockquote>\n\n\n\n<hr class=\"wp-block-separator is-style-dots\"\/>\n\n\n\n<h4 class=\"wp-block-heading\">Si deseas conocer m\u00e1s frases de escritores franc\u00f3fonos c\u00e9lebres, as\u00ed como enterarte de nuestros cursos, no te pierdas ninguna de nuestras publicaciones en las redes sociales.&#x1f447;<\/h4>\n\n\n\n<figure class=\"wp-block-image size-large is-style-default\"><a href=\"https:\/\/www.instagram.com\/francesconlencriervert\/\" target=\"_blank\" rel=\"noopener\"><img loading=\"lazy\" decoding=\"async\" width=\"1024\" height=\"269\" src=\"https:\/\/annemarieabautret.com\/blog\/wp-content\/uploads\/2021\/06\/LEV-banner-redes-sociales-posts-1024x269.png\" alt=\"\" class=\"wp-image-1227\" srcset=\"https:\/\/annemarieabautret.com\/blog\/wp-content\/uploads\/2021\/06\/LEV-banner-redes-sociales-posts-1024x269.png 1024w, https:\/\/annemarieabautret.com\/blog\/wp-content\/uploads\/2021\/06\/LEV-banner-redes-sociales-posts-300x79.png 300w, https:\/\/annemarieabautret.com\/blog\/wp-content\/uploads\/2021\/06\/LEV-banner-redes-sociales-posts-768x202.png 768w, https:\/\/annemarieabautret.com\/blog\/wp-content\/uploads\/2021\/06\/LEV-banner-redes-sociales-posts.png 1200w\" sizes=\"(max-width: 1024px) 100vw, 1024px\" \/><\/a><\/figure>\n\n\n\n<figure class=\"wp-block-image size-large is-style-default\"><a href=\"https:\/\/www.facebook.com\/LencrierVert\" target=\"_blank\" rel=\"noopener\"><img loading=\"lazy\" decoding=\"async\" width=\"1024\" height=\"269\" src=\"https:\/\/annemarieabautret.com\/blog\/wp-content\/uploads\/2021\/06\/LEV-banner-redes-sociales-posts-1-1024x269.png\" alt=\"\" class=\"wp-image-1228\" srcset=\"https:\/\/annemarieabautret.com\/blog\/wp-content\/uploads\/2021\/06\/LEV-banner-redes-sociales-posts-1-1024x269.png 1024w, https:\/\/annemarieabautret.com\/blog\/wp-content\/uploads\/2021\/06\/LEV-banner-redes-sociales-posts-1-300x79.png 300w, https:\/\/annemarieabautret.com\/blog\/wp-content\/uploads\/2021\/06\/LEV-banner-redes-sociales-posts-1-768x202.png 768w, https:\/\/annemarieabautret.com\/blog\/wp-content\/uploads\/2021\/06\/LEV-banner-redes-sociales-posts-1.png 1200w\" sizes=\"(max-width: 1024px) 100vw, 1024px\" \/><\/a><\/figure>\n","protected":false},"excerpt":{"rendered":"<p>Siempre es un placer leer buena literatura. Son muchos los lugares alrededor del mundo donde hay literatos reconocidos. Sin embargo, los pa\u00edses franc\u00f3fonos tienen un encanto especial. Y es que su creatividad es tan grande como aquellos que la han plasmado en palabras y han podido transmitirla a trav\u00e9s de sus poemas, cuentos y novelas. [&hellip;]<\/p>\n","protected":false},"author":1,"featured_media":3225,"comment_status":"open","ping_status":"open","sticky":false,"template":"","format":"standard","meta":{"footnotes":""},"categories":[7],"tags":[197,196,580,579,24,3,4,582,89,220,378,359,583,105,195,578,557,581,584],"class_list":["post-3220","post","type-post","status-publish","format-standard","has-post-thumbnail","hentry","category-curiosidades","tag-cita","tag-citas","tag-citas-celebres","tag-citas-famosas","tag-curiosidades","tag-frances","tag-frances-2","tag-franz-olivier-giesbert","tag-frases","tag-frases-celebres","tag-frases-epicas","tag-frases-famosas","tag-jules-barbey-daurevilly","tag-literatura","tag-literatura-francesa","tag-literatura-francofona","tag-litterature","tag-louis-philippe-de-segur","tag-robert-choquette"],"yoast_head":"<!-- This site is optimized with the Yoast SEO plugin v24.6 - https:\/\/yoast.com\/wordpress\/plugins\/seo\/ -->\n<title>Frases de escritores franc\u00f3fonos c\u00e9lebres - Anne Marie Abautret<\/title>\n<meta name=\"description\" content=\"Es un placer leer buena literatura. Y los pa\u00edses franc\u00f3fonos tienen un encanto especial. \u00a1Descubre frases de escritores franc\u00f3fonos c\u00e9lebres!\" \/>\n<meta name=\"robots\" content=\"index, follow, max-snippet:-1, max-image-preview:large, max-video-preview:-1\" \/>\n<link rel=\"canonical\" href=\"https:\/\/annemarieabautret.com\/blog\/frases-de-escritores-francofonos-celebres\/\" \/>\n<meta property=\"og:locale\" content=\"es_ES\" \/>\n<meta property=\"og:type\" content=\"article\" \/>\n<meta property=\"og:title\" content=\"Frases de escritores franc\u00f3fonos c\u00e9lebres\" \/>\n<meta property=\"og:description\" content=\"Es un placer leer buena literatura. Y los pa\u00edses franc\u00f3fonos tienen un encanto especial. \u00a1Descubre frases de escritores franc\u00f3fonos c\u00e9lebres!\" \/>\n<meta property=\"og:url\" content=\"https:\/\/annemarieabautret.com\/blog\/frases-de-escritores-francofonos-celebres\/\" \/>\n<meta property=\"og:site_name\" content=\"Anne Marie Abautret\" \/>\n<meta property=\"article:published_time\" content=\"2022-07-31T19:25:31+00:00\" \/>\n<meta property=\"article:modified_time\" content=\"2022-07-31T19:53:23+00:00\" \/>\n<meta property=\"og:image\" content=\"https:\/\/annemarieabautret.com\/blog\/wp-content\/uploads\/2022\/07\/LEV-post-204-Frases-de-escritores-francofonos-celebres.png\" \/>\n\t<meta property=\"og:image:width\" content=\"1200\" \/>\n\t<meta property=\"og:image:height\" content=\"630\" \/>\n\t<meta property=\"og:image:type\" content=\"image\/png\" \/>\n<meta name=\"author\" content=\"Bloglencriervert\" \/>\n<meta name=\"twitter:card\" content=\"summary_large_image\" \/>\n<meta name=\"twitter:title\" content=\"Frases de escritores franc\u00f3fonos c\u00e9lebres\" \/>\n<meta name=\"twitter:image\" content=\"https:\/\/annemarieabautret.com\/blog\/wp-content\/uploads\/2022\/07\/LEV-post-204-Frases-de-escritores-francofonos-celebres.png\" \/>\n<meta name=\"twitter:label1\" content=\"Written by\" \/>\n\t<meta name=\"twitter:data1\" content=\"Bloglencriervert\" \/>\n\t<meta name=\"twitter:label2\" content=\"Est. reading time\" \/>\n\t<meta name=\"twitter:data2\" content=\"4 minutos\" \/>\n<script type=\"application\/ld+json\" class=\"yoast-schema-graph\">{\"@context\":\"https:\/\/schema.org\",\"@graph\":[{\"@type\":\"WebPage\",\"@id\":\"https:\/\/annemarieabautret.com\/blog\/frases-de-escritores-francofonos-celebres\/\",\"url\":\"https:\/\/annemarieabautret.com\/blog\/frases-de-escritores-francofonos-celebres\/\",\"name\":\"Frases de escritores franc\u00f3fonos c\u00e9lebres - Anne Marie Abautret\",\"isPartOf\":{\"@id\":\"https:\/\/annemarieabautret.com\/blog\/#website\"},\"primaryImageOfPage\":{\"@id\":\"https:\/\/annemarieabautret.com\/blog\/frases-de-escritores-francofonos-celebres\/#primaryimage\"},\"image\":{\"@id\":\"https:\/\/annemarieabautret.com\/blog\/frases-de-escritores-francofonos-celebres\/#primaryimage\"},\"thumbnailUrl\":\"https:\/\/annemarieabautret.com\/blog\/wp-content\/uploads\/2022\/07\/LEV-post-204-Frases-de-escritores-francofonos-celebres.png\",\"datePublished\":\"2022-07-31T19:25:31+00:00\",\"dateModified\":\"2022-07-31T19:53:23+00:00\",\"author\":{\"@id\":\"https:\/\/annemarieabautret.com\/blog\/#\/schema\/person\/67f969769283a1cac966eb4824469e7b\"},\"description\":\"Es un placer leer buena literatura. Y los pa\u00edses franc\u00f3fonos tienen un encanto especial. \u00a1Descubre frases de escritores franc\u00f3fonos c\u00e9lebres!\",\"breadcrumb\":{\"@id\":\"https:\/\/annemarieabautret.com\/blog\/frases-de-escritores-francofonos-celebres\/#breadcrumb\"},\"inLanguage\":\"es-PE\",\"potentialAction\":[{\"@type\":\"ReadAction\",\"target\":[\"https:\/\/annemarieabautret.com\/blog\/frases-de-escritores-francofonos-celebres\/\"]}]},{\"@type\":\"ImageObject\",\"inLanguage\":\"es-PE\",\"@id\":\"https:\/\/annemarieabautret.com\/blog\/frases-de-escritores-francofonos-celebres\/#primaryimage\",\"url\":\"https:\/\/annemarieabautret.com\/blog\/wp-content\/uploads\/2022\/07\/LEV-post-204-Frases-de-escritores-francofonos-celebres.png\",\"contentUrl\":\"https:\/\/annemarieabautret.com\/blog\/wp-content\/uploads\/2022\/07\/LEV-post-204-Frases-de-escritores-francofonos-celebres.png\",\"width\":1200,\"height\":630},{\"@type\":\"BreadcrumbList\",\"@id\":\"https:\/\/annemarieabautret.com\/blog\/frases-de-escritores-francofonos-celebres\/#breadcrumb\",\"itemListElement\":[{\"@type\":\"ListItem\",\"position\":1,\"name\":\"Home\",\"item\":\"https:\/\/annemarieabautret.com\/blog\/\"},{\"@type\":\"ListItem\",\"position\":2,\"name\":\"Frases de escritores franc\u00f3fonos c\u00e9lebres\"}]},{\"@type\":\"WebSite\",\"@id\":\"https:\/\/annemarieabautret.com\/blog\/#website\",\"url\":\"https:\/\/annemarieabautret.com\/blog\/\",\"name\":\"Anne Marie Abautret\",\"description\":\"\u00a1Conoce el maravilloso mundo franc\u00f3fono con L&#039;encrier vert!\",\"potentialAction\":[{\"@type\":\"SearchAction\",\"target\":{\"@type\":\"EntryPoint\",\"urlTemplate\":\"https:\/\/annemarieabautret.com\/blog\/?s={search_term_string}\"},\"query-input\":{\"@type\":\"PropertyValueSpecification\",\"valueRequired\":true,\"valueName\":\"search_term_string\"}}],\"inLanguage\":\"es-PE\"},{\"@type\":\"Person\",\"@id\":\"https:\/\/annemarieabautret.com\/blog\/#\/schema\/person\/67f969769283a1cac966eb4824469e7b\",\"name\":\"Bloglencriervert\",\"image\":{\"@type\":\"ImageObject\",\"inLanguage\":\"es-PE\",\"@id\":\"https:\/\/annemarieabautret.com\/blog\/#\/schema\/person\/image\/\",\"url\":\"https:\/\/secure.gravatar.com\/avatar\/1b125fe84bb43db37171ca15c37bc658?s=96&d=mm&r=g\",\"contentUrl\":\"https:\/\/secure.gravatar.com\/avatar\/1b125fe84bb43db37171ca15c37bc658?s=96&d=mm&r=g\",\"caption\":\"Bloglencriervert\"},\"url\":\"https:\/\/annemarieabautret.com\/blog\/author\/anneblog\/\"}]}<\/script>\n<!-- \/ Yoast SEO plugin. -->","yoast_head_json":{"title":"Frases de escritores franc\u00f3fonos c\u00e9lebres - Anne Marie Abautret","description":"Es un placer leer buena literatura. Y los pa\u00edses franc\u00f3fonos tienen un encanto especial. \u00a1Descubre frases de escritores franc\u00f3fonos c\u00e9lebres!","robots":{"index":"index","follow":"follow","max-snippet":"max-snippet:-1","max-image-preview":"max-image-preview:large","max-video-preview":"max-video-preview:-1"},"canonical":"https:\/\/annemarieabautret.com\/blog\/frases-de-escritores-francofonos-celebres\/","og_locale":"es_ES","og_type":"article","og_title":"Frases de escritores franc\u00f3fonos c\u00e9lebres","og_description":"Es un placer leer buena literatura. Y los pa\u00edses franc\u00f3fonos tienen un encanto especial. \u00a1Descubre frases de escritores franc\u00f3fonos c\u00e9lebres!","og_url":"https:\/\/annemarieabautret.com\/blog\/frases-de-escritores-francofonos-celebres\/","og_site_name":"Anne Marie Abautret","article_published_time":"2022-07-31T19:25:31+00:00","article_modified_time":"2022-07-31T19:53:23+00:00","og_image":[{"width":1200,"height":630,"url":"https:\/\/annemarieabautret.com\/blog\/wp-content\/uploads\/2022\/07\/LEV-post-204-Frases-de-escritores-francofonos-celebres.png","type":"image\/png"}],"author":"Bloglencriervert","twitter_card":"summary_large_image","twitter_title":"Frases de escritores franc\u00f3fonos c\u00e9lebres","twitter_image":"https:\/\/annemarieabautret.com\/blog\/wp-content\/uploads\/2022\/07\/LEV-post-204-Frases-de-escritores-francofonos-celebres.png","twitter_misc":{"Written by":"Bloglencriervert","Est. reading time":"4 minutos"},"schema":{"@context":"https:\/\/schema.org","@graph":[{"@type":"WebPage","@id":"https:\/\/annemarieabautret.com\/blog\/frases-de-escritores-francofonos-celebres\/","url":"https:\/\/annemarieabautret.com\/blog\/frases-de-escritores-francofonos-celebres\/","name":"Frases de escritores franc\u00f3fonos c\u00e9lebres - Anne Marie Abautret","isPartOf":{"@id":"https:\/\/annemarieabautret.com\/blog\/#website"},"primaryImageOfPage":{"@id":"https:\/\/annemarieabautret.com\/blog\/frases-de-escritores-francofonos-celebres\/#primaryimage"},"image":{"@id":"https:\/\/annemarieabautret.com\/blog\/frases-de-escritores-francofonos-celebres\/#primaryimage"},"thumbnailUrl":"https:\/\/annemarieabautret.com\/blog\/wp-content\/uploads\/2022\/07\/LEV-post-204-Frases-de-escritores-francofonos-celebres.png","datePublished":"2022-07-31T19:25:31+00:00","dateModified":"2022-07-31T19:53:23+00:00","author":{"@id":"https:\/\/annemarieabautret.com\/blog\/#\/schema\/person\/67f969769283a1cac966eb4824469e7b"},"description":"Es un placer leer buena literatura. Y los pa\u00edses franc\u00f3fonos tienen un encanto especial. \u00a1Descubre frases de escritores franc\u00f3fonos c\u00e9lebres!","breadcrumb":{"@id":"https:\/\/annemarieabautret.com\/blog\/frases-de-escritores-francofonos-celebres\/#breadcrumb"},"inLanguage":"es-PE","potentialAction":[{"@type":"ReadAction","target":["https:\/\/annemarieabautret.com\/blog\/frases-de-escritores-francofonos-celebres\/"]}]},{"@type":"ImageObject","inLanguage":"es-PE","@id":"https:\/\/annemarieabautret.com\/blog\/frases-de-escritores-francofonos-celebres\/#primaryimage","url":"https:\/\/annemarieabautret.com\/blog\/wp-content\/uploads\/2022\/07\/LEV-post-204-Frases-de-escritores-francofonos-celebres.png","contentUrl":"https:\/\/annemarieabautret.com\/blog\/wp-content\/uploads\/2022\/07\/LEV-post-204-Frases-de-escritores-francofonos-celebres.png","width":1200,"height":630},{"@type":"BreadcrumbList","@id":"https:\/\/annemarieabautret.com\/blog\/frases-de-escritores-francofonos-celebres\/#breadcrumb","itemListElement":[{"@type":"ListItem","position":1,"name":"Home","item":"https:\/\/annemarieabautret.com\/blog\/"},{"@type":"ListItem","position":2,"name":"Frases de escritores franc\u00f3fonos c\u00e9lebres"}]},{"@type":"WebSite","@id":"https:\/\/annemarieabautret.com\/blog\/#website","url":"https:\/\/annemarieabautret.com\/blog\/","name":"Anne Marie Abautret","description":"\u00a1Conoce el maravilloso mundo franc\u00f3fono con L&#039;encrier vert!","potentialAction":[{"@type":"SearchAction","target":{"@type":"EntryPoint","urlTemplate":"https:\/\/annemarieabautret.com\/blog\/?s={search_term_string}"},"query-input":{"@type":"PropertyValueSpecification","valueRequired":true,"valueName":"search_term_string"}}],"inLanguage":"es-PE"},{"@type":"Person","@id":"https:\/\/annemarieabautret.com\/blog\/#\/schema\/person\/67f969769283a1cac966eb4824469e7b","name":"Bloglencriervert","image":{"@type":"ImageObject","inLanguage":"es-PE","@id":"https:\/\/annemarieabautret.com\/blog\/#\/schema\/person\/image\/","url":"https:\/\/secure.gravatar.com\/avatar\/1b125fe84bb43db37171ca15c37bc658?s=96&d=mm&r=g","contentUrl":"https:\/\/secure.gravatar.com\/avatar\/1b125fe84bb43db37171ca15c37bc658?s=96&d=mm&r=g","caption":"Bloglencriervert"},"url":"https:\/\/annemarieabautret.com\/blog\/author\/anneblog\/"}]}},"amp_enabled":true,"_links":{"self":[{"href":"https:\/\/annemarieabautret.com\/blog\/wp-json\/wp\/v2\/posts\/3220"}],"collection":[{"href":"https:\/\/annemarieabautret.com\/blog\/wp-json\/wp\/v2\/posts"}],"about":[{"href":"https:\/\/annemarieabautret.com\/blog\/wp-json\/wp\/v2\/types\/post"}],"author":[{"embeddable":true,"href":"https:\/\/annemarieabautret.com\/blog\/wp-json\/wp\/v2\/users\/1"}],"replies":[{"embeddable":true,"href":"https:\/\/annemarieabautret.com\/blog\/wp-json\/wp\/v2\/comments?post=3220"}],"version-history":[{"count":4,"href":"https:\/\/annemarieabautret.com\/blog\/wp-json\/wp\/v2\/posts\/3220\/revisions"}],"predecessor-version":[{"id":3230,"href":"https:\/\/annemarieabautret.com\/blog\/wp-json\/wp\/v2\/posts\/3220\/revisions\/3230"}],"wp:featuredmedia":[{"embeddable":true,"href":"https:\/\/annemarieabautret.com\/blog\/wp-json\/wp\/v2\/media\/3225"}],"wp:attachment":[{"href":"https:\/\/annemarieabautret.com\/blog\/wp-json\/wp\/v2\/media?parent=3220"}],"wp:term":[{"taxonomy":"category","embeddable":true,"href":"https:\/\/annemarieabautret.com\/blog\/wp-json\/wp\/v2\/categories?post=3220"},{"taxonomy":"post_tag","embeddable":true,"href":"https:\/\/annemarieabautret.com\/blog\/wp-json\/wp\/v2\/tags?post=3220"}],"curies":[{"name":"wp","href":"https:\/\/api.w.org\/{rel}","templated":true}]}}