{"id":3527,"date":"2022-11-30T12:59:03","date_gmt":"2022-11-30T17:59:03","guid":{"rendered":"https:\/\/annemarieabautret.com\/blog\/?p=3527"},"modified":"2022-11-30T12:59:05","modified_gmt":"2022-11-30T17:59:05","slug":"frases-de-escritores-celebres-francofonos","status":"publish","type":"post","link":"https:\/\/annemarieabautret.com\/blog\/frases-de-escritores-celebres-francofonos\/","title":{"rendered":"Frases de escritores c\u00e9lebres franc\u00f3fonos"},"content":{"rendered":"\n<p>La literatura, como cualquier otro arte, tiene la capacidad de despertar nuestros sentidos de maneras insospechadas. Poder viajar con la mente a otros mundos, otras realidades, otras sensaciones o simplemente sentir placer al leer, es algo que solo las letras nos lo pueden ofrecer. La lengua gala tiene un repertorio enorme de literatos que nos llevan hasta esos preciosos lugares evocados en palabras. Y nosotros queremos traerte un poco de eso. Descubre con nosotros algunas de las mejores frases de escritores c\u00e9lebres franc\u00f3fonos. \u00a1Vamos all\u00e1!<\/p>\n\n\n\n<figure class=\"wp-block-image size-large is-style-default\"><img loading=\"lazy\" decoding=\"async\" width=\"1024\" height=\"538\" src=\"https:\/\/annemarieabautret.com\/blog\/wp-content\/uploads\/2022\/11\/LEV-post-222-Frases-de-escritores-celebres-francofonos--1024x538.png\" alt=\"Frases de escritores c\u00e9lebres franc\u00f3fonos \" class=\"wp-image-3534\" srcset=\"https:\/\/annemarieabautret.com\/blog\/wp-content\/uploads\/2022\/11\/LEV-post-222-Frases-de-escritores-celebres-francofonos--1024x538.png 1024w, https:\/\/annemarieabautret.com\/blog\/wp-content\/uploads\/2022\/11\/LEV-post-222-Frases-de-escritores-celebres-francofonos--300x158.png 300w, https:\/\/annemarieabautret.com\/blog\/wp-content\/uploads\/2022\/11\/LEV-post-222-Frases-de-escritores-celebres-francofonos--768x403.png 768w, https:\/\/annemarieabautret.com\/blog\/wp-content\/uploads\/2022\/11\/LEV-post-222-Frases-de-escritores-celebres-francofonos-.png 1200w\" sizes=\"(max-width: 1024px) 100vw, 1024px\" \/><\/figure>\n\n\n\n<h2 class=\"wp-block-heading\">Frases de escritores c\u00e9lebres franc\u00f3fonos<\/h2>\n\n\n\n<p>En esta ocasi\u00f3n, nos pasearemos por algunos de los mejores escritores de la historia de la lengua francesa, como lo son Sacha Guitry, Pierre Baillargeon, Alfred de Musset y Pierre Mac Orlan. \u00a1Sigue leyendo!<\/p>\n\n\n\n<h3 class=\"wp-block-heading\"><em>1. On peut rire de tout, mais pas avec tout le monde.<\/em><\/h3>\n\n\n\n<figure class=\"wp-block-image size-large is-style-default\"><img loading=\"lazy\" decoding=\"async\" width=\"1024\" height=\"1024\" src=\"https:\/\/annemarieabautret.com\/blog\/wp-content\/uploads\/2022\/11\/LEV-Cita-Sacha-Guitry-1024x1024.png\" alt=\"Frases de escritores c\u00e9lebres franc\u00f3fonos \" class=\"wp-image-3530\" srcset=\"https:\/\/annemarieabautret.com\/blog\/wp-content\/uploads\/2022\/11\/LEV-Cita-Sacha-Guitry-1024x1024.png 1024w, https:\/\/annemarieabautret.com\/blog\/wp-content\/uploads\/2022\/11\/LEV-Cita-Sacha-Guitry-300x300.png 300w, https:\/\/annemarieabautret.com\/blog\/wp-content\/uploads\/2022\/11\/LEV-Cita-Sacha-Guitry-150x150.png 150w, https:\/\/annemarieabautret.com\/blog\/wp-content\/uploads\/2022\/11\/LEV-Cita-Sacha-Guitry-768x768.png 768w, https:\/\/annemarieabautret.com\/blog\/wp-content\/uploads\/2022\/11\/LEV-Cita-Sacha-Guitry.png 1080w\" sizes=\"(max-width: 1024px) 100vw, 1024px\" \/><\/figure>\n\n\n\n<blockquote class=\"wp-block-quote has-text-align-center is-style-large is-layout-flow wp-block-quote-is-layout-flow\"><p>\u00abPodemos re\u00edrnos de todo, pero no con todos\u00bb<\/p><cite>- Sacha Guitry<\/cite><\/blockquote>\n\n\n\n<figure class=\"wp-block-image size-full is-style-default\"><a href=\"https:\/\/www.instagram.com\/francesconlencriervert\/\" target=\"_blank\" rel=\"noreferrer noopener\"><img loading=\"lazy\" decoding=\"async\" width=\"600\" height=\"156\" src=\"https:\/\/annemarieabautret.com\/blog\/wp-content\/uploads\/2022\/04\/LEV-Banner-Promo-Todos-los-niveles.gif\" alt=\"\" class=\"wp-image-2922\"\/><\/a><\/figure>\n\n\n\n<h3 class=\"wp-block-heading\"><em>2. L'amour, l'amiti\u00e9, le bonheur, voil\u00e0 de si grands mots qu'ils font des maximes de toutes les phrases o\u00f9 ils entrent.<\/em><\/h3>\n\n\n\n<figure class=\"wp-block-image size-large is-style-default\"><img loading=\"lazy\" decoding=\"async\" width=\"1024\" height=\"1024\" src=\"https:\/\/annemarieabautret.com\/blog\/wp-content\/uploads\/2022\/11\/LEV-Cita-Pierre-Baillargeon-1024x1024.png\" alt=\"Frases de escritores c\u00e9lebres franc\u00f3fonos \" class=\"wp-image-3531\" srcset=\"https:\/\/annemarieabautret.com\/blog\/wp-content\/uploads\/2022\/11\/LEV-Cita-Pierre-Baillargeon-1024x1024.png 1024w, https:\/\/annemarieabautret.com\/blog\/wp-content\/uploads\/2022\/11\/LEV-Cita-Pierre-Baillargeon-300x300.png 300w, https:\/\/annemarieabautret.com\/blog\/wp-content\/uploads\/2022\/11\/LEV-Cita-Pierre-Baillargeon-150x150.png 150w, https:\/\/annemarieabautret.com\/blog\/wp-content\/uploads\/2022\/11\/LEV-Cita-Pierre-Baillargeon-768x768.png 768w, https:\/\/annemarieabautret.com\/blog\/wp-content\/uploads\/2022\/11\/LEV-Cita-Pierre-Baillargeon.png 1080w\" sizes=\"(max-width: 1024px) 100vw, 1024px\" \/><\/figure>\n\n\n\n<blockquote class=\"wp-block-quote has-text-align-center is-style-large is-layout-flow wp-block-quote-is-layout-flow\"><p>\u00abEl amor, la amistad, la felicidad, son palabras tan grandes que convierten en m\u00e1ximas todas las frases de las que forman parte\u00bb<\/p><cite>- Pierre Baillargeon<\/cite><\/blockquote>\n\n\n\n<h2 class=\"wp-block-heading\"><em><strong><mark style=\"background-color:rgba(0, 0, 0, 0)\" class=\"has-inline-color has-vivid-red-color\">Mira tambi\u00e9n<\/mark><\/strong>: <a href=\"https:\/\/annemarieabautret.com\/blog\/frases-de-escritores-francofonos-celebres\/\">M\u00e1s frases de escritores franc\u00f3fonos<\/a><\/em><\/h2>\n\n\n\n<h3 class=\"wp-block-heading\"><em>3. Il vaut mieux faire que dire.<\/em><\/h3>\n\n\n\n<figure class=\"wp-block-image size-large is-style-default\"><img loading=\"lazy\" decoding=\"async\" width=\"1024\" height=\"1024\" src=\"https:\/\/annemarieabautret.com\/blog\/wp-content\/uploads\/2022\/11\/LEV-cita-Alfred-de-Musset-1024x1024.png\" alt=\"Frases de escritores c\u00e9lebres franc\u00f3fonos \" class=\"wp-image-3532\" srcset=\"https:\/\/annemarieabautret.com\/blog\/wp-content\/uploads\/2022\/11\/LEV-cita-Alfred-de-Musset-1024x1024.png 1024w, https:\/\/annemarieabautret.com\/blog\/wp-content\/uploads\/2022\/11\/LEV-cita-Alfred-de-Musset-300x300.png 300w, https:\/\/annemarieabautret.com\/blog\/wp-content\/uploads\/2022\/11\/LEV-cita-Alfred-de-Musset-150x150.png 150w, https:\/\/annemarieabautret.com\/blog\/wp-content\/uploads\/2022\/11\/LEV-cita-Alfred-de-Musset-768x768.png 768w, https:\/\/annemarieabautret.com\/blog\/wp-content\/uploads\/2022\/11\/LEV-cita-Alfred-de-Musset.png 1080w\" sizes=\"(max-width: 1024px) 100vw, 1024px\" \/><\/figure>\n\n\n\n<blockquote class=\"wp-block-quote has-text-align-center is-style-large is-layout-flow wp-block-quote-is-layout-flow\"><p>\u00abEs mejor hacer que decir\u00bb<\/p><cite>- Alfred de Musset<\/cite><\/blockquote>\n\n\n\n<figure class=\"wp-block-image size-full is-style-default\"><a href=\"https:\/\/mailchi.mp\/63a6d94a6b10\/lencrier-vert-newsletter\" target=\"_blank\" rel=\"noreferrer noopener\"><img loading=\"lazy\" decoding=\"async\" width=\"600\" height=\"156\" src=\"https:\/\/annemarieabautret.com\/blog\/wp-content\/uploads\/2022\/02\/Hnet.com-image.gif\" alt=\"\" class=\"wp-image-2648\"\/><\/a><\/figure>\n\n\n\n<h3 class=\"wp-block-heading\"><em>4. Quand on poss\u00e8de le go\u00fbt des gens exceptionnels, on finit toujours par en rencontrer partout.<\/em><\/h3>\n\n\n\n<figure class=\"wp-block-image size-large is-style-default\"><img loading=\"lazy\" decoding=\"async\" width=\"1024\" height=\"1024\" src=\"https:\/\/annemarieabautret.com\/blog\/wp-content\/uploads\/2022\/11\/LEV-Cita-de-Pierre-Mac-Orlan-1024x1024.png\" alt=\"\" class=\"wp-image-3533\" srcset=\"https:\/\/annemarieabautret.com\/blog\/wp-content\/uploads\/2022\/11\/LEV-Cita-de-Pierre-Mac-Orlan-1024x1024.png 1024w, https:\/\/annemarieabautret.com\/blog\/wp-content\/uploads\/2022\/11\/LEV-Cita-de-Pierre-Mac-Orlan-300x300.png 300w, https:\/\/annemarieabautret.com\/blog\/wp-content\/uploads\/2022\/11\/LEV-Cita-de-Pierre-Mac-Orlan-150x150.png 150w, https:\/\/annemarieabautret.com\/blog\/wp-content\/uploads\/2022\/11\/LEV-Cita-de-Pierre-Mac-Orlan-768x768.png 768w, https:\/\/annemarieabautret.com\/blog\/wp-content\/uploads\/2022\/11\/LEV-Cita-de-Pierre-Mac-Orlan.png 1080w\" sizes=\"(max-width: 1024px) 100vw, 1024px\" \/><\/figure>\n\n\n\n<blockquote class=\"wp-block-quote has-text-align-center is-style-large is-layout-flow wp-block-quote-is-layout-flow\"><p>\u00abCuando tienes un gusto por las personas excepcionales, siempre terminas encontr\u00e1ndote con ellas en todas partes\u00bb<\/p><cite>- Pierre Mac Orlan<\/cite><\/blockquote>\n\n\n\n<h4 class=\"wp-block-heading\">Si deseas conocer m\u00e1s frases de escritores franc\u00f3fonos , as\u00ed como enterarte de nuestros cursos, no te pierdas ninguna de nuestras publicaciones en las redes sociales.&#x1f447;<\/h4>\n\n\n\n<figure class=\"wp-block-image size-large is-style-default\"><a href=\"https:\/\/www.instagram.com\/francesconlencriervert\/\" target=\"_blank\" rel=\"noreferrer noopener\"><img loading=\"lazy\" decoding=\"async\" width=\"1024\" height=\"269\" src=\"https:\/\/annemarieabautret.com\/blog\/wp-content\/uploads\/2021\/06\/LEV-banner-redes-sociales-posts-1024x269.png\" alt=\"\" class=\"wp-image-1227\" srcset=\"https:\/\/annemarieabautret.com\/blog\/wp-content\/uploads\/2021\/06\/LEV-banner-redes-sociales-posts-1024x269.png 1024w, https:\/\/annemarieabautret.com\/blog\/wp-content\/uploads\/2021\/06\/LEV-banner-redes-sociales-posts-300x79.png 300w, https:\/\/annemarieabautret.com\/blog\/wp-content\/uploads\/2021\/06\/LEV-banner-redes-sociales-posts-768x202.png 768w, https:\/\/annemarieabautret.com\/blog\/wp-content\/uploads\/2021\/06\/LEV-banner-redes-sociales-posts.png 1200w\" sizes=\"(max-width: 1024px) 100vw, 1024px\" \/><\/a><\/figure>\n\n\n\n<figure class=\"wp-block-image size-large is-style-default\"><a href=\"https:\/\/www.facebook.com\/LencrierVert\" target=\"_blank\" rel=\"noreferrer noopener\"><img loading=\"lazy\" decoding=\"async\" width=\"1024\" height=\"269\" src=\"https:\/\/annemarieabautret.com\/blog\/wp-content\/uploads\/2021\/06\/LEV-banner-redes-sociales-posts-1-1024x269.png\" alt=\"\" class=\"wp-image-1228\" srcset=\"https:\/\/annemarieabautret.com\/blog\/wp-content\/uploads\/2021\/06\/LEV-banner-redes-sociales-posts-1-1024x269.png 1024w, https:\/\/annemarieabautret.com\/blog\/wp-content\/uploads\/2021\/06\/LEV-banner-redes-sociales-posts-1-300x79.png 300w, https:\/\/annemarieabautret.com\/blog\/wp-content\/uploads\/2021\/06\/LEV-banner-redes-sociales-posts-1-768x202.png 768w, https:\/\/annemarieabautret.com\/blog\/wp-content\/uploads\/2021\/06\/LEV-banner-redes-sociales-posts-1.png 1200w\" sizes=\"(max-width: 1024px) 100vw, 1024px\" \/><\/a><\/figure>\n","protected":false},"excerpt":{"rendered":"<p>La literatura, como cualquier otro arte, tiene la capacidad de despertar nuestros sentidos de maneras insospechadas. Poder viajar con la mente a otros mundos, otras realidades, otras sensaciones o simplemente sentir placer al leer, es algo que solo las letras nos lo pueden ofrecer. La lengua gala tiene un repertorio enorme de literatos que nos [&hellip;]<\/p>\n","protected":false},"author":1,"featured_media":3534,"comment_status":"open","ping_status":"open","sticky":false,"template":"","format":"standard","meta":{"footnotes":""},"categories":[7],"tags":[306,24,379,104,683,106,3,4,105,195,578,445,479,685,686,684],"class_list":["post-3527","post","type-post","status-publish","format-standard","has-post-thumbnail","hentry","category-curiosidades","tag-alfred-de-musset","tag-curiosidades","tag-escritoras-francesas","tag-escritores-franceses","tag-escritores-quebequenses","tag-escritura","tag-frances","tag-frances-2","tag-literatura","tag-literatura-francesa","tag-literatura-francofona","tag-literatura-quebequense","tag-literature","tag-pierre-baillargeon","tag-pierre-mac-orlan","tag-sacha-guitry"],"yoast_head":"<!-- This site is optimized with the Yoast SEO plugin v24.6 - https:\/\/yoast.com\/wordpress\/plugins\/seo\/ -->\n<title>Frases de escritores c\u00e9lebres franc\u00f3fonos - Anne Marie Abautret<\/title>\n<meta name=\"robots\" content=\"index, follow, max-snippet:-1, max-image-preview:large, max-video-preview:-1\" \/>\n<link rel=\"canonical\" href=\"https:\/\/annemarieabautret.com\/blog\/frases-de-escritores-celebres-francofonos\/\" \/>\n<meta property=\"og:locale\" content=\"es_ES\" \/>\n<meta property=\"og:type\" content=\"article\" \/>\n<meta property=\"og:title\" content=\"Frases de escritores c\u00e9lebres franc\u00f3fonos\" \/>\n<meta property=\"og:description\" content=\"La literatura, como cualquier otro arte, tiene la capacidad de despertar nuestros sentidos de maneras insospechadas. Poder viajar con la mente a otros mundos, otras realidades, otras sensaciones o simplemente sentir placer al leer, es algo que solo las letras nos lo pueden ofrecer. La lengua gala tiene un repertorio enorme de literatos que nos [&hellip;]\" \/>\n<meta property=\"og:url\" content=\"https:\/\/annemarieabautret.com\/blog\/frases-de-escritores-celebres-francofonos\/\" \/>\n<meta property=\"og:site_name\" content=\"Anne Marie Abautret\" \/>\n<meta property=\"article:published_time\" content=\"2022-11-30T17:59:03+00:00\" \/>\n<meta property=\"article:modified_time\" content=\"2022-11-30T17:59:05+00:00\" \/>\n<meta property=\"og:image\" content=\"https:\/\/annemarieabautret.com\/blog\/wp-content\/uploads\/2022\/11\/LEV-post-222-Frases-de-escritores-celebres-francofonos-.png\" \/>\n\t<meta property=\"og:image:width\" content=\"1200\" \/>\n\t<meta property=\"og:image:height\" content=\"630\" \/>\n\t<meta property=\"og:image:type\" content=\"image\/png\" \/>\n<meta name=\"author\" content=\"Bloglencriervert\" \/>\n<meta name=\"twitter:card\" content=\"summary_large_image\" \/>\n<meta name=\"twitter:title\" content=\"Frases de escritores c\u00e9lebres franc\u00f3fonos\" \/>\n<meta name=\"twitter:image\" content=\"https:\/\/annemarieabautret.com\/blog\/wp-content\/uploads\/2022\/11\/LEV-post-222-Frases-de-escritores-celebres-francofonos-.png\" \/>\n<meta name=\"twitter:label1\" content=\"Written by\" \/>\n\t<meta name=\"twitter:data1\" content=\"Bloglencriervert\" \/>\n\t<meta name=\"twitter:label2\" content=\"Est. reading time\" \/>\n\t<meta name=\"twitter:data2\" content=\"4 minutos\" \/>\n<script type=\"application\/ld+json\" class=\"yoast-schema-graph\">{\"@context\":\"https:\/\/schema.org\",\"@graph\":[{\"@type\":\"WebPage\",\"@id\":\"https:\/\/annemarieabautret.com\/blog\/frases-de-escritores-celebres-francofonos\/\",\"url\":\"https:\/\/annemarieabautret.com\/blog\/frases-de-escritores-celebres-francofonos\/\",\"name\":\"Frases de escritores c\u00e9lebres franc\u00f3fonos - Anne Marie Abautret\",\"isPartOf\":{\"@id\":\"https:\/\/annemarieabautret.com\/blog\/#website\"},\"primaryImageOfPage\":{\"@id\":\"https:\/\/annemarieabautret.com\/blog\/frases-de-escritores-celebres-francofonos\/#primaryimage\"},\"image\":{\"@id\":\"https:\/\/annemarieabautret.com\/blog\/frases-de-escritores-celebres-francofonos\/#primaryimage\"},\"thumbnailUrl\":\"https:\/\/annemarieabautret.com\/blog\/wp-content\/uploads\/2022\/11\/LEV-post-222-Frases-de-escritores-celebres-francofonos-.png\",\"datePublished\":\"2022-11-30T17:59:03+00:00\",\"dateModified\":\"2022-11-30T17:59:05+00:00\",\"author\":{\"@id\":\"https:\/\/annemarieabautret.com\/blog\/#\/schema\/person\/67f969769283a1cac966eb4824469e7b\"},\"breadcrumb\":{\"@id\":\"https:\/\/annemarieabautret.com\/blog\/frases-de-escritores-celebres-francofonos\/#breadcrumb\"},\"inLanguage\":\"es-PE\",\"potentialAction\":[{\"@type\":\"ReadAction\",\"target\":[\"https:\/\/annemarieabautret.com\/blog\/frases-de-escritores-celebres-francofonos\/\"]}]},{\"@type\":\"ImageObject\",\"inLanguage\":\"es-PE\",\"@id\":\"https:\/\/annemarieabautret.com\/blog\/frases-de-escritores-celebres-francofonos\/#primaryimage\",\"url\":\"https:\/\/annemarieabautret.com\/blog\/wp-content\/uploads\/2022\/11\/LEV-post-222-Frases-de-escritores-celebres-francofonos-.png\",\"contentUrl\":\"https:\/\/annemarieabautret.com\/blog\/wp-content\/uploads\/2022\/11\/LEV-post-222-Frases-de-escritores-celebres-francofonos-.png\",\"width\":1200,\"height\":630},{\"@type\":\"BreadcrumbList\",\"@id\":\"https:\/\/annemarieabautret.com\/blog\/frases-de-escritores-celebres-francofonos\/#breadcrumb\",\"itemListElement\":[{\"@type\":\"ListItem\",\"position\":1,\"name\":\"Home\",\"item\":\"https:\/\/annemarieabautret.com\/blog\/\"},{\"@type\":\"ListItem\",\"position\":2,\"name\":\"Frases de escritores c\u00e9lebres franc\u00f3fonos\"}]},{\"@type\":\"WebSite\",\"@id\":\"https:\/\/annemarieabautret.com\/blog\/#website\",\"url\":\"https:\/\/annemarieabautret.com\/blog\/\",\"name\":\"Anne Marie Abautret\",\"description\":\"\u00a1Conoce el maravilloso mundo franc\u00f3fono con L&#039;encrier vert!\",\"potentialAction\":[{\"@type\":\"SearchAction\",\"target\":{\"@type\":\"EntryPoint\",\"urlTemplate\":\"https:\/\/annemarieabautret.com\/blog\/?s={search_term_string}\"},\"query-input\":{\"@type\":\"PropertyValueSpecification\",\"valueRequired\":true,\"valueName\":\"search_term_string\"}}],\"inLanguage\":\"es-PE\"},{\"@type\":\"Person\",\"@id\":\"https:\/\/annemarieabautret.com\/blog\/#\/schema\/person\/67f969769283a1cac966eb4824469e7b\",\"name\":\"Bloglencriervert\",\"image\":{\"@type\":\"ImageObject\",\"inLanguage\":\"es-PE\",\"@id\":\"https:\/\/annemarieabautret.com\/blog\/#\/schema\/person\/image\/\",\"url\":\"https:\/\/secure.gravatar.com\/avatar\/1b125fe84bb43db37171ca15c37bc658?s=96&d=mm&r=g\",\"contentUrl\":\"https:\/\/secure.gravatar.com\/avatar\/1b125fe84bb43db37171ca15c37bc658?s=96&d=mm&r=g\",\"caption\":\"Bloglencriervert\"},\"url\":\"https:\/\/annemarieabautret.com\/blog\/author\/anneblog\/\"}]}<\/script>\n<!-- \/ Yoast SEO plugin. -->","yoast_head_json":{"title":"Frases de escritores c\u00e9lebres franc\u00f3fonos - Anne Marie Abautret","robots":{"index":"index","follow":"follow","max-snippet":"max-snippet:-1","max-image-preview":"max-image-preview:large","max-video-preview":"max-video-preview:-1"},"canonical":"https:\/\/annemarieabautret.com\/blog\/frases-de-escritores-celebres-francofonos\/","og_locale":"es_ES","og_type":"article","og_title":"Frases de escritores c\u00e9lebres franc\u00f3fonos","og_description":"La literatura, como cualquier otro arte, tiene la capacidad de despertar nuestros sentidos de maneras insospechadas. Poder viajar con la mente a otros mundos, otras realidades, otras sensaciones o simplemente sentir placer al leer, es algo que solo las letras nos lo pueden ofrecer. La lengua gala tiene un repertorio enorme de literatos que nos [&hellip;]","og_url":"https:\/\/annemarieabautret.com\/blog\/frases-de-escritores-celebres-francofonos\/","og_site_name":"Anne Marie Abautret","article_published_time":"2022-11-30T17:59:03+00:00","article_modified_time":"2022-11-30T17:59:05+00:00","og_image":[{"width":1200,"height":630,"url":"https:\/\/annemarieabautret.com\/blog\/wp-content\/uploads\/2022\/11\/LEV-post-222-Frases-de-escritores-celebres-francofonos-.png","type":"image\/png"}],"author":"Bloglencriervert","twitter_card":"summary_large_image","twitter_title":"Frases de escritores c\u00e9lebres franc\u00f3fonos","twitter_image":"https:\/\/annemarieabautret.com\/blog\/wp-content\/uploads\/2022\/11\/LEV-post-222-Frases-de-escritores-celebres-francofonos-.png","twitter_misc":{"Written by":"Bloglencriervert","Est. reading time":"4 minutos"},"schema":{"@context":"https:\/\/schema.org","@graph":[{"@type":"WebPage","@id":"https:\/\/annemarieabautret.com\/blog\/frases-de-escritores-celebres-francofonos\/","url":"https:\/\/annemarieabautret.com\/blog\/frases-de-escritores-celebres-francofonos\/","name":"Frases de escritores c\u00e9lebres franc\u00f3fonos - Anne Marie Abautret","isPartOf":{"@id":"https:\/\/annemarieabautret.com\/blog\/#website"},"primaryImageOfPage":{"@id":"https:\/\/annemarieabautret.com\/blog\/frases-de-escritores-celebres-francofonos\/#primaryimage"},"image":{"@id":"https:\/\/annemarieabautret.com\/blog\/frases-de-escritores-celebres-francofonos\/#primaryimage"},"thumbnailUrl":"https:\/\/annemarieabautret.com\/blog\/wp-content\/uploads\/2022\/11\/LEV-post-222-Frases-de-escritores-celebres-francofonos-.png","datePublished":"2022-11-30T17:59:03+00:00","dateModified":"2022-11-30T17:59:05+00:00","author":{"@id":"https:\/\/annemarieabautret.com\/blog\/#\/schema\/person\/67f969769283a1cac966eb4824469e7b"},"breadcrumb":{"@id":"https:\/\/annemarieabautret.com\/blog\/frases-de-escritores-celebres-francofonos\/#breadcrumb"},"inLanguage":"es-PE","potentialAction":[{"@type":"ReadAction","target":["https:\/\/annemarieabautret.com\/blog\/frases-de-escritores-celebres-francofonos\/"]}]},{"@type":"ImageObject","inLanguage":"es-PE","@id":"https:\/\/annemarieabautret.com\/blog\/frases-de-escritores-celebres-francofonos\/#primaryimage","url":"https:\/\/annemarieabautret.com\/blog\/wp-content\/uploads\/2022\/11\/LEV-post-222-Frases-de-escritores-celebres-francofonos-.png","contentUrl":"https:\/\/annemarieabautret.com\/blog\/wp-content\/uploads\/2022\/11\/LEV-post-222-Frases-de-escritores-celebres-francofonos-.png","width":1200,"height":630},{"@type":"BreadcrumbList","@id":"https:\/\/annemarieabautret.com\/blog\/frases-de-escritores-celebres-francofonos\/#breadcrumb","itemListElement":[{"@type":"ListItem","position":1,"name":"Home","item":"https:\/\/annemarieabautret.com\/blog\/"},{"@type":"ListItem","position":2,"name":"Frases de escritores c\u00e9lebres franc\u00f3fonos"}]},{"@type":"WebSite","@id":"https:\/\/annemarieabautret.com\/blog\/#website","url":"https:\/\/annemarieabautret.com\/blog\/","name":"Anne Marie Abautret","description":"\u00a1Conoce el maravilloso mundo franc\u00f3fono con L&#039;encrier vert!","potentialAction":[{"@type":"SearchAction","target":{"@type":"EntryPoint","urlTemplate":"https:\/\/annemarieabautret.com\/blog\/?s={search_term_string}"},"query-input":{"@type":"PropertyValueSpecification","valueRequired":true,"valueName":"search_term_string"}}],"inLanguage":"es-PE"},{"@type":"Person","@id":"https:\/\/annemarieabautret.com\/blog\/#\/schema\/person\/67f969769283a1cac966eb4824469e7b","name":"Bloglencriervert","image":{"@type":"ImageObject","inLanguage":"es-PE","@id":"https:\/\/annemarieabautret.com\/blog\/#\/schema\/person\/image\/","url":"https:\/\/secure.gravatar.com\/avatar\/1b125fe84bb43db37171ca15c37bc658?s=96&d=mm&r=g","contentUrl":"https:\/\/secure.gravatar.com\/avatar\/1b125fe84bb43db37171ca15c37bc658?s=96&d=mm&r=g","caption":"Bloglencriervert"},"url":"https:\/\/annemarieabautret.com\/blog\/author\/anneblog\/"}]}},"amp_enabled":true,"_links":{"self":[{"href":"https:\/\/annemarieabautret.com\/blog\/wp-json\/wp\/v2\/posts\/3527"}],"collection":[{"href":"https:\/\/annemarieabautret.com\/blog\/wp-json\/wp\/v2\/posts"}],"about":[{"href":"https:\/\/annemarieabautret.com\/blog\/wp-json\/wp\/v2\/types\/post"}],"author":[{"embeddable":true,"href":"https:\/\/annemarieabautret.com\/blog\/wp-json\/wp\/v2\/users\/1"}],"replies":[{"embeddable":true,"href":"https:\/\/annemarieabautret.com\/blog\/wp-json\/wp\/v2\/comments?post=3527"}],"version-history":[{"count":2,"href":"https:\/\/annemarieabautret.com\/blog\/wp-json\/wp\/v2\/posts\/3527\/revisions"}],"predecessor-version":[{"id":3536,"href":"https:\/\/annemarieabautret.com\/blog\/wp-json\/wp\/v2\/posts\/3527\/revisions\/3536"}],"wp:featuredmedia":[{"embeddable":true,"href":"https:\/\/annemarieabautret.com\/blog\/wp-json\/wp\/v2\/media\/3534"}],"wp:attachment":[{"href":"https:\/\/annemarieabautret.com\/blog\/wp-json\/wp\/v2\/media?parent=3527"}],"wp:term":[{"taxonomy":"category","embeddable":true,"href":"https:\/\/annemarieabautret.com\/blog\/wp-json\/wp\/v2\/categories?post=3527"},{"taxonomy":"post_tag","embeddable":true,"href":"https:\/\/annemarieabautret.com\/blog\/wp-json\/wp\/v2\/tags?post=3527"}],"curies":[{"name":"wp","href":"https:\/\/api.w.org\/{rel}","templated":true}]}}