{"id":3733,"date":"2023-02-28T14:26:37","date_gmt":"2023-02-28T19:26:37","guid":{"rendered":"https:\/\/annemarieabautret.com\/blog\/?p=3733"},"modified":"2023-03-07T15:11:52","modified_gmt":"2023-03-07T20:11:52","slug":"quien-fue-simone-de-beauvoir","status":"publish","type":"post","link":"https:\/\/annemarieabautret.com\/blog\/quien-fue-simone-de-beauvoir\/","title":{"rendered":"\u00bfQui\u00e9n fue Simone de Beauvoir?"},"content":{"rendered":"\n<p>Simone de Beauvoir fue una escritora y fil\u00f3sofa francesa que jug\u00f3 un papel fundamental en el movimiento feminista y existencialista del siglo XX. Su obra se centr\u00f3 en la libertad individual y en la lucha contra la opresi\u00f3n de las mujeres, convirti\u00e9ndose en una voz influyente en el mundo de la literatura y la filosof\u00eda. \u00a1Conoce m\u00e1s sobre qui\u00e9n fue Simone de Beauvoir en Biograf\u00edas LEV!<\/p>\n\n\n\n<figure class=\"wp-block-image size-large is-style-default\"><img loading=\"lazy\" decoding=\"async\" width=\"1024\" height=\"538\" src=\"https:\/\/annemarieabautret.com\/blog\/wp-content\/uploads\/2023\/02\/1-3-1024x538.png\" alt=\"\u00bfQui\u00e9n fue Simone de Beauvoir? \" class=\"wp-image-3735\" srcset=\"https:\/\/annemarieabautret.com\/blog\/wp-content\/uploads\/2023\/02\/1-3-1024x538.png 1024w, https:\/\/annemarieabautret.com\/blog\/wp-content\/uploads\/2023\/02\/1-3-300x158.png 300w, https:\/\/annemarieabautret.com\/blog\/wp-content\/uploads\/2023\/02\/1-3-768x403.png 768w, https:\/\/annemarieabautret.com\/blog\/wp-content\/uploads\/2023\/02\/1-3.png 1200w\" sizes=\"(max-width: 1024px) 100vw, 1024px\" \/><figcaption><em>Simone de Beauvoir.<\/em><\/figcaption><\/figure>\n\n\n\n<h2 class=\"wp-block-heading\">\u00bfQui\u00e9n fue Simone de Beauvoir?: infancia<\/h2>\n\n\n\n<p>Simone de Beauvoir naci\u00f3 en Par\u00eds el 9 de enero de 1908. Fue la mayor de dos hermanas y creci\u00f3 en una familia acomodada y cat\u00f3lica. Desde joven, mostr\u00f3 un gran inter\u00e9s por la literatura y la filosof\u00eda, y se dedic\u00f3 a la escritura de manera autodidacta. A los 14 a\u00f1os, perdi\u00f3 la fe cat\u00f3lica y se interes\u00f3 por la filosof\u00eda existencialista.<\/p>\n\n\n\n<figure class=\"wp-block-image size-large is-style-default\"><img loading=\"lazy\" decoding=\"async\" width=\"1024\" height=\"538\" src=\"https:\/\/annemarieabautret.com\/blog\/wp-content\/uploads\/2023\/02\/2-3-1024x538.png\" alt=\"\u00bfQui\u00e9n fue Simone de Beauvoir? \" class=\"wp-image-3736\" srcset=\"https:\/\/annemarieabautret.com\/blog\/wp-content\/uploads\/2023\/02\/2-3-1024x538.png 1024w, https:\/\/annemarieabautret.com\/blog\/wp-content\/uploads\/2023\/02\/2-3-300x158.png 300w, https:\/\/annemarieabautret.com\/blog\/wp-content\/uploads\/2023\/02\/2-3-768x403.png 768w, https:\/\/annemarieabautret.com\/blog\/wp-content\/uploads\/2023\/02\/2-3.png 1200w\" sizes=\"(max-width: 1024px) 100vw, 1024px\" \/><figcaption><em>Simone de Beauvoir en su adolescencia.<\/em><\/figcaption><\/figure>\n\n\n\n<figure class=\"wp-block-image size-full is-style-default\"><a href=\"https:\/\/www.instagram.com\/francesconlencriervert\/\" target=\"_blank\" rel=\"noreferrer noopener\"><img loading=\"lazy\" decoding=\"async\" width=\"600\" height=\"156\" src=\"https:\/\/annemarieabautret.com\/blog\/wp-content\/uploads\/2022\/04\/LEV-Banner-Promo-Todos-los-niveles.gif\" alt=\"\" class=\"wp-image-2922\"\/><\/a><\/figure>\n\n\n\n<h2 class=\"wp-block-heading\">\u00bfQui\u00e9n fue Simone de Beauvoir?: adolescencia<\/h2>\n\n\n\n<p>A los 18 a\u00f1os, de Beauvoir ingres\u00f3 en la prestigiosa <em>\u00c9cole Normale Sup\u00e9rieure<\/em> de Par\u00eds, donde conoci\u00f3 al fil\u00f3sofo Jean-Paul Sartre, quien se convertir\u00eda en su compa\u00f1ero de vida y de ideas. En 1929, obtuvo una licenciatura en filosof\u00eda y comenz\u00f3 a ense\u00f1ar en un colegio secundario.<\/p>\n\n\n\n<figure class=\"wp-block-image size-large is-style-default\"><img loading=\"lazy\" decoding=\"async\" width=\"1024\" height=\"538\" src=\"https:\/\/annemarieabautret.com\/blog\/wp-content\/uploads\/2023\/02\/3-3-1024x538.png\" alt=\"\u00bfQui\u00e9n fue Simone de Beauvoir? \" class=\"wp-image-3737\" srcset=\"https:\/\/annemarieabautret.com\/blog\/wp-content\/uploads\/2023\/02\/3-3-1024x538.png 1024w, https:\/\/annemarieabautret.com\/blog\/wp-content\/uploads\/2023\/02\/3-3-300x158.png 300w, https:\/\/annemarieabautret.com\/blog\/wp-content\/uploads\/2023\/02\/3-3-768x403.png 768w, https:\/\/annemarieabautret.com\/blog\/wp-content\/uploads\/2023\/02\/3-3.png 1200w\" sizes=\"(max-width: 1024px) 100vw, 1024px\" \/><figcaption><em>Simone de Beauvoir y Jean-Paul Sartre.<\/em><\/figcaption><\/figure>\n\n\n\n<h2 class=\"wp-block-heading\">\u00bfQui\u00e9n fue Simone de Beauvoir?: vida adulta<\/h2>\n\n\n\n<p>Durante la d\u00e9cada de 1930, Simone de Beauvoir public\u00f3 varias novelas y ensayos, y se convirti\u00f3 en una figura importante en el mundo literario y filos\u00f3fico de Par\u00eds. En 1949, sali\u00f3 a la luz su obra m\u00e1s influyente, <em>Le Deuxi\u00e8me Sexe<\/em> o \"El segundo sexo\", en espa\u00f1ol, que se convirti\u00f3 en un referente del movimiento feminista y en una cr\u00edtica a la opresi\u00f3n de las mujeres. En esta obra, Beauvoir argument\u00f3 que la opresi\u00f3n de las mujeres es el resultado de la construcci\u00f3n social de g\u00e9nero y de la suposici\u00f3n de que las mujeres son inferiores a los hombres.<\/p>\n\n\n\n<figure class=\"wp-block-image size-large is-style-default\"><img loading=\"lazy\" decoding=\"async\" width=\"1024\" height=\"538\" src=\"https:\/\/annemarieabautret.com\/blog\/wp-content\/uploads\/2023\/02\/4-3-1024x538.png\" alt=\"\" class=\"wp-image-3742\" srcset=\"https:\/\/annemarieabautret.com\/blog\/wp-content\/uploads\/2023\/02\/4-3-1024x538.png 1024w, https:\/\/annemarieabautret.com\/blog\/wp-content\/uploads\/2023\/02\/4-3-300x158.png 300w, https:\/\/annemarieabautret.com\/blog\/wp-content\/uploads\/2023\/02\/4-3-768x403.png 768w, https:\/\/annemarieabautret.com\/blog\/wp-content\/uploads\/2023\/02\/4-3.png 1200w\" sizes=\"(max-width: 1024px) 100vw, 1024px\" \/><\/figure>\n\n\n\n<h2 class=\"wp-block-heading\"><em><mark style=\"background-color:rgba(0, 0, 0, 0)\" class=\"has-inline-color has-vivid-red-color\"><strong>Mira tambi\u00e9n<\/strong><\/mark>: <a href=\"https:\/\/annemarieabautret.com\/blog\/quien-fue-victor-hugo\/\">\u00bfQui\u00e9n fue Victor Hugo?<\/a><\/em><\/h2>\n\n\n\n<h2 class=\"wp-block-heading\">\u00daltimos a\u00f1os<\/h2>\n\n\n\n<p>En los a\u00f1os 60 y 70, Simone de Beauvoir se involucr\u00f3 activamente en el movimiento feminista y en la lucha por los derechos civiles. Tambi\u00e9n continu\u00f3 escribiendo y publicando obras de ficci\u00f3n y ensayos. En 1981, fue nombrada miembro de la Academia Francesa, convirti\u00e9ndose en la segunda mujer en la historia en obtener este reconocimiento. Simone de Beauvoir falleci\u00f3 en Par\u00eds el 14 de abril de 1986, a los 78 a\u00f1os.<\/p>\n\n\n\n<figure class=\"wp-block-image size-large is-style-default\"><img loading=\"lazy\" decoding=\"async\" width=\"1024\" height=\"538\" src=\"https:\/\/annemarieabautret.com\/blog\/wp-content\/uploads\/2023\/02\/6-3-1024x538.png\" alt=\"\u00bfQui\u00e9n fue Simone de Beauvoir? \" class=\"wp-image-3739\" srcset=\"https:\/\/annemarieabautret.com\/blog\/wp-content\/uploads\/2023\/02\/6-3-1024x538.png 1024w, https:\/\/annemarieabautret.com\/blog\/wp-content\/uploads\/2023\/02\/6-3-300x158.png 300w, https:\/\/annemarieabautret.com\/blog\/wp-content\/uploads\/2023\/02\/6-3-768x403.png 768w, https:\/\/annemarieabautret.com\/blog\/wp-content\/uploads\/2023\/02\/6-3.png 1200w\" sizes=\"(max-width: 1024px) 100vw, 1024px\" \/><\/figure>\n\n\n\n<h2 class=\"wp-block-heading\">Obras m\u00e1s importantes e influyentes<\/h2>\n\n\n\n<ul class=\"wp-block-list\"><li>\"La invitada\" (1943): Esta es la primera novela de Simone de Beauvoir y cuenta la historia de una maestra soltera, invitada a pasar unos d\u00edas en casa de un matrimonio, cuya relaci\u00f3n se ver\u00e1 trastocada por la presencia de la protagonista.<\/li><li>\"Pirata\" (1947): Esta novela cuenta la historia de una mujer que busca su libertad a trav\u00e9s de diversas aventuras amorosas y sexuales.<\/li><li>\"El segundo sexo\" (1949): Es su obra m\u00e1s influyente y una de las m\u00e1s importantes del movimiento feminista. En ella, Beauvoir argumenta que la opresi\u00f3n de las mujeres es el resultado de la construcci\u00f3n social de g\u00e9nero y de la suposici\u00f3n de que las mujeres son inferiores a los hombres.<\/li><li>\"Los mandarines\" (1954): Esta novela obtuvo el premio Goncourt y est\u00e1 inspirada en las experiencias de la propia autora y su c\u00edrculo de amigos intelectuales en la Francia de la posguerra.<\/li><li>\"Memorias de una joven formal\" (1958): Este libro es una autobiograf\u00eda que relata la infancia y adolescencia de Beauvoir, su relaci\u00f3n con Sartre y su incursi\u00f3n en la filosof\u00eda y la literatura.<\/li><li>\"La vejez\" (1970): En este ensayo, Beauvoir reflexiona sobre el proceso de envejecimiento y c\u00f3mo la sociedad trata a las personas mayores.<\/li><li>\"La ceremonia del adi\u00f3s\" (1981): Es una obra en la que Beauvoir narra los \u00faltimos a\u00f1os de vida de Sartre y su propia experiencia de la vejez y la muerte.<\/li><li>\"Una muerte muy dulce\" (1964): Este libro es una narraci\u00f3n autobiogr\u00e1fica sobre la muerte de su madre, y reflexiona sobre la vejez, la enfermedad y la muerte.<\/li><\/ul>\n\n\n\n<figure class=\"wp-block-image size-large is-style-default\"><img loading=\"lazy\" decoding=\"async\" width=\"1024\" height=\"538\" src=\"https:\/\/annemarieabautret.com\/blog\/wp-content\/uploads\/2023\/02\/LEV-Post-236-\u00bfQuien-fue-Simone-de-Beauvoir-1024x538.png\" alt=\"\" class=\"wp-image-3740\" srcset=\"https:\/\/annemarieabautret.com\/blog\/wp-content\/uploads\/2023\/02\/LEV-Post-236-\u00bfQuien-fue-Simone-de-Beauvoir-1024x538.png 1024w, https:\/\/annemarieabautret.com\/blog\/wp-content\/uploads\/2023\/02\/LEV-Post-236-\u00bfQuien-fue-Simone-de-Beauvoir-300x158.png 300w, https:\/\/annemarieabautret.com\/blog\/wp-content\/uploads\/2023\/02\/LEV-Post-236-\u00bfQuien-fue-Simone-de-Beauvoir-768x403.png 768w, https:\/\/annemarieabautret.com\/blog\/wp-content\/uploads\/2023\/02\/LEV-Post-236-\u00bfQuien-fue-Simone-de-Beauvoir.png 1200w\" sizes=\"(max-width: 1024px) 100vw, 1024px\" \/><\/figure>\n\n\n\n<h2 class=\"wp-block-heading\">Legado cultural<\/h2>\n\n\n\n<p>El legado cultural de Simone de Beauvoir es enorme. Sus obras literarias y filos\u00f3ficas han sido estudiadas y analizadas en todo el mundo, y su papel en la lucha por los derechos de las mujeres ha sido fundamental en la historia del feminismo. Adem\u00e1s, su relaci\u00f3n abierta y no convencional con Sartre ha sido objeto de debate y an\u00e1lisis en la cultura popular. En resumen, Simone de Beauvoir es una figura clave en la historia de la filosof\u00eda, la literatura y el feminismo, y su obra contin\u00faa inspirando y desafiando a generaciones de pensadores y activistas.<\/p>\n\n\n\n<figure class=\"wp-block-image size-full is-style-default\"><a href=\"https:\/\/mailchi.mp\/63a6d94a6b10\/lencrier-vert-newsletter\" target=\"_blank\" rel=\"noreferrer noopener\"><img loading=\"lazy\" decoding=\"async\" width=\"600\" height=\"156\" src=\"https:\/\/annemarieabautret.com\/blog\/wp-content\/uploads\/2022\/02\/Hnet.com-image.gif\" alt=\"\" class=\"wp-image-2648\"\/><\/a><\/figure>\n\n\n\n<h4 class=\"wp-block-heading\">Si deseas conocer m\u00e1s curiosidades sobre Simone de Beauvoir, as\u00ed como sobre nuestros cursos, no te pierdas ninguna de nuestras publicaciones en las redes sociales. &#x1f447;<\/h4>\n\n\n\n<figure class=\"wp-block-image size-large is-style-default\"><a href=\"https:\/\/www.instagram.com\/francesconlencriervert\/\" target=\"_blank\" rel=\"noreferrer noopener\"><img loading=\"lazy\" decoding=\"async\" width=\"1024\" height=\"269\" src=\"https:\/\/annemarieabautret.com\/blog\/wp-content\/uploads\/2021\/06\/LEV-banner-redes-sociales-posts-1024x269.png\" alt=\"\" class=\"wp-image-1227\" srcset=\"https:\/\/annemarieabautret.com\/blog\/wp-content\/uploads\/2021\/06\/LEV-banner-redes-sociales-posts-1024x269.png 1024w, https:\/\/annemarieabautret.com\/blog\/wp-content\/uploads\/2021\/06\/LEV-banner-redes-sociales-posts-300x79.png 300w, https:\/\/annemarieabautret.com\/blog\/wp-content\/uploads\/2021\/06\/LEV-banner-redes-sociales-posts-768x202.png 768w, https:\/\/annemarieabautret.com\/blog\/wp-content\/uploads\/2021\/06\/LEV-banner-redes-sociales-posts.png 1200w\" sizes=\"(max-width: 1024px) 100vw, 1024px\" \/><\/a><\/figure>\n\n\n\n<figure class=\"wp-block-image size-large is-style-default\"><a href=\"https:\/\/www.facebook.com\/LencrierVert\" target=\"_blank\" rel=\"noreferrer noopener\"><img loading=\"lazy\" decoding=\"async\" width=\"1024\" height=\"269\" src=\"https:\/\/annemarieabautret.com\/blog\/wp-content\/uploads\/2021\/06\/LEV-banner-redes-sociales-posts-1-1024x269.png\" alt=\"\" class=\"wp-image-1228\" srcset=\"https:\/\/annemarieabautret.com\/blog\/wp-content\/uploads\/2021\/06\/LEV-banner-redes-sociales-posts-1-1024x269.png 1024w, https:\/\/annemarieabautret.com\/blog\/wp-content\/uploads\/2021\/06\/LEV-banner-redes-sociales-posts-1-300x79.png 300w, https:\/\/annemarieabautret.com\/blog\/wp-content\/uploads\/2021\/06\/LEV-banner-redes-sociales-posts-1-768x202.png 768w, https:\/\/annemarieabautret.com\/blog\/wp-content\/uploads\/2021\/06\/LEV-banner-redes-sociales-posts-1.png 1200w\" sizes=\"(max-width: 1024px) 100vw, 1024px\" \/><\/a><\/figure>\n","protected":false},"excerpt":{"rendered":"<p>Simone de Beauvoir fue una escritora y fil\u00f3sofa francesa que jug\u00f3 un papel fundamental en el movimiento feminista y existencialista del siglo XX. Su obra se centr\u00f3 en la libertad individual y en la lucha contra la opresi\u00f3n de las mujeres, convirti\u00e9ndose en una voz influyente en el mundo de la literatura y la filosof\u00eda. [&hellip;]<\/p>\n","protected":false},"author":1,"featured_media":3735,"comment_status":"open","ping_status":"open","sticky":false,"template":"","format":"standard","meta":{"footnotes":""},"categories":[7],"tags":[719,720,24,3,4,110,105,195,578,111],"class_list":["post-3733","post","type-post","status-publish","format-standard","has-post-thumbnail","hentry","category-curiosidades","tag-biografia","tag-biografias","tag-curiosidades","tag-frances","tag-frances-2","tag-jean-paul-sartre","tag-literatura","tag-literatura-francesa","tag-literatura-francofona","tag-simone-de-beauvoir"],"yoast_head":"<!-- This site is optimized with the Yoast SEO plugin v24.6 - https:\/\/yoast.com\/wordpress\/plugins\/seo\/ -->\n<title>\u00bfQui\u00e9n fue Simone de Beauvoir? - Anne Marie Abautret<\/title>\n<meta name=\"description\" content=\"Simone de Beauvoir fue una escritora y fil\u00f3sofa francesa. \u00a1Conoce m\u00e1s sobre qui\u00e9n fue Simone de Beauvoir en Biograf\u00edas LEV!\" \/>\n<meta name=\"robots\" content=\"index, follow, max-snippet:-1, max-image-preview:large, max-video-preview:-1\" \/>\n<link rel=\"canonical\" href=\"https:\/\/annemarieabautret.com\/blog\/quien-fue-simone-de-beauvoir\/\" \/>\n<meta property=\"og:locale\" content=\"es_ES\" \/>\n<meta property=\"og:type\" content=\"article\" \/>\n<meta property=\"og:title\" content=\"\u00bfQui\u00e9n fue Simone de Beauvoir?\" \/>\n<meta property=\"og:description\" content=\"Simone de Beauvoir fue una escritora y fil\u00f3sofa francesa. \u00a1Conoce m\u00e1s sobre qui\u00e9n fue Simone de Beauvoir en Biograf\u00edas LEV!\" \/>\n<meta property=\"og:url\" content=\"https:\/\/annemarieabautret.com\/blog\/quien-fue-simone-de-beauvoir\/\" \/>\n<meta property=\"og:site_name\" content=\"Anne Marie Abautret\" \/>\n<meta property=\"article:published_time\" content=\"2023-02-28T19:26:37+00:00\" \/>\n<meta property=\"article:modified_time\" content=\"2023-03-07T20:11:52+00:00\" \/>\n<meta property=\"og:image\" content=\"https:\/\/annemarieabautret.com\/blog\/wp-content\/uploads\/2023\/02\/1-3.png\" \/>\n\t<meta property=\"og:image:width\" content=\"1200\" \/>\n\t<meta property=\"og:image:height\" content=\"630\" \/>\n\t<meta property=\"og:image:type\" content=\"image\/png\" \/>\n<meta name=\"author\" content=\"Bloglencriervert\" \/>\n<meta name=\"twitter:card\" content=\"summary_large_image\" \/>\n<meta name=\"twitter:title\" content=\"\u00bfQui\u00e9n fue Simone de Beauvoir?\" \/>\n<meta name=\"twitter:image\" content=\"https:\/\/annemarieabautret.com\/blog\/wp-content\/uploads\/2023\/02\/1-3.png\" \/>\n<meta name=\"twitter:label1\" content=\"Written by\" \/>\n\t<meta name=\"twitter:data1\" content=\"Bloglencriervert\" \/>\n\t<meta name=\"twitter:label2\" content=\"Est. reading time\" \/>\n\t<meta name=\"twitter:data2\" content=\"6 minutos\" \/>\n<script type=\"application\/ld+json\" class=\"yoast-schema-graph\">{\"@context\":\"https:\/\/schema.org\",\"@graph\":[{\"@type\":\"WebPage\",\"@id\":\"https:\/\/annemarieabautret.com\/blog\/quien-fue-simone-de-beauvoir\/\",\"url\":\"https:\/\/annemarieabautret.com\/blog\/quien-fue-simone-de-beauvoir\/\",\"name\":\"\u00bfQui\u00e9n fue Simone de Beauvoir? - Anne Marie Abautret\",\"isPartOf\":{\"@id\":\"https:\/\/annemarieabautret.com\/blog\/#website\"},\"primaryImageOfPage\":{\"@id\":\"https:\/\/annemarieabautret.com\/blog\/quien-fue-simone-de-beauvoir\/#primaryimage\"},\"image\":{\"@id\":\"https:\/\/annemarieabautret.com\/blog\/quien-fue-simone-de-beauvoir\/#primaryimage\"},\"thumbnailUrl\":\"https:\/\/annemarieabautret.com\/blog\/wp-content\/uploads\/2023\/02\/1-3.png\",\"datePublished\":\"2023-02-28T19:26:37+00:00\",\"dateModified\":\"2023-03-07T20:11:52+00:00\",\"author\":{\"@id\":\"https:\/\/annemarieabautret.com\/blog\/#\/schema\/person\/67f969769283a1cac966eb4824469e7b\"},\"description\":\"Simone de Beauvoir fue una escritora y fil\u00f3sofa francesa. \u00a1Conoce m\u00e1s sobre qui\u00e9n fue Simone de Beauvoir en Biograf\u00edas LEV!\",\"breadcrumb\":{\"@id\":\"https:\/\/annemarieabautret.com\/blog\/quien-fue-simone-de-beauvoir\/#breadcrumb\"},\"inLanguage\":\"es-PE\",\"potentialAction\":[{\"@type\":\"ReadAction\",\"target\":[\"https:\/\/annemarieabautret.com\/blog\/quien-fue-simone-de-beauvoir\/\"]}]},{\"@type\":\"ImageObject\",\"inLanguage\":\"es-PE\",\"@id\":\"https:\/\/annemarieabautret.com\/blog\/quien-fue-simone-de-beauvoir\/#primaryimage\",\"url\":\"https:\/\/annemarieabautret.com\/blog\/wp-content\/uploads\/2023\/02\/1-3.png\",\"contentUrl\":\"https:\/\/annemarieabautret.com\/blog\/wp-content\/uploads\/2023\/02\/1-3.png\",\"width\":1200,\"height\":630},{\"@type\":\"BreadcrumbList\",\"@id\":\"https:\/\/annemarieabautret.com\/blog\/quien-fue-simone-de-beauvoir\/#breadcrumb\",\"itemListElement\":[{\"@type\":\"ListItem\",\"position\":1,\"name\":\"Home\",\"item\":\"https:\/\/annemarieabautret.com\/blog\/\"},{\"@type\":\"ListItem\",\"position\":2,\"name\":\"\u00bfQui\u00e9n fue Simone de Beauvoir?\"}]},{\"@type\":\"WebSite\",\"@id\":\"https:\/\/annemarieabautret.com\/blog\/#website\",\"url\":\"https:\/\/annemarieabautret.com\/blog\/\",\"name\":\"Anne Marie Abautret\",\"description\":\"\u00a1Conoce el maravilloso mundo franc\u00f3fono con L&#039;encrier vert!\",\"potentialAction\":[{\"@type\":\"SearchAction\",\"target\":{\"@type\":\"EntryPoint\",\"urlTemplate\":\"https:\/\/annemarieabautret.com\/blog\/?s={search_term_string}\"},\"query-input\":{\"@type\":\"PropertyValueSpecification\",\"valueRequired\":true,\"valueName\":\"search_term_string\"}}],\"inLanguage\":\"es-PE\"},{\"@type\":\"Person\",\"@id\":\"https:\/\/annemarieabautret.com\/blog\/#\/schema\/person\/67f969769283a1cac966eb4824469e7b\",\"name\":\"Bloglencriervert\",\"image\":{\"@type\":\"ImageObject\",\"inLanguage\":\"es-PE\",\"@id\":\"https:\/\/annemarieabautret.com\/blog\/#\/schema\/person\/image\/\",\"url\":\"https:\/\/secure.gravatar.com\/avatar\/1b125fe84bb43db37171ca15c37bc658?s=96&d=mm&r=g\",\"contentUrl\":\"https:\/\/secure.gravatar.com\/avatar\/1b125fe84bb43db37171ca15c37bc658?s=96&d=mm&r=g\",\"caption\":\"Bloglencriervert\"},\"url\":\"https:\/\/annemarieabautret.com\/blog\/author\/anneblog\/\"}]}<\/script>\n<!-- \/ Yoast SEO plugin. -->","yoast_head_json":{"title":"\u00bfQui\u00e9n fue Simone de Beauvoir? - Anne Marie Abautret","description":"Simone de Beauvoir fue una escritora y fil\u00f3sofa francesa. \u00a1Conoce m\u00e1s sobre qui\u00e9n fue Simone de Beauvoir en Biograf\u00edas LEV!","robots":{"index":"index","follow":"follow","max-snippet":"max-snippet:-1","max-image-preview":"max-image-preview:large","max-video-preview":"max-video-preview:-1"},"canonical":"https:\/\/annemarieabautret.com\/blog\/quien-fue-simone-de-beauvoir\/","og_locale":"es_ES","og_type":"article","og_title":"\u00bfQui\u00e9n fue Simone de Beauvoir?","og_description":"Simone de Beauvoir fue una escritora y fil\u00f3sofa francesa. \u00a1Conoce m\u00e1s sobre qui\u00e9n fue Simone de Beauvoir en Biograf\u00edas LEV!","og_url":"https:\/\/annemarieabautret.com\/blog\/quien-fue-simone-de-beauvoir\/","og_site_name":"Anne Marie Abautret","article_published_time":"2023-02-28T19:26:37+00:00","article_modified_time":"2023-03-07T20:11:52+00:00","og_image":[{"width":1200,"height":630,"url":"https:\/\/annemarieabautret.com\/blog\/wp-content\/uploads\/2023\/02\/1-3.png","type":"image\/png"}],"author":"Bloglencriervert","twitter_card":"summary_large_image","twitter_title":"\u00bfQui\u00e9n fue Simone de Beauvoir?","twitter_image":"https:\/\/annemarieabautret.com\/blog\/wp-content\/uploads\/2023\/02\/1-3.png","twitter_misc":{"Written by":"Bloglencriervert","Est. reading time":"6 minutos"},"schema":{"@context":"https:\/\/schema.org","@graph":[{"@type":"WebPage","@id":"https:\/\/annemarieabautret.com\/blog\/quien-fue-simone-de-beauvoir\/","url":"https:\/\/annemarieabautret.com\/blog\/quien-fue-simone-de-beauvoir\/","name":"\u00bfQui\u00e9n fue Simone de Beauvoir? - Anne Marie Abautret","isPartOf":{"@id":"https:\/\/annemarieabautret.com\/blog\/#website"},"primaryImageOfPage":{"@id":"https:\/\/annemarieabautret.com\/blog\/quien-fue-simone-de-beauvoir\/#primaryimage"},"image":{"@id":"https:\/\/annemarieabautret.com\/blog\/quien-fue-simone-de-beauvoir\/#primaryimage"},"thumbnailUrl":"https:\/\/annemarieabautret.com\/blog\/wp-content\/uploads\/2023\/02\/1-3.png","datePublished":"2023-02-28T19:26:37+00:00","dateModified":"2023-03-07T20:11:52+00:00","author":{"@id":"https:\/\/annemarieabautret.com\/blog\/#\/schema\/person\/67f969769283a1cac966eb4824469e7b"},"description":"Simone de Beauvoir fue una escritora y fil\u00f3sofa francesa. \u00a1Conoce m\u00e1s sobre qui\u00e9n fue Simone de Beauvoir en Biograf\u00edas LEV!","breadcrumb":{"@id":"https:\/\/annemarieabautret.com\/blog\/quien-fue-simone-de-beauvoir\/#breadcrumb"},"inLanguage":"es-PE","potentialAction":[{"@type":"ReadAction","target":["https:\/\/annemarieabautret.com\/blog\/quien-fue-simone-de-beauvoir\/"]}]},{"@type":"ImageObject","inLanguage":"es-PE","@id":"https:\/\/annemarieabautret.com\/blog\/quien-fue-simone-de-beauvoir\/#primaryimage","url":"https:\/\/annemarieabautret.com\/blog\/wp-content\/uploads\/2023\/02\/1-3.png","contentUrl":"https:\/\/annemarieabautret.com\/blog\/wp-content\/uploads\/2023\/02\/1-3.png","width":1200,"height":630},{"@type":"BreadcrumbList","@id":"https:\/\/annemarieabautret.com\/blog\/quien-fue-simone-de-beauvoir\/#breadcrumb","itemListElement":[{"@type":"ListItem","position":1,"name":"Home","item":"https:\/\/annemarieabautret.com\/blog\/"},{"@type":"ListItem","position":2,"name":"\u00bfQui\u00e9n fue Simone de Beauvoir?"}]},{"@type":"WebSite","@id":"https:\/\/annemarieabautret.com\/blog\/#website","url":"https:\/\/annemarieabautret.com\/blog\/","name":"Anne Marie Abautret","description":"\u00a1Conoce el maravilloso mundo franc\u00f3fono con L&#039;encrier vert!","potentialAction":[{"@type":"SearchAction","target":{"@type":"EntryPoint","urlTemplate":"https:\/\/annemarieabautret.com\/blog\/?s={search_term_string}"},"query-input":{"@type":"PropertyValueSpecification","valueRequired":true,"valueName":"search_term_string"}}],"inLanguage":"es-PE"},{"@type":"Person","@id":"https:\/\/annemarieabautret.com\/blog\/#\/schema\/person\/67f969769283a1cac966eb4824469e7b","name":"Bloglencriervert","image":{"@type":"ImageObject","inLanguage":"es-PE","@id":"https:\/\/annemarieabautret.com\/blog\/#\/schema\/person\/image\/","url":"https:\/\/secure.gravatar.com\/avatar\/1b125fe84bb43db37171ca15c37bc658?s=96&d=mm&r=g","contentUrl":"https:\/\/secure.gravatar.com\/avatar\/1b125fe84bb43db37171ca15c37bc658?s=96&d=mm&r=g","caption":"Bloglencriervert"},"url":"https:\/\/annemarieabautret.com\/blog\/author\/anneblog\/"}]}},"amp_enabled":true,"_links":{"self":[{"href":"https:\/\/annemarieabautret.com\/blog\/wp-json\/wp\/v2\/posts\/3733"}],"collection":[{"href":"https:\/\/annemarieabautret.com\/blog\/wp-json\/wp\/v2\/posts"}],"about":[{"href":"https:\/\/annemarieabautret.com\/blog\/wp-json\/wp\/v2\/types\/post"}],"author":[{"embeddable":true,"href":"https:\/\/annemarieabautret.com\/blog\/wp-json\/wp\/v2\/users\/1"}],"replies":[{"embeddable":true,"href":"https:\/\/annemarieabautret.com\/blog\/wp-json\/wp\/v2\/comments?post=3733"}],"version-history":[{"count":3,"href":"https:\/\/annemarieabautret.com\/blog\/wp-json\/wp\/v2\/posts\/3733\/revisions"}],"predecessor-version":[{"id":3757,"href":"https:\/\/annemarieabautret.com\/blog\/wp-json\/wp\/v2\/posts\/3733\/revisions\/3757"}],"wp:featuredmedia":[{"embeddable":true,"href":"https:\/\/annemarieabautret.com\/blog\/wp-json\/wp\/v2\/media\/3735"}],"wp:attachment":[{"href":"https:\/\/annemarieabautret.com\/blog\/wp-json\/wp\/v2\/media?parent=3733"}],"wp:term":[{"taxonomy":"category","embeddable":true,"href":"https:\/\/annemarieabautret.com\/blog\/wp-json\/wp\/v2\/categories?post=3733"},{"taxonomy":"post_tag","embeddable":true,"href":"https:\/\/annemarieabautret.com\/blog\/wp-json\/wp\/v2\/tags?post=3733"}],"curies":[{"name":"wp","href":"https:\/\/api.w.org\/{rel}","templated":true}]}}