{"id":3746,"date":"2023-03-07T15:43:02","date_gmt":"2023-03-07T20:43:02","guid":{"rendered":"https:\/\/annemarieabautret.com\/blog\/?p=3746"},"modified":"2023-03-07T15:43:04","modified_gmt":"2023-03-07T20:43:04","slug":"mayo-de-1968-en-francia-un-punto-de-inflexion-en-la-historia-contemporanea","status":"publish","type":"post","link":"https:\/\/annemarieabautret.com\/blog\/mayo-de-1968-en-francia-un-punto-de-inflexion-en-la-historia-contemporanea\/","title":{"rendered":"Mayo de 1968 en Francia: Un punto de inflexi\u00f3n en la historia contempor\u00e1nea"},"content":{"rendered":"\n<p>La Revoluci\u00f3n de Mayo de 1968 en Francia, tambi\u00e9n conocida como Mayo Franc\u00e9s o Mayo de 1968, fue un per\u00edodo de agitaci\u00f3n social y pol\u00edtica que tuvo lugar en Par\u00eds y otras ciudades francesas. Durante aproximadamente dos meses, los estudiantes universitarios y los trabajadores se unieron en protestas masivas que cuestionaron el orden social y pol\u00edtico establecido, y que pusieron en duda la autoridad del gobierno y la polic\u00eda.<\/p>\n\n\n\n<figure class=\"wp-block-image size-large is-style-default\"><img loading=\"lazy\" decoding=\"async\" width=\"1024\" height=\"538\" src=\"https:\/\/annemarieabautret.com\/blog\/wp-content\/uploads\/2023\/03\/1-1024x538.png\" alt=\"\" class=\"wp-image-3748\" srcset=\"https:\/\/annemarieabautret.com\/blog\/wp-content\/uploads\/2023\/03\/1-1024x538.png 1024w, https:\/\/annemarieabautret.com\/blog\/wp-content\/uploads\/2023\/03\/1-300x158.png 300w, https:\/\/annemarieabautret.com\/blog\/wp-content\/uploads\/2023\/03\/1-768x403.png 768w, https:\/\/annemarieabautret.com\/blog\/wp-content\/uploads\/2023\/03\/1.png 1200w\" sizes=\"(max-width: 1024px) 100vw, 1024px\" \/><\/figure>\n\n\n\n<p>Este movimiento tuvo un impacto profundo en la cultura y la pol\u00edtica francesas, y se convirti\u00f3 en un s\u00edmbolo del esp\u00edritu de rebeli\u00f3n y cambio que caracteriz\u00f3 la d\u00e9cada de 1960. En este art\u00edculo, analizaremos los factores que influyeron en la Revoluci\u00f3n de Mayo de 1968, su desarrollo y sus consecuencias tanto a nivel cultural como pol\u00edtico.<\/p>\n\n\n\n<h2 class=\"wp-block-heading\">Contexto hist\u00f3rico franc\u00e9s previo a la Revoluci\u00f3n de Mayo de 1968 en Francia:<\/h2>\n\n\n\n<p>Para entender los eventos que llevaron a la Revoluci\u00f3n de Mayo, es necesario tener en cuenta el contexto hist\u00f3rico y pol\u00edtico franc\u00e9s de la \u00e9poca. Francia hab\u00eda experimentado una serie de cambios significativos en las d\u00e9cadas anteriores, incluyendo la descolonizaci\u00f3n, la Guerra de Argelia y el fin del gobierno del general Charles de Gaulle en 1969.<\/p>\n\n\n\n<figure class=\"wp-block-image size-large is-style-default\"><img loading=\"lazy\" decoding=\"async\" width=\"1024\" height=\"538\" src=\"https:\/\/annemarieabautret.com\/blog\/wp-content\/uploads\/2023\/03\/2-1024x538.png\" alt=\"Mayo de 1968 en Francia: Un punto de inflexi\u00f3n en la historia contempor\u00e1nea \" class=\"wp-image-3749\" srcset=\"https:\/\/annemarieabautret.com\/blog\/wp-content\/uploads\/2023\/03\/2-1024x538.png 1024w, https:\/\/annemarieabautret.com\/blog\/wp-content\/uploads\/2023\/03\/2-300x158.png 300w, https:\/\/annemarieabautret.com\/blog\/wp-content\/uploads\/2023\/03\/2-768x403.png 768w, https:\/\/annemarieabautret.com\/blog\/wp-content\/uploads\/2023\/03\/2.png 1200w\" sizes=\"(max-width: 1024px) 100vw, 1024px\" \/><figcaption><em>Charles de Gaulle en 1968. <\/em><\/figcaption><\/figure>\n\n\n\n<p>Adem\u00e1s, los j\u00f3venes franceses hab\u00edan sido testigos de la Guerra de Vietnam, la crisis de los misiles en Cuba y otros eventos mundiales que hab\u00edan sacudido sus creencias en el sistema pol\u00edtico y social establecido. Estos acontecimientos generaron un gran escepticismo y una desilusi\u00f3n con la pol\u00edtica y las instituciones tradicionales.<\/p>\n\n\n\n<h2 class=\"wp-block-heading\">Factores que influyeron para que se diera la Revoluci\u00f3n de Mayo de 1968:<\/h2>\n\n\n\n<p>El Mayo Franc\u00e9s se desat\u00f3 como resultado de varios factores. Uno de los factores clave fue la represi\u00f3n policial de una protesta estudiantil en la Universidad de Nanterre el 22 de marzo de 1968, que llev\u00f3 a la detenci\u00f3n de varios estudiantes. Esto provoc\u00f3 un gran malestar entre los estudiantes y llev\u00f3 a una serie de protestas en otras universidades francesas.<\/p>\n\n\n\n<p>Otro factor importante fue el descontento generalizado con la pol\u00edtica y la sociedad francesa. Muchos j\u00f3venes franceses se sent\u00edan marginados y sin voz en la sociedad, y buscaban formas de expresar su insatisfacci\u00f3n. Adem\u00e1s, la econom\u00eda francesa estaba experimentando dificultades, lo que generaba un clima de incertidumbre y desesperaci\u00f3n entre la poblaci\u00f3n.<\/p>\n\n\n\n<figure class=\"wp-block-image size-large is-style-default\"><img loading=\"lazy\" decoding=\"async\" width=\"1024\" height=\"538\" src=\"https:\/\/annemarieabautret.com\/blog\/wp-content\/uploads\/2023\/03\/3-1024x538.png\" alt=\"Mayo de 1968 en Francia: Un punto de inflexi\u00f3n en la historia contempor\u00e1nea \" class=\"wp-image-3750\" srcset=\"https:\/\/annemarieabautret.com\/blog\/wp-content\/uploads\/2023\/03\/3-1024x538.png 1024w, https:\/\/annemarieabautret.com\/blog\/wp-content\/uploads\/2023\/03\/3-300x158.png 300w, https:\/\/annemarieabautret.com\/blog\/wp-content\/uploads\/2023\/03\/3-768x403.png 768w, https:\/\/annemarieabautret.com\/blog\/wp-content\/uploads\/2023\/03\/3.png 1200w\" sizes=\"(max-width: 1024px) 100vw, 1024px\" \/><figcaption><em>\u00ab\u00bfQu\u00e9 haces contra el hambre? \u00a1Yo lucho contra el imperialismo!\u00bb Cartel desplegado durante las protestas de Mayo de 1968. Foto <a href=\"https:\/\/es.wikipedia.org\/wiki\/Archivo:Que_fais-tu_contre_la_faim_%3F_Je_lutte_contre_l%27imp%C3%A9rialisme.jpg\" target=\"_blank\" rel=\"noreferrer noopener nofollow\">v\u00eda<\/a>. <\/em><\/figcaption><\/figure>\n\n\n\n<p>Por \u00faltimo, algunos observadores han argumentado que la Revoluci\u00f3n de Mayo de 1968 tambi\u00e9n fue influida por las ideas del movimiento internacional de la Nueva Izquierda, que promov\u00eda una cr\u00edtica radical del capitalismo y el imperialismo occidental.<\/p>\n\n\n\n<figure class=\"wp-block-image size-full is-style-default\"><a href=\"https:\/\/www.instagram.com\/francesconlencriervert\/\" target=\"_blank\" rel=\"noreferrer noopener\"><img loading=\"lazy\" decoding=\"async\" width=\"600\" height=\"156\" src=\"https:\/\/annemarieabautret.com\/blog\/wp-content\/uploads\/2022\/04\/LEV-Banner-Promo-Todos-los-niveles.gif\" alt=\"\" class=\"wp-image-2922\"\/><\/a><\/figure>\n\n\n\n<h2 class=\"wp-block-heading\">Revoluci\u00f3n de Mayo de 1968 propiamente dicha:<\/h2>\n\n\n\n<p>El 3 de mayo de 1968, una serie de enfrentamientos entre estudiantes y polic\u00edas estallaron en la Universidad de Sorbonne en Par\u00eds. Estos enfrentamientos se extendieron r\u00e1pidamente a otras universidades y a la ciudad en general, y pronto se convirtieron en una serie de protestas masivas que abarcaban a estudiantes, trabajadores y sindicatos.<\/p>\n\n\n\n<p>El movimiento se caracteriz\u00f3 por su horizontalidad y su falta de liderazgo formal, lo que permiti\u00f3 una participaci\u00f3n amplia y diversa de la poblaci\u00f3n. Las protestas se centraron en la demanda de reformas pol\u00edticas y sociales, incluyendo una mayor libertad de expresi\u00f3n, el fin de la represi\u00f3n policial y la defensa de los derechos de los trabajadores.<\/p>\n\n\n\n<figure class=\"wp-block-image size-large is-style-default\"><img loading=\"lazy\" decoding=\"async\" width=\"1024\" height=\"538\" src=\"https:\/\/annemarieabautret.com\/blog\/wp-content\/uploads\/2023\/03\/4-1024x538.png\" alt=\"Mayo de 1968 en Francia: Un punto de inflexi\u00f3n en la historia contempor\u00e1nea \" class=\"wp-image-3751\" srcset=\"https:\/\/annemarieabautret.com\/blog\/wp-content\/uploads\/2023\/03\/4-1024x538.png 1024w, https:\/\/annemarieabautret.com\/blog\/wp-content\/uploads\/2023\/03\/4-300x158.png 300w, https:\/\/annemarieabautret.com\/blog\/wp-content\/uploads\/2023\/03\/4-768x403.png 768w, https:\/\/annemarieabautret.com\/blog\/wp-content\/uploads\/2023\/03\/4.png 1200w\" sizes=\"(max-width: 1024px) 100vw, 1024px\" \/><figcaption><em>Ocupaci\u00f3n de la Universidad de Sorbonne en Par\u00eds, 1968. Foto <a href=\"https:\/\/es.wikipedia.org\/wiki\/Archivo:Frankrijk._Sorbonne_bezet_door_studenten,_Bestanddeelnr_921-3968.jpg\" target=\"_blank\" rel=\"noreferrer noopener nofollow\">v\u00eda<\/a>.<\/em><\/figcaption><\/figure>\n\n\n\n<p>A medida que el movimiento creci\u00f3 en tama\u00f1o y alcance, los enfrentamientos con la polic\u00eda se intensificaron y se produjeron numerosos actos de violencia y vandalismo en las calles de Par\u00eds. El 13 de mayo, el gobierno franc\u00e9s declar\u00f3 el estado de emergencia y moviliz\u00f3 al ej\u00e9rcito para contener las protestas.<\/p>\n\n\n\n<p>Sin embargo, estas medidas no lograron detener el movimiento, y las protestas continuaron durante varias semanas m\u00e1s. El 27 de mayo, se llev\u00f3 a cabo una huelga general que paraliz\u00f3 gran parte de la econom\u00eda francesa y llev\u00f3 a negociaciones entre el gobierno y los sindicatos.<\/p>\n\n\n\n<figure class=\"wp-block-image size-large is-style-default\"><img loading=\"lazy\" decoding=\"async\" width=\"1024\" height=\"538\" src=\"https:\/\/annemarieabautret.com\/blog\/wp-content\/uploads\/2023\/03\/5-1024x538.png\" alt=\"Mayo de 1968 en Francia: Un punto de inflexi\u00f3n en la historia contempor\u00e1nea \" class=\"wp-image-3752\" srcset=\"https:\/\/annemarieabautret.com\/blog\/wp-content\/uploads\/2023\/03\/5-1024x538.png 1024w, https:\/\/annemarieabautret.com\/blog\/wp-content\/uploads\/2023\/03\/5-300x158.png 300w, https:\/\/annemarieabautret.com\/blog\/wp-content\/uploads\/2023\/03\/5-768x403.png 768w, https:\/\/annemarieabautret.com\/blog\/wp-content\/uploads\/2023\/03\/5.png 1200w\" sizes=\"(max-width: 1024px) 100vw, 1024px\" \/><figcaption><em>Enfrentamientos entre manifestantes y la polic\u00eda en mayo de 1968 en las calles de Par\u00eds. Foto <a href=\"https:\/\/ici.radio-canada.ca\/ohdio\/premiere\/emissions\/aujourd-hui-l-histoire\/segments\/entrevue\/69025\/mai-1968-paris-france-manifestations-etudiants-violence\" target=\"_blank\" rel=\"noreferrer noopener nofollow\">v\u00eda<\/a>.<\/em><\/figcaption><\/figure>\n\n\n\n<p>Finalmente, el 30 de mayo de 1968, el presidente franc\u00e9s Charles de Gaulle disolvi\u00f3 la Asamblea Nacional y convoc\u00f3 a nuevas elecciones. En las elecciones de junio, el partido conservador gan\u00f3 con una victoria aplastante, lo que puso fin al movimiento y marc\u00f3 el comienzo de una nueva fase en la historia pol\u00edtica francesa.<\/p>\n\n\n\n<h2 class=\"wp-block-heading\"><em><mark style=\"background-color:rgba(0, 0, 0, 0)\" class=\"has-inline-color has-vivid-red-color\">Mira tambi\u00e9n<\/mark>: <a href=\"https:\/\/annemarieabautret.com\/blog\/quien-fue-simone-de-beauvoir\/\">\u00bfQui\u00e9n fue Simone de Beauvoir?<\/a><\/em><\/h2>\n\n\n\n<h2 class=\"wp-block-heading\">Consecuencias de la Revoluci\u00f3n de Mayo de 1968 en Francia:<\/h2>\n\n\n\n<p>La Revoluci\u00f3n de Mayo de 1968 tuvo un impacto significativo en la pol\u00edtica y la sociedad francesa. A nivel pol\u00edtico, el movimiento llev\u00f3 a una serie de reformas, incluyendo la reducci\u00f3n de la edad de voto a 18 a\u00f1os, la liberalizaci\u00f3n del divorcio y la legalizaci\u00f3n del aborto.<\/p>\n\n\n\n<figure class=\"wp-block-image size-large is-style-default\"><img loading=\"lazy\" decoding=\"async\" width=\"1024\" height=\"538\" src=\"https:\/\/annemarieabautret.com\/blog\/wp-content\/uploads\/2023\/03\/6-1024x538.png\" alt=\"Mayo de 1968 en Francia: Un punto de inflexi\u00f3n en la historia contempor\u00e1nea \" class=\"wp-image-3753\" srcset=\"https:\/\/annemarieabautret.com\/blog\/wp-content\/uploads\/2023\/03\/6-1024x538.png 1024w, https:\/\/annemarieabautret.com\/blog\/wp-content\/uploads\/2023\/03\/6-300x158.png 300w, https:\/\/annemarieabautret.com\/blog\/wp-content\/uploads\/2023\/03\/6-768x403.png 768w, https:\/\/annemarieabautret.com\/blog\/wp-content\/uploads\/2023\/03\/6.png 1200w\" sizes=\"(max-width: 1024px) 100vw, 1024px\" \/><figcaption><em>Manifestantes en las calles de Par\u00eds en mayo de 1968. Foto <a href=\"https:\/\/www.ladepeche.fr\/article\/2018\/05\/12\/2796444-mai-68-jour-immense-manifestation-joyeuse-populaire-failli-basculer.html\" target=\"_blank\" rel=\"noreferrer noopener nofollow\">v\u00eda<\/a>.<\/em><\/figcaption><\/figure>\n\n\n\n<p>Adem\u00e1s, se gener\u00f3 un cambio cultural importante en la sociedad francesa. El movimiento fue una fuente de inspiraci\u00f3n para la m\u00fasica, la literatura y el cine, y se convirti\u00f3 en un s\u00edmbolo del esp\u00edritu de rebeli\u00f3n y cambio que caracteriz\u00f3 la d\u00e9cada de 1960 en todo el mundo.<\/p>\n\n\n\n<h2 class=\"wp-block-heading\">Logros de la Revoluci\u00f3n de Mayo de 1968 en Francia:<\/h2>\n\n\n\n<p>Uno de los logros m\u00e1s importantes de la Revoluci\u00f3n de 1968 fue la movilizaci\u00f3n de los j\u00f3venes y los trabajadores para defender sus derechos y cuestionar el orden social y pol\u00edtico establecido. El movimiento fue una muestra de la capacidad de la sociedad civil para generar cambios significativos en la pol\u00edtica y la cultura.<\/p>\n\n\n\n<p>Tambi\u00e9n fue una muestra de la solidaridad entre diferentes grupos sociales y pol\u00edticos, lo que permiti\u00f3 una participaci\u00f3n amplia y diversa en el movimiento.<\/p>\n\n\n\n<figure class=\"wp-block-image size-large is-style-default\"><img loading=\"lazy\" decoding=\"async\" width=\"1024\" height=\"538\" src=\"https:\/\/annemarieabautret.com\/blog\/wp-content\/uploads\/2023\/03\/7-1024x538.png\" alt=\"\" class=\"wp-image-3754\" srcset=\"https:\/\/annemarieabautret.com\/blog\/wp-content\/uploads\/2023\/03\/7-1024x538.png 1024w, https:\/\/annemarieabautret.com\/blog\/wp-content\/uploads\/2023\/03\/7-300x158.png 300w, https:\/\/annemarieabautret.com\/blog\/wp-content\/uploads\/2023\/03\/7-768x403.png 768w, https:\/\/annemarieabautret.com\/blog\/wp-content\/uploads\/2023\/03\/7.png 1200w\" sizes=\"(max-width: 1024px) 100vw, 1024px\" \/><figcaption><em>Carteles desplegados durante las protestas de Mayo de 1968 que dicen \"Abolici\u00f3n de la\u00a0sociedad de clases\" y \"Fin de la universidad\".<\/em> <em>Foto <a href=\"https:\/\/es.wikipedia.org\/wiki\/Mayo_de_1968_en_Francia#Contexto_pol%C3%ADtico\" target=\"_blank\" rel=\"noreferrer noopener nofollow\">v\u00eda<\/a>.<\/em><\/figcaption><\/figure>\n\n\n\n<h2 class=\"wp-block-heading\">Legado cultural<\/h2>\n\n\n\n<p>El Mayo Franc\u00e9s tuvo un impacto cultural profundo en la sociedad francesa. El movimiento gener\u00f3 una serie de cambios en la m\u00fasica, la literatura y el cine, y se convirti\u00f3 en un s\u00edmbolo del esp\u00edritu de rebeli\u00f3n y cambio que caracteriz\u00f3 la d\u00e9cada de 1960 en todo el mundo.<\/p>\n\n\n\n<p>Adem\u00e1s, la Revoluci\u00f3n de Mayo tambi\u00e9n influy\u00f3 en la cultura pol\u00edtica y social en todo el mundo, inspirando a movimientos similares en otros pa\u00edses.<\/p>\n\n\n\n<figure class=\"wp-block-image size-large is-style-default\"><img loading=\"lazy\" decoding=\"async\" width=\"1024\" height=\"538\" src=\"https:\/\/annemarieabautret.com\/blog\/wp-content\/uploads\/2023\/03\/9-1024x538.png\" alt=\"Mayo de 1968 en Francia: Un punto de inflexi\u00f3n en la historia contempor\u00e1nea \" class=\"wp-image-3756\" srcset=\"https:\/\/annemarieabautret.com\/blog\/wp-content\/uploads\/2023\/03\/9-1024x538.png 1024w, https:\/\/annemarieabautret.com\/blog\/wp-content\/uploads\/2023\/03\/9-300x158.png 300w, https:\/\/annemarieabautret.com\/blog\/wp-content\/uploads\/2023\/03\/9-768x403.png 768w, https:\/\/annemarieabautret.com\/blog\/wp-content\/uploads\/2023\/03\/9.png 1200w\" sizes=\"(max-width: 1024px) 100vw, 1024px\" \/><figcaption><em>El arte gr\u00e1fico se convirit\u00f3 en una herramienta poderosa para difundir el mensaje de los manifestantes durante las protestas de mayo de 1968 en Francia.<\/em><\/figcaption><\/figure>\n\n\n\n<figure class=\"wp-block-image size-full is-style-default\"><a href=\"https:\/\/mailchi.mp\/63a6d94a6b10\/lencrier-vert-newsletter\" target=\"_blank\" rel=\"noreferrer noopener\"><img loading=\"lazy\" decoding=\"async\" width=\"600\" height=\"156\" src=\"https:\/\/annemarieabautret.com\/blog\/wp-content\/uploads\/2022\/02\/Hnet.com-image.gif\" alt=\"\" class=\"wp-image-2648\"\/><\/a><\/figure>\n\n\n\n<h2 class=\"wp-block-heading\">Legado pol\u00edtico<\/h2>\n\n\n\n<p>A nivel pol\u00edtico, la Revoluci\u00f3n de Mayo de 1968 tuvo un impacto significativo en la historia pol\u00edtica francesa. El movimiento puso en tela de juicio la legitimidad del gobierno y del sistema pol\u00edtico establecido, y llev\u00f3 a una serie de reformas pol\u00edticas importantes.<\/p>\n\n\n\n<p>Entre las reformas m\u00e1s importantes se encuentran la reducci\u00f3n de la edad de voto a 18 a\u00f1os, la liberalizaci\u00f3n del divorcio y la legalizaci\u00f3n del aborto, que se llevaron a cabo en respuesta a las demandas de los manifestantes.<\/p>\n\n\n\n<p>La Revoluci\u00f3n de Mayo de 1968 tambi\u00e9n tuvo, adem\u00e1s, un impacto en la izquierda pol\u00edtica en Francia y en todo el mundo. El movimiento inspir\u00f3 a una generaci\u00f3n de activistas y pol\u00edticos de izquierda, y llev\u00f3 a la creaci\u00f3n de nuevos partidos pol\u00edticos y movimientos sociales.<\/p>\n\n\n\n<figure class=\"wp-block-image size-large is-style-default\"><img loading=\"lazy\" decoding=\"async\" width=\"1024\" height=\"538\" src=\"https:\/\/annemarieabautret.com\/blog\/wp-content\/uploads\/2023\/03\/LEV-Post-236-Mayo-de-1968-en-Francia-Un-punto-de-inflexion-en-la-historia-contemporanea-1024x538.png\" alt=\"\" class=\"wp-image-3755\" srcset=\"https:\/\/annemarieabautret.com\/blog\/wp-content\/uploads\/2023\/03\/LEV-Post-236-Mayo-de-1968-en-Francia-Un-punto-de-inflexion-en-la-historia-contemporanea-1024x538.png 1024w, https:\/\/annemarieabautret.com\/blog\/wp-content\/uploads\/2023\/03\/LEV-Post-236-Mayo-de-1968-en-Francia-Un-punto-de-inflexion-en-la-historia-contemporanea-300x158.png 300w, https:\/\/annemarieabautret.com\/blog\/wp-content\/uploads\/2023\/03\/LEV-Post-236-Mayo-de-1968-en-Francia-Un-punto-de-inflexion-en-la-historia-contemporanea-768x403.png 768w, https:\/\/annemarieabautret.com\/blog\/wp-content\/uploads\/2023\/03\/LEV-Post-236-Mayo-de-1968-en-Francia-Un-punto-de-inflexion-en-la-historia-contemporanea.png 1200w\" sizes=\"(max-width: 1024px) 100vw, 1024px\" \/><figcaption><em>Movimiento de 1968 en M\u00e9xico. Foto <a href=\"https:\/\/es.wikipedia.org\/wiki\/Movimiento_de_1968_en_M%C3%A9xico\" target=\"_blank\" rel=\"noreferrer noopener nofollow\">v\u00eda<\/a>.<\/em><\/figcaption><\/figure>\n\n\n\n<p>En Francia, el Partido Socialista Franc\u00e9s (PS) se fund\u00f3 en 1969 como resultado de la fusi\u00f3n de varios partidos socialistas y progresistas, y r\u00e1pidamente se convirti\u00f3 en una fuerza pol\u00edtica importante. En las elecciones presidenciales de 1981, el candidato del PS, Fran\u00e7ois Mitterrand, gan\u00f3 las elecciones y se convirti\u00f3 en el primer presidente socialista de Francia desde la Segunda Guerra Mundial.<\/p>\n\n\n\n<p>El movimiento tambi\u00e9n influy\u00f3 en la cultura pol\u00edtica y social en todo el mundo, inspirando a movimientos similares en otros pa\u00edses, como Italia, Alemania, M\u00e9xico y Estados Unidos. La Revoluci\u00f3n de Mayo de 1968 se convirti\u00f3 en un s\u00edmbolo de la lucha por la justicia social y la democracia en todo el mundo, y su legado contin\u00faa siendo relevante en la actualidad.<\/p>\n\n\n\n<figure class=\"wp-block-image size-large is-style-default\"><img loading=\"lazy\" decoding=\"async\" width=\"1024\" height=\"538\" src=\"https:\/\/annemarieabautret.com\/blog\/wp-content\/uploads\/2023\/03\/LEV-Post-236-Mayo-de-1968-en-Francia-Un-punto-de-inflexion-en-la-historia-contemporanea-1-1024x538.png\" alt=\"\" class=\"wp-image-3762\" srcset=\"https:\/\/annemarieabautret.com\/blog\/wp-content\/uploads\/2023\/03\/LEV-Post-236-Mayo-de-1968-en-Francia-Un-punto-de-inflexion-en-la-historia-contemporanea-1-1024x538.png 1024w, https:\/\/annemarieabautret.com\/blog\/wp-content\/uploads\/2023\/03\/LEV-Post-236-Mayo-de-1968-en-Francia-Un-punto-de-inflexion-en-la-historia-contemporanea-1-300x158.png 300w, https:\/\/annemarieabautret.com\/blog\/wp-content\/uploads\/2023\/03\/LEV-Post-236-Mayo-de-1968-en-Francia-Un-punto-de-inflexion-en-la-historia-contemporanea-1-768x403.png 768w, https:\/\/annemarieabautret.com\/blog\/wp-content\/uploads\/2023\/03\/LEV-Post-236-Mayo-de-1968-en-Francia-Un-punto-de-inflexion-en-la-historia-contemporanea-1.png 1200w\" sizes=\"(max-width: 1024px) 100vw, 1024px\" \/><\/figure>\n\n\n\n<p>En resumen, la Revoluci\u00f3n de Mayo de 1968 en Francia fue un movimiento social y pol\u00edtico que tuvo un impacto significativo en la historia pol\u00edtica y cultural de Francia. El movimiento fue una muestra de la capacidad de la sociedad civil para generar cambios significativos en la pol\u00edtica y la cultura, y llev\u00f3 a una serie de reformas pol\u00edticas y sociales importantes. Adem\u00e1s, el mayo Franc\u00e9s influy\u00f3 en la cultura pol\u00edtica y social en todo el mundo, inspirando a movimientos similares en otros pa\u00edses y convirti\u00e9ndose en un s\u00edmbolo de la lucha por la justicia social y la democracia en todo el mundo.<\/p>\n\n\n\n<h4 class=\"wp-block-heading\">Si deseas conocer m\u00e1s curiosidades sobre Francia, as\u00ed como sobre nuestros cursos, no te pierdas ninguna de nuestras publicaciones en las redes sociales. &#x1f447;<\/h4>\n\n\n\n<figure class=\"wp-block-image size-large is-style-default\"><a href=\"https:\/\/www.instagram.com\/francesconlencriervert\/\" target=\"_blank\" rel=\"noreferrer noopener\"><img loading=\"lazy\" decoding=\"async\" width=\"1024\" height=\"269\" src=\"https:\/\/annemarieabautret.com\/blog\/wp-content\/uploads\/2021\/06\/LEV-banner-redes-sociales-posts-1024x269.png\" alt=\"\" class=\"wp-image-1227\" srcset=\"https:\/\/annemarieabautret.com\/blog\/wp-content\/uploads\/2021\/06\/LEV-banner-redes-sociales-posts-1024x269.png 1024w, https:\/\/annemarieabautret.com\/blog\/wp-content\/uploads\/2021\/06\/LEV-banner-redes-sociales-posts-300x79.png 300w, https:\/\/annemarieabautret.com\/blog\/wp-content\/uploads\/2021\/06\/LEV-banner-redes-sociales-posts-768x202.png 768w, https:\/\/annemarieabautret.com\/blog\/wp-content\/uploads\/2021\/06\/LEV-banner-redes-sociales-posts.png 1200w\" sizes=\"(max-width: 1024px) 100vw, 1024px\" \/><\/a><\/figure>\n\n\n\n<figure class=\"wp-block-image size-large is-style-default\"><a href=\"https:\/\/www.facebook.com\/LencrierVert\" target=\"_blank\" rel=\"noreferrer noopener\"><img loading=\"lazy\" decoding=\"async\" width=\"1024\" height=\"269\" src=\"https:\/\/annemarieabautret.com\/blog\/wp-content\/uploads\/2021\/06\/LEV-banner-redes-sociales-posts-1-1024x269.png\" alt=\"\" class=\"wp-image-1228\" srcset=\"https:\/\/annemarieabautret.com\/blog\/wp-content\/uploads\/2021\/06\/LEV-banner-redes-sociales-posts-1-1024x269.png 1024w, https:\/\/annemarieabautret.com\/blog\/wp-content\/uploads\/2021\/06\/LEV-banner-redes-sociales-posts-1-300x79.png 300w, https:\/\/annemarieabautret.com\/blog\/wp-content\/uploads\/2021\/06\/LEV-banner-redes-sociales-posts-1-768x202.png 768w, https:\/\/annemarieabautret.com\/blog\/wp-content\/uploads\/2021\/06\/LEV-banner-redes-sociales-posts-1.png 1200w\" sizes=\"(max-width: 1024px) 100vw, 1024px\" \/><\/a><\/figure>\n","protected":false},"excerpt":{"rendered":"<p>La Revoluci\u00f3n de Mayo de 1968 en Francia, tambi\u00e9n conocida como Mayo Franc\u00e9s o Mayo de 1968, fue un per\u00edodo de agitaci\u00f3n social y pol\u00edtica que tuvo lugar en Par\u00eds y otras ciudades francesas. Durante aproximadamente dos meses, los estudiantes universitarios y los trabajadores se unieron en protestas masivas que cuestionaron el orden social y [&hellip;]<\/p>\n","protected":false},"author":1,"featured_media":3748,"comment_status":"open","ping_status":"open","sticky":false,"template":"","format":"standard","meta":{"footnotes":""},"categories":[7],"tags":[764,24,771,3,4,23,715,768,767,763,765,766],"class_list":["post-3746","post","type-post","status-publish","format-standard","has-post-thumbnail","hentry","category-curiosidades","tag-764","tag-curiosidades","tag-eventos-historicos","tag-frances","tag-frances-2","tag-francia","tag-historia-de-francia","tag-mai","tag-mai-68","tag-mayo-de-1968","tag-mayo-frances","tag-revolucion-de-mayo-de-1968"],"yoast_head":"<!-- This site is optimized with the Yoast SEO plugin v24.6 - https:\/\/yoast.com\/wordpress\/plugins\/seo\/ -->\n<title>Mayo de 1968 en Francia: Un punto de inflexi\u00f3n en la historia contempor\u00e1nea<\/title>\n<meta name=\"description\" content=\"La Revoluci\u00f3n de Mayo de 1968 en Francia fue un per\u00edodo de agitaci\u00f3n social y pol\u00edtica que tuvo lugar en Par\u00eds y otras ciudades francesas.\" \/>\n<meta name=\"robots\" content=\"index, follow, max-snippet:-1, max-image-preview:large, max-video-preview:-1\" \/>\n<link rel=\"canonical\" href=\"https:\/\/annemarieabautret.com\/blog\/mayo-de-1968-en-francia-un-punto-de-inflexion-en-la-historia-contemporanea\/\" \/>\n<meta property=\"og:locale\" content=\"es_ES\" \/>\n<meta property=\"og:type\" content=\"article\" \/>\n<meta property=\"og:title\" content=\"Mayo de 1968 en Francia: Un punto de inflexi\u00f3n en la historia contempor\u00e1nea\" \/>\n<meta property=\"og:description\" content=\"La Revoluci\u00f3n de Mayo de 1968 en Francia fue un per\u00edodo de agitaci\u00f3n social y pol\u00edtica que tuvo lugar en Par\u00eds y otras ciudades francesas.\" \/>\n<meta property=\"og:url\" content=\"https:\/\/annemarieabautret.com\/blog\/mayo-de-1968-en-francia-un-punto-de-inflexion-en-la-historia-contemporanea\/\" \/>\n<meta property=\"og:site_name\" content=\"Anne Marie Abautret\" \/>\n<meta property=\"article:published_time\" content=\"2023-03-07T20:43:02+00:00\" \/>\n<meta property=\"article:modified_time\" content=\"2023-03-07T20:43:04+00:00\" \/>\n<meta property=\"og:image\" content=\"https:\/\/annemarieabautret.com\/blog\/wp-content\/uploads\/2023\/03\/1.png\" \/>\n\t<meta property=\"og:image:width\" content=\"1200\" \/>\n\t<meta property=\"og:image:height\" content=\"630\" \/>\n\t<meta property=\"og:image:type\" content=\"image\/png\" \/>\n<meta name=\"author\" content=\"Bloglencriervert\" \/>\n<meta name=\"twitter:card\" content=\"summary_large_image\" \/>\n<meta name=\"twitter:title\" content=\"Mayo de 1968 en Francia: Un punto de inflexi\u00f3n en la historia contempor\u00e1nea\" \/>\n<meta name=\"twitter:image\" content=\"https:\/\/annemarieabautret.com\/blog\/wp-content\/uploads\/2023\/03\/1.png\" \/>\n<meta name=\"twitter:label1\" content=\"Written by\" \/>\n\t<meta name=\"twitter:data1\" content=\"Bloglencriervert\" \/>\n\t<meta name=\"twitter:label2\" content=\"Est. reading time\" \/>\n\t<meta name=\"twitter:data2\" content=\"10 minutos\" \/>\n<script type=\"application\/ld+json\" class=\"yoast-schema-graph\">{\"@context\":\"https:\/\/schema.org\",\"@graph\":[{\"@type\":\"WebPage\",\"@id\":\"https:\/\/annemarieabautret.com\/blog\/mayo-de-1968-en-francia-un-punto-de-inflexion-en-la-historia-contemporanea\/\",\"url\":\"https:\/\/annemarieabautret.com\/blog\/mayo-de-1968-en-francia-un-punto-de-inflexion-en-la-historia-contemporanea\/\",\"name\":\"Mayo de 1968 en Francia: Un punto de inflexi\u00f3n en la historia contempor\u00e1nea\",\"isPartOf\":{\"@id\":\"https:\/\/annemarieabautret.com\/blog\/#website\"},\"primaryImageOfPage\":{\"@id\":\"https:\/\/annemarieabautret.com\/blog\/mayo-de-1968-en-francia-un-punto-de-inflexion-en-la-historia-contemporanea\/#primaryimage\"},\"image\":{\"@id\":\"https:\/\/annemarieabautret.com\/blog\/mayo-de-1968-en-francia-un-punto-de-inflexion-en-la-historia-contemporanea\/#primaryimage\"},\"thumbnailUrl\":\"https:\/\/annemarieabautret.com\/blog\/wp-content\/uploads\/2023\/03\/1.png\",\"datePublished\":\"2023-03-07T20:43:02+00:00\",\"dateModified\":\"2023-03-07T20:43:04+00:00\",\"author\":{\"@id\":\"https:\/\/annemarieabautret.com\/blog\/#\/schema\/person\/67f969769283a1cac966eb4824469e7b\"},\"description\":\"La Revoluci\u00f3n de Mayo de 1968 en Francia fue un per\u00edodo de agitaci\u00f3n social y pol\u00edtica que tuvo lugar en Par\u00eds y otras ciudades francesas.\",\"breadcrumb\":{\"@id\":\"https:\/\/annemarieabautret.com\/blog\/mayo-de-1968-en-francia-un-punto-de-inflexion-en-la-historia-contemporanea\/#breadcrumb\"},\"inLanguage\":\"es-PE\",\"potentialAction\":[{\"@type\":\"ReadAction\",\"target\":[\"https:\/\/annemarieabautret.com\/blog\/mayo-de-1968-en-francia-un-punto-de-inflexion-en-la-historia-contemporanea\/\"]}]},{\"@type\":\"ImageObject\",\"inLanguage\":\"es-PE\",\"@id\":\"https:\/\/annemarieabautret.com\/blog\/mayo-de-1968-en-francia-un-punto-de-inflexion-en-la-historia-contemporanea\/#primaryimage\",\"url\":\"https:\/\/annemarieabautret.com\/blog\/wp-content\/uploads\/2023\/03\/1.png\",\"contentUrl\":\"https:\/\/annemarieabautret.com\/blog\/wp-content\/uploads\/2023\/03\/1.png\",\"width\":1200,\"height\":630},{\"@type\":\"BreadcrumbList\",\"@id\":\"https:\/\/annemarieabautret.com\/blog\/mayo-de-1968-en-francia-un-punto-de-inflexion-en-la-historia-contemporanea\/#breadcrumb\",\"itemListElement\":[{\"@type\":\"ListItem\",\"position\":1,\"name\":\"Home\",\"item\":\"https:\/\/annemarieabautret.com\/blog\/\"},{\"@type\":\"ListItem\",\"position\":2,\"name\":\"Mayo de 1968 en Francia: Un punto de inflexi\u00f3n en la historia contempor\u00e1nea\"}]},{\"@type\":\"WebSite\",\"@id\":\"https:\/\/annemarieabautret.com\/blog\/#website\",\"url\":\"https:\/\/annemarieabautret.com\/blog\/\",\"name\":\"Anne Marie Abautret\",\"description\":\"\u00a1Conoce el maravilloso mundo franc\u00f3fono con L&#039;encrier vert!\",\"potentialAction\":[{\"@type\":\"SearchAction\",\"target\":{\"@type\":\"EntryPoint\",\"urlTemplate\":\"https:\/\/annemarieabautret.com\/blog\/?s={search_term_string}\"},\"query-input\":{\"@type\":\"PropertyValueSpecification\",\"valueRequired\":true,\"valueName\":\"search_term_string\"}}],\"inLanguage\":\"es-PE\"},{\"@type\":\"Person\",\"@id\":\"https:\/\/annemarieabautret.com\/blog\/#\/schema\/person\/67f969769283a1cac966eb4824469e7b\",\"name\":\"Bloglencriervert\",\"image\":{\"@type\":\"ImageObject\",\"inLanguage\":\"es-PE\",\"@id\":\"https:\/\/annemarieabautret.com\/blog\/#\/schema\/person\/image\/\",\"url\":\"https:\/\/secure.gravatar.com\/avatar\/1b125fe84bb43db37171ca15c37bc658?s=96&d=mm&r=g\",\"contentUrl\":\"https:\/\/secure.gravatar.com\/avatar\/1b125fe84bb43db37171ca15c37bc658?s=96&d=mm&r=g\",\"caption\":\"Bloglencriervert\"},\"url\":\"https:\/\/annemarieabautret.com\/blog\/author\/anneblog\/\"}]}<\/script>\n<!-- \/ Yoast SEO plugin. -->","yoast_head_json":{"title":"Mayo de 1968 en Francia: Un punto de inflexi\u00f3n en la historia contempor\u00e1nea","description":"La Revoluci\u00f3n de Mayo de 1968 en Francia fue un per\u00edodo de agitaci\u00f3n social y pol\u00edtica que tuvo lugar en Par\u00eds y otras ciudades francesas.","robots":{"index":"index","follow":"follow","max-snippet":"max-snippet:-1","max-image-preview":"max-image-preview:large","max-video-preview":"max-video-preview:-1"},"canonical":"https:\/\/annemarieabautret.com\/blog\/mayo-de-1968-en-francia-un-punto-de-inflexion-en-la-historia-contemporanea\/","og_locale":"es_ES","og_type":"article","og_title":"Mayo de 1968 en Francia: Un punto de inflexi\u00f3n en la historia contempor\u00e1nea","og_description":"La Revoluci\u00f3n de Mayo de 1968 en Francia fue un per\u00edodo de agitaci\u00f3n social y pol\u00edtica que tuvo lugar en Par\u00eds y otras ciudades francesas.","og_url":"https:\/\/annemarieabautret.com\/blog\/mayo-de-1968-en-francia-un-punto-de-inflexion-en-la-historia-contemporanea\/","og_site_name":"Anne Marie Abautret","article_published_time":"2023-03-07T20:43:02+00:00","article_modified_time":"2023-03-07T20:43:04+00:00","og_image":[{"width":1200,"height":630,"url":"https:\/\/annemarieabautret.com\/blog\/wp-content\/uploads\/2023\/03\/1.png","type":"image\/png"}],"author":"Bloglencriervert","twitter_card":"summary_large_image","twitter_title":"Mayo de 1968 en Francia: Un punto de inflexi\u00f3n en la historia contempor\u00e1nea","twitter_image":"https:\/\/annemarieabautret.com\/blog\/wp-content\/uploads\/2023\/03\/1.png","twitter_misc":{"Written by":"Bloglencriervert","Est. reading time":"10 minutos"},"schema":{"@context":"https:\/\/schema.org","@graph":[{"@type":"WebPage","@id":"https:\/\/annemarieabautret.com\/blog\/mayo-de-1968-en-francia-un-punto-de-inflexion-en-la-historia-contemporanea\/","url":"https:\/\/annemarieabautret.com\/blog\/mayo-de-1968-en-francia-un-punto-de-inflexion-en-la-historia-contemporanea\/","name":"Mayo de 1968 en Francia: Un punto de inflexi\u00f3n en la historia contempor\u00e1nea","isPartOf":{"@id":"https:\/\/annemarieabautret.com\/blog\/#website"},"primaryImageOfPage":{"@id":"https:\/\/annemarieabautret.com\/blog\/mayo-de-1968-en-francia-un-punto-de-inflexion-en-la-historia-contemporanea\/#primaryimage"},"image":{"@id":"https:\/\/annemarieabautret.com\/blog\/mayo-de-1968-en-francia-un-punto-de-inflexion-en-la-historia-contemporanea\/#primaryimage"},"thumbnailUrl":"https:\/\/annemarieabautret.com\/blog\/wp-content\/uploads\/2023\/03\/1.png","datePublished":"2023-03-07T20:43:02+00:00","dateModified":"2023-03-07T20:43:04+00:00","author":{"@id":"https:\/\/annemarieabautret.com\/blog\/#\/schema\/person\/67f969769283a1cac966eb4824469e7b"},"description":"La Revoluci\u00f3n de Mayo de 1968 en Francia fue un per\u00edodo de agitaci\u00f3n social y pol\u00edtica que tuvo lugar en Par\u00eds y otras ciudades francesas.","breadcrumb":{"@id":"https:\/\/annemarieabautret.com\/blog\/mayo-de-1968-en-francia-un-punto-de-inflexion-en-la-historia-contemporanea\/#breadcrumb"},"inLanguage":"es-PE","potentialAction":[{"@type":"ReadAction","target":["https:\/\/annemarieabautret.com\/blog\/mayo-de-1968-en-francia-un-punto-de-inflexion-en-la-historia-contemporanea\/"]}]},{"@type":"ImageObject","inLanguage":"es-PE","@id":"https:\/\/annemarieabautret.com\/blog\/mayo-de-1968-en-francia-un-punto-de-inflexion-en-la-historia-contemporanea\/#primaryimage","url":"https:\/\/annemarieabautret.com\/blog\/wp-content\/uploads\/2023\/03\/1.png","contentUrl":"https:\/\/annemarieabautret.com\/blog\/wp-content\/uploads\/2023\/03\/1.png","width":1200,"height":630},{"@type":"BreadcrumbList","@id":"https:\/\/annemarieabautret.com\/blog\/mayo-de-1968-en-francia-un-punto-de-inflexion-en-la-historia-contemporanea\/#breadcrumb","itemListElement":[{"@type":"ListItem","position":1,"name":"Home","item":"https:\/\/annemarieabautret.com\/blog\/"},{"@type":"ListItem","position":2,"name":"Mayo de 1968 en Francia: Un punto de inflexi\u00f3n en la historia contempor\u00e1nea"}]},{"@type":"WebSite","@id":"https:\/\/annemarieabautret.com\/blog\/#website","url":"https:\/\/annemarieabautret.com\/blog\/","name":"Anne Marie Abautret","description":"\u00a1Conoce el maravilloso mundo franc\u00f3fono con L&#039;encrier vert!","potentialAction":[{"@type":"SearchAction","target":{"@type":"EntryPoint","urlTemplate":"https:\/\/annemarieabautret.com\/blog\/?s={search_term_string}"},"query-input":{"@type":"PropertyValueSpecification","valueRequired":true,"valueName":"search_term_string"}}],"inLanguage":"es-PE"},{"@type":"Person","@id":"https:\/\/annemarieabautret.com\/blog\/#\/schema\/person\/67f969769283a1cac966eb4824469e7b","name":"Bloglencriervert","image":{"@type":"ImageObject","inLanguage":"es-PE","@id":"https:\/\/annemarieabautret.com\/blog\/#\/schema\/person\/image\/","url":"https:\/\/secure.gravatar.com\/avatar\/1b125fe84bb43db37171ca15c37bc658?s=96&d=mm&r=g","contentUrl":"https:\/\/secure.gravatar.com\/avatar\/1b125fe84bb43db37171ca15c37bc658?s=96&d=mm&r=g","caption":"Bloglencriervert"},"url":"https:\/\/annemarieabautret.com\/blog\/author\/anneblog\/"}]}},"amp_enabled":true,"_links":{"self":[{"href":"https:\/\/annemarieabautret.com\/blog\/wp-json\/wp\/v2\/posts\/3746"}],"collection":[{"href":"https:\/\/annemarieabautret.com\/blog\/wp-json\/wp\/v2\/posts"}],"about":[{"href":"https:\/\/annemarieabautret.com\/blog\/wp-json\/wp\/v2\/types\/post"}],"author":[{"embeddable":true,"href":"https:\/\/annemarieabautret.com\/blog\/wp-json\/wp\/v2\/users\/1"}],"replies":[{"embeddable":true,"href":"https:\/\/annemarieabautret.com\/blog\/wp-json\/wp\/v2\/comments?post=3746"}],"version-history":[{"count":5,"href":"https:\/\/annemarieabautret.com\/blog\/wp-json\/wp\/v2\/posts\/3746\/revisions"}],"predecessor-version":[{"id":3763,"href":"https:\/\/annemarieabautret.com\/blog\/wp-json\/wp\/v2\/posts\/3746\/revisions\/3763"}],"wp:featuredmedia":[{"embeddable":true,"href":"https:\/\/annemarieabautret.com\/blog\/wp-json\/wp\/v2\/media\/3748"}],"wp:attachment":[{"href":"https:\/\/annemarieabautret.com\/blog\/wp-json\/wp\/v2\/media?parent=3746"}],"wp:term":[{"taxonomy":"category","embeddable":true,"href":"https:\/\/annemarieabautret.com\/blog\/wp-json\/wp\/v2\/categories?post=3746"},{"taxonomy":"post_tag","embeddable":true,"href":"https:\/\/annemarieabautret.com\/blog\/wp-json\/wp\/v2\/tags?post=3746"}],"curies":[{"name":"wp","href":"https:\/\/api.w.org\/{rel}","templated":true}]}}