{"id":3847,"date":"2023-04-11T13:14:18","date_gmt":"2023-04-11T18:14:18","guid":{"rendered":"https:\/\/annemarieabautret.com\/blog\/?p=3847"},"modified":"2023-04-11T13:14:19","modified_gmt":"2023-04-11T18:14:19","slug":"verbos-pouvoir-vouloir-y-devoir-en-frances","status":"publish","type":"post","link":"https:\/\/annemarieabautret.com\/blog\/verbos-pouvoir-vouloir-y-devoir-en-frances\/","title":{"rendered":"Verbos 'Pouvoir', 'Vouloir' y 'Devoir' en franc\u00e9s"},"content":{"rendered":"\n<p>Los verbos <em>'Pouvoir'<\/em>, <em>'Vouloir'<\/em> y <em>'Devoir'<\/em> en franc\u00e9s son verbos muy comunes que se utilizan con frecuencia en la lengua francesa. Cada uno de estos verbos tiene su propio significado, conjugaciones y usos espec\u00edficos en el presente, lo que los convierte en elementos esenciales en la comunicaci\u00f3n cotidiana en franc\u00e9s. \u00a1Conoce m\u00e1s acerca de estos verbos con <a href=\"https:\/\/annemarieabautret.com\/blog\"><strong><em>L\u2019encrier vert<\/em><\/strong><\/a>!<\/p>\n\n\n\n<figure class=\"wp-block-image size-large is-style-default\"><img loading=\"lazy\" decoding=\"async\" width=\"1024\" height=\"538\" src=\"https:\/\/annemarieabautret.com\/blog\/wp-content\/uploads\/2023\/04\/1-1024x538.png\" alt=\"Verbos Pouvoir Vouloir y Devoir\" class=\"wp-image-3849\" srcset=\"https:\/\/annemarieabautret.com\/blog\/wp-content\/uploads\/2023\/04\/1-1024x538.png 1024w, https:\/\/annemarieabautret.com\/blog\/wp-content\/uploads\/2023\/04\/1-300x158.png 300w, https:\/\/annemarieabautret.com\/blog\/wp-content\/uploads\/2023\/04\/1-768x403.png 768w, https:\/\/annemarieabautret.com\/blog\/wp-content\/uploads\/2023\/04\/1.png 1200w\" sizes=\"(max-width: 1024px) 100vw, 1024px\" \/><\/figure>\n\n\n\n<h2 class=\"wp-block-heading\">Verbos 'Pouvoir', 'Vouloir' y 'Devoir' en franc\u00e9s: importancia<\/h2>\n\n\n\n<p>La importancia de estos verbos en la lengua francesa radica en que son verbos modales, es decir, tienen un sentido especial que va m\u00e1s all\u00e1 de su significado b\u00e1sico y se utilizan para expresar diferentes grados de posibilidad, voluntad u obligaci\u00f3n en una situaci\u00f3n dada. Son muy comunes y se utilizan en una amplia variedad de contextos, tanto en situaciones formales como informales.<\/p>\n\n\n\n<p>A continuaci\u00f3n, detallaremos cada uno de ellos junto con su significado, su conjugaci\u00f3n y sus usos. <em>Allez, les amis !<\/em><\/p>\n\n\n\n<h2 class=\"wp-block-heading\">Verbo <em>Pouvoir<\/em><\/h2>\n\n\n\n<p>El verbo <em>pouvoir<\/em> significa \"poder\" en espa\u00f1ol. Veamos su conjugaci\u00f3n en presente:<\/p>\n\n\n\n<ul class=\"wp-block-list\"><li><em>Je peux<\/em> = Yo puedo<\/li><li><em>Tu peux<\/em> = T\u00fa puedes<\/li><li><em>Il \/ Elle \/ On peut<\/em> = \u00c9l \/ Ella \/Puede \u2013 Nosotros podemos (informal)<\/li><li><em>Nous pouvons<\/em> = Nosotros \/ Nosotras podemos<\/li><li><em>Vous pouvez<\/em> = Ustedes pueden<\/li><li><em>Ils \/ Elles peuvent<\/em> = Ellos \/ Ellas pueden<\/li><\/ul>\n\n\n\n<figure class=\"wp-block-image size-large is-style-default\"><img loading=\"lazy\" decoding=\"async\" width=\"1024\" height=\"538\" src=\"https:\/\/annemarieabautret.com\/blog\/wp-content\/uploads\/2023\/04\/2-1024x538.png\" alt=\"Verbos Pouvoir Vouloir y Devoir\" class=\"wp-image-3850\" srcset=\"https:\/\/annemarieabautret.com\/blog\/wp-content\/uploads\/2023\/04\/2-1024x538.png 1024w, https:\/\/annemarieabautret.com\/blog\/wp-content\/uploads\/2023\/04\/2-300x158.png 300w, https:\/\/annemarieabautret.com\/blog\/wp-content\/uploads\/2023\/04\/2-768x403.png 768w, https:\/\/annemarieabautret.com\/blog\/wp-content\/uploads\/2023\/04\/2.png 1200w\" sizes=\"(max-width: 1024px) 100vw, 1024px\" \/><\/figure>\n\n\n\n<h3 class=\"wp-block-heading\">Uso<\/h3>\n\n\n\n<p>El verbo <em>pouvoir<\/em> se utiliza en presente en franc\u00e9s para expresar la capacidad o posibilidad de hacer algo. Aqu\u00ed hay algunas formas m\u00e1s detalladas de c\u00f3mo se utiliza:<\/p>\n\n\n\n<ol class=\"wp-block-list\" type=\"1\"><li><strong>Capacidad f\u00edsica<\/strong>: <em>Pouvoir<\/em> se utiliza para expresar la capacidad f\u00edsica de hacer algo. Por ejemplo:<\/li><\/ol>\n\n\n\n<ul class=\"wp-block-list\"><li><em>Je peux courir 5 kilom\u00e8tres<\/em> = Yo puedo correr 5 kil\u00f3metros.<\/li><li><em>Tu peux porter ce carton<\/em> = T\u00fa puedes llevar esta caja.<\/li><\/ul>\n\n\n\n<ol class=\"wp-block-list\" type=\"1\" start=\"2\"><li><strong>Capacidad mental<\/strong>: <em>Pouvoir<\/em> tambi\u00e9n se utiliza para expresar la capacidad mental o intelectual de hacer algo. Por ejemplo:<\/li><\/ol>\n\n\n\n<ul class=\"wp-block-list\"><li><em>Elle peut r\u00e9soudre ce probl\u00e8me math\u00e9matique<\/em> = Ella puede resolver este problema matem\u00e1tico.<\/li><li><em>Nous pouvons comprendre cette nouvelle langue<\/em> = Podemos entender este nuevo idioma.<\/li><\/ul>\n\n\n\n<figure class=\"wp-block-image size-large is-style-default\"><img loading=\"lazy\" decoding=\"async\" width=\"1024\" height=\"538\" src=\"https:\/\/annemarieabautret.com\/blog\/wp-content\/uploads\/2023\/04\/3-1-1024x538.png\" alt=\"Verbos Pouvoir Vouloir y Devoir\" class=\"wp-image-3852\" srcset=\"https:\/\/annemarieabautret.com\/blog\/wp-content\/uploads\/2023\/04\/3-1-1024x538.png 1024w, https:\/\/annemarieabautret.com\/blog\/wp-content\/uploads\/2023\/04\/3-1-300x158.png 300w, https:\/\/annemarieabautret.com\/blog\/wp-content\/uploads\/2023\/04\/3-1-768x403.png 768w, https:\/\/annemarieabautret.com\/blog\/wp-content\/uploads\/2023\/04\/3-1.png 1200w\" sizes=\"(max-width: 1024px) 100vw, 1024px\" \/><\/figure>\n\n\n\n<figure class=\"wp-block-image size-full is-style-default\"><a href=\"https:\/\/www.instagram.com\/francesconlencriervert\/\" target=\"_blank\" rel=\"noreferrer noopener\"><img loading=\"lazy\" decoding=\"async\" width=\"600\" height=\"156\" src=\"https:\/\/annemarieabautret.com\/blog\/wp-content\/uploads\/2022\/04\/LEV-Banner-Promo-Todos-los-niveles.gif\" alt=\"\" class=\"wp-image-2922\"\/><\/a><\/figure>\n\n\n\n<ol class=\"wp-block-list\" type=\"1\" start=\"3\"><li><strong>Posibilidad<\/strong>: <em>Pouvoir<\/em> se utiliza para expresar la posibilidad de que algo ocurra. Por ejemplo:<\/li><\/ol>\n\n\n\n<ul class=\"wp-block-list\"><li><em>Il peut pleuvoir demain<\/em> = Puede llover ma\u00f1ana.<\/li><li><em>Vous pouvez rencontrer des gens int\u00e9ressants lors de ce voyage<\/em> = Puedes conocer a personas interesantes durante este viaje.<\/li><\/ul>\n\n\n\n<p>Es importante tener en cuenta que <em>Pouvoir<\/em> tambi\u00e9n puede utilizarse en forma negativa para expresar la imposibilidad de hacer algo. Por ejemplo:<\/p>\n\n\n\n<ul class=\"wp-block-list\"><li><em>Je ne peux pas venir \u00e0 la f\u00eate<\/em> = No puedo venir a la fiesta.<\/li><li><em>Ils ne peuvent pas acheter cette maison<\/em> = No pueden comprar esta casa.<\/li><\/ul>\n\n\n\n<figure class=\"wp-block-image size-large is-style-default\"><img loading=\"lazy\" decoding=\"async\" width=\"1024\" height=\"538\" src=\"https:\/\/annemarieabautret.com\/blog\/wp-content\/uploads\/2023\/04\/4-1024x538.png\" alt=\"Verbos Pouvoir Vouloir y Devoir\" class=\"wp-image-3853\" srcset=\"https:\/\/annemarieabautret.com\/blog\/wp-content\/uploads\/2023\/04\/4-1024x538.png 1024w, https:\/\/annemarieabautret.com\/blog\/wp-content\/uploads\/2023\/04\/4-300x158.png 300w, https:\/\/annemarieabautret.com\/blog\/wp-content\/uploads\/2023\/04\/4-768x403.png 768w, https:\/\/annemarieabautret.com\/blog\/wp-content\/uploads\/2023\/04\/4.png 1200w\" sizes=\"(max-width: 1024px) 100vw, 1024px\" \/><\/figure>\n\n\n\n<h2 class=\"wp-block-heading\">Verbo <em>Vouloir<\/em><\/h2>\n\n\n\n<p>El verbo <em>vouloir<\/em> se traduce como \"querer\" en espa\u00f1ol. Veamos su conjugaci\u00f3n en presente:<\/p>\n\n\n\n<ul class=\"wp-block-list\"><li><em>Je veux<\/em> = Yo quiero<\/li><li><em>Tu veux<\/em> = T\u00fa quieres<\/li><li><em>Il \/ Elle \/ On veut<\/em> = \u00c9l \/ Ella quiere \u2013 Nosotros queremos (informal)<\/li><li><em>Nous voulons<\/em> = Nosotros \/ Nosotras queremos<\/li><li><em>Vous voulez<\/em> = Ustedes quieren<\/li><li><em>Ils \/ Elles veulent<\/em> = Ellos \/ Ellas quieren<\/li><\/ul>\n\n\n\n<figure class=\"wp-block-image size-large is-style-default\"><img loading=\"lazy\" decoding=\"async\" width=\"1024\" height=\"538\" src=\"https:\/\/annemarieabautret.com\/blog\/wp-content\/uploads\/2023\/04\/5-1024x538.png\" alt=\"Verbos Pouvoir Vouloir y Devoir\" class=\"wp-image-3854\" srcset=\"https:\/\/annemarieabautret.com\/blog\/wp-content\/uploads\/2023\/04\/5-1024x538.png 1024w, https:\/\/annemarieabautret.com\/blog\/wp-content\/uploads\/2023\/04\/5-300x158.png 300w, https:\/\/annemarieabautret.com\/blog\/wp-content\/uploads\/2023\/04\/5-768x403.png 768w, https:\/\/annemarieabautret.com\/blog\/wp-content\/uploads\/2023\/04\/5.png 1200w\" sizes=\"(max-width: 1024px) 100vw, 1024px\" \/><\/figure>\n\n\n\n<h3 class=\"wp-block-heading\">Uso<\/h3>\n\n\n\n<p>El verbo <em>vouloir<\/em> se utiliza en presente en franc\u00e9s para expresar la voluntad o el deseo de hacer algo. Aqu\u00ed hay algunas formas m\u00e1s detalladas de c\u00f3mo se utiliza:<\/p>\n\n\n\n<ol class=\"wp-block-list\" type=\"1\"><li><strong>Voluntad<\/strong>: <em>Vouloir<\/em> se utiliza para expresar la voluntad de hacer algo. Por ejemplo:<\/li><\/ol>\n\n\n\n<ul class=\"wp-block-list\"><li><em>Je veux partir en vacances<\/em> = Yo quiero irme de vacaciones.<\/li><li><em>Tu veux manger au restaurant<\/em> = T\u00fa quieres comer en el restaurante.<\/li><\/ul>\n\n\n\n<ol class=\"wp-block-list\" type=\"1\" start=\"2\"><li><strong>Petici\u00f3n o invitaci\u00f3n<\/strong>: <em>Vouloir<\/em> tambi\u00e9n se utiliza para hacer una petici\u00f3n o una invitaci\u00f3n de manera educada. Por ejemplo:<\/li><\/ol>\n\n\n\n<ul class=\"wp-block-list\"><li><em>Vous voulez me passer le sel, s'il vous pla\u00eet ?<\/em> = \u00bfMe pasa la sal, por favor?<\/li><li><em>Est-ce que vous voulez venir \u00e0 ma f\u00eate d'anniversaire ?<\/em> = \u00bfQuieres venir a mi fiesta de cumplea\u00f1os?<\/li><\/ul>\n\n\n\n<figure class=\"wp-block-image size-large is-style-default\"><img loading=\"lazy\" decoding=\"async\" width=\"1024\" height=\"538\" src=\"https:\/\/annemarieabautret.com\/blog\/wp-content\/uploads\/2023\/04\/6-1024x538.png\" alt=\"Verbos Pouvoir Vouloir y Devoir\" class=\"wp-image-3855\" srcset=\"https:\/\/annemarieabautret.com\/blog\/wp-content\/uploads\/2023\/04\/6-1024x538.png 1024w, https:\/\/annemarieabautret.com\/blog\/wp-content\/uploads\/2023\/04\/6-300x158.png 300w, https:\/\/annemarieabautret.com\/blog\/wp-content\/uploads\/2023\/04\/6-768x403.png 768w, https:\/\/annemarieabautret.com\/blog\/wp-content\/uploads\/2023\/04\/6.png 1200w\" sizes=\"(max-width: 1024px) 100vw, 1024px\" \/><\/figure>\n\n\n\n<h2 class=\"wp-block-heading\"><strong><mark style=\"background-color:rgba(0, 0, 0, 0)\" class=\"has-inline-color has-vivid-red-color\">Mira tambi\u00e9n<\/mark><\/strong>: <em><a href=\"https:\/\/annemarieabautret.com\/blog\/el-verbo-venir-en-frances\/\"><em>El verbo 'venir' en franc\u00e9s<\/em><\/a><\/em><\/h2>\n\n\n\n<ol class=\"wp-block-list\" type=\"1\" start=\"3\"><li><strong>Expresar preferencia<\/strong>: <em>Vouloir<\/em> se utiliza para expresar preferencia o elecci\u00f3n en una situaci\u00f3n espec\u00edfica. Por ejemplo:<\/li><\/ol>\n\n\n\n<ul class=\"wp-block-list\"><li><em>Elle veut prendre le train plut\u00f4t que l'avion<\/em> = Ella prefiere tomar el tren en lugar del avi\u00f3n.<\/li><li><em>Nous voulons acheter une maison pr\u00e8s de la plage<\/em> = Queremos comprar una casa cerca de la playa.<\/li><\/ul>\n\n\n\n<p>Es importante tener en cuenta que <em>Vouloir<\/em> tambi\u00e9n puede utilizarse en forma negativa para expresar la negaci\u00f3n de un deseo o petici\u00f3n. Por ejemplo:<\/p>\n\n\n\n<ul class=\"wp-block-list\"><li><em>Je ne veux pas manger de viande<\/em> = No quiero comer carne.<\/li><li><em>Ils ne veulent pas sortir ce soir<\/em> = No quieren salir esta noche.<\/li><\/ul>\n\n\n\n<figure class=\"wp-block-image size-large is-style-default\"><img loading=\"lazy\" decoding=\"async\" width=\"1024\" height=\"538\" src=\"https:\/\/annemarieabautret.com\/blog\/wp-content\/uploads\/2023\/04\/7-1024x538.png\" alt=\"\" class=\"wp-image-3856\" srcset=\"https:\/\/annemarieabautret.com\/blog\/wp-content\/uploads\/2023\/04\/7-1024x538.png 1024w, https:\/\/annemarieabautret.com\/blog\/wp-content\/uploads\/2023\/04\/7-300x158.png 300w, https:\/\/annemarieabautret.com\/blog\/wp-content\/uploads\/2023\/04\/7-768x403.png 768w, https:\/\/annemarieabautret.com\/blog\/wp-content\/uploads\/2023\/04\/7.png 1200w\" sizes=\"(max-width: 1024px) 100vw, 1024px\" \/><\/figure>\n\n\n\n<h2 class=\"wp-block-heading\">Verbo <em>Devoir<\/em><\/h2>\n\n\n\n<p>El verbo <em>devoir<\/em> se traduce como \"deber\" en espa\u00f1ol. Veamos su conjugaci\u00f3n en presente:<\/p>\n\n\n\n<ul class=\"wp-block-list\"><li><em>Je dois<\/em> = Yo debo<\/li><li><em>Tu dois<\/em> =T\u00fa debes<\/li><li><em>Il \/ Elle \/ On doit<\/em> = \u00c9l \/ Ella debe \u2013 Nosotros debemos (informal)<\/li><li><em>Nous devons<\/em> = Nosotros \/ Nosotras debemos<\/li><li><em>Vous devez<\/em> = Ustedes deben<\/li><li><em>Ils \/ Elles doivent<\/em> = Ellos \/ Ellas deben<\/li><\/ul>\n\n\n\n<figure class=\"wp-block-image size-large is-style-default\"><img loading=\"lazy\" decoding=\"async\" width=\"1200\" height=\"630\" src=\"https:\/\/annemarieabautret.com\/blog\/wp-content\/uploads\/2023\/04\/8-1024x538.png\" alt=\"\" class=\"wp-image-3857\" srcset=\"https:\/\/annemarieabautret.com\/blog\/wp-content\/uploads\/2023\/04\/8-1024x538.png 1024w, https:\/\/annemarieabautret.com\/blog\/wp-content\/uploads\/2023\/04\/8-300x158.png 300w, https:\/\/annemarieabautret.com\/blog\/wp-content\/uploads\/2023\/04\/8-768x403.png 768w, https:\/\/annemarieabautret.com\/blog\/wp-content\/uploads\/2023\/04\/8.png 1200w\" sizes=\"(max-width: 1200px) 100vw, 1200px\" \/><\/figure>\n\n\n\n<h3 class=\"wp-block-heading\">Uso<\/h3>\n\n\n\n<p>El verbo <em>Devoir<\/em> se utiliza en presente en franc\u00e9s para expresar la obligaci\u00f3n o deber de hacer algo. Aqu\u00ed hay algunas formas m\u00e1s detalladas de c\u00f3mo se utiliza:<\/p>\n\n\n\n<ol class=\"wp-block-list\" type=\"1\"><li><strong>Obligaci\u00f3n<\/strong>: <em>Devoir<\/em> se utiliza para expresar la obligaci\u00f3n de hacer algo. Por ejemplo:<\/li><\/ol>\n\n\n\n<ul class=\"wp-block-list\"><li><em>Je dois \u00e9tudier pour mon examen<\/em> = Debo estudiar para mi examen.<\/li><li><em>Tu dois rendre ton devoir demain<\/em> = Debes entregar tu tarea ma\u00f1ana.<\/li><\/ul>\n\n\n\n<ol class=\"wp-block-list\" type=\"1\" start=\"2\"><li><strong>Presunci\u00f3n<\/strong>: <em>Devoir<\/em> tambi\u00e9n se utiliza para expresar una presunci\u00f3n o probabilidad de que algo sea cierto. Por ejemplo:<\/li><\/ol>\n\n\n\n<ul class=\"wp-block-list\"><li><em>Il doit \u00eatre en retard<\/em> = Debe estar retrasado.<\/li><li><em>Ils doivent \u00eatre fatigu\u00e9s apr\u00e8s cette longue marche<\/em> = Deben estar cansados despu\u00e9s de esta larga caminata.<\/li><\/ul>\n\n\n\n<figure class=\"wp-block-image size-large is-style-default\"><img loading=\"lazy\" decoding=\"async\" width=\"1024\" height=\"538\" src=\"https:\/\/annemarieabautret.com\/blog\/wp-content\/uploads\/2023\/04\/9-1024x538.png\" alt=\"\" class=\"wp-image-3858\" srcset=\"https:\/\/annemarieabautret.com\/blog\/wp-content\/uploads\/2023\/04\/9-1024x538.png 1024w, https:\/\/annemarieabautret.com\/blog\/wp-content\/uploads\/2023\/04\/9-300x158.png 300w, https:\/\/annemarieabautret.com\/blog\/wp-content\/uploads\/2023\/04\/9-768x403.png 768w, https:\/\/annemarieabautret.com\/blog\/wp-content\/uploads\/2023\/04\/9.png 1200w\" sizes=\"(max-width: 1024px) 100vw, 1024px\" \/><\/figure>\n\n\n\n<ol class=\"wp-block-list\" type=\"1\" start=\"3\"><li><strong>Consejo o sugerencia<\/strong>: <em>Devoir<\/em> se utiliza para dar un consejo o sugerencia de manera educada. Por ejemplo:<\/li><\/ol>\n\n\n\n<ul class=\"wp-block-list\"><li><em>Vous devriez prendre un parapluie, il va pleuvoir<\/em> = Deber\u00eda llevar un paraguas, va a llover.<\/li><li><em>On devrait visiter le Louvre pendant notre voyage \u00e0 Paris<\/em> = Deber\u00edamos visitar el Louvre durante nuestro viaje a Par\u00eds.<\/li><\/ul>\n\n\n\n<p>Es importante tener en cuenta que <em>Devoir<\/em> tambi\u00e9n puede utilizarse en forma negativa para expresar la falta de obligaci\u00f3n o probabilidad. Por ejemplo:<\/p>\n\n\n\n<ul class=\"wp-block-list\"><li><em>Je ne dois pas oublier d'acheter du lait<\/em> = No debo olvidar comprar leche.<\/li><li><em>Elles ne doivent pas savoir que nous sommes l\u00e0<\/em> = No deben saber que estamos aqu\u00ed.<\/li><\/ul>\n\n\n\n<figure class=\"wp-block-image size-large is-style-default\"><img loading=\"lazy\" decoding=\"async\" width=\"1024\" height=\"538\" src=\"https:\/\/annemarieabautret.com\/blog\/wp-content\/uploads\/2023\/04\/10-1024x538.png\" alt=\"\" class=\"wp-image-3859\" srcset=\"https:\/\/annemarieabautret.com\/blog\/wp-content\/uploads\/2023\/04\/10-1024x538.png 1024w, https:\/\/annemarieabautret.com\/blog\/wp-content\/uploads\/2023\/04\/10-300x158.png 300w, https:\/\/annemarieabautret.com\/blog\/wp-content\/uploads\/2023\/04\/10-768x403.png 768w, https:\/\/annemarieabautret.com\/blog\/wp-content\/uploads\/2023\/04\/10.png 1200w\" sizes=\"(max-width: 1024px) 100vw, 1024px\" \/><\/figure>\n\n\n\n<p>En resumen, los verbos franceses <em>'Pouvoir'<\/em>, <em>'Vouloir'<\/em> y <em>'Devoir'<\/em> son verbos esenciales en la comunicaci\u00f3n cotidiana en franc\u00e9s. Sus significados, conjugaciones y usos espec\u00edficos en presente les otorgan un papel fundamental en la expresi\u00f3n de posibilidad, voluntad y obligaci\u00f3n en diferentes situaciones. Es importante familiarizarse con estos verbos para poder comunicarse de manera efectiva en franc\u00e9s.<\/p>\n\n\n\n<h4 class=\"wp-block-heading\">Si deseas conocer m\u00e1s gram\u00e1tica francesa, as\u00ed como sobre nuestros cursos, no te pierdas ninguna de nuestras publicaciones en las redes sociales. &#x1f447;<\/h4>\n\n\n\n<figure class=\"wp-block-image size-large is-style-default\"><a href=\"https:\/\/www.instagram.com\/francesconlencriervert\/\" target=\"_blank\" rel=\"noreferrer noopener\"><img loading=\"lazy\" decoding=\"async\" width=\"1024\" height=\"269\" src=\"https:\/\/annemarieabautret.com\/blog\/wp-content\/uploads\/2021\/06\/LEV-banner-redes-sociales-posts-1024x269.png\" alt=\"\" class=\"wp-image-1227\" srcset=\"https:\/\/annemarieabautret.com\/blog\/wp-content\/uploads\/2021\/06\/LEV-banner-redes-sociales-posts-1024x269.png 1024w, https:\/\/annemarieabautret.com\/blog\/wp-content\/uploads\/2021\/06\/LEV-banner-redes-sociales-posts-300x79.png 300w, https:\/\/annemarieabautret.com\/blog\/wp-content\/uploads\/2021\/06\/LEV-banner-redes-sociales-posts-768x202.png 768w, https:\/\/annemarieabautret.com\/blog\/wp-content\/uploads\/2021\/06\/LEV-banner-redes-sociales-posts.png 1200w\" sizes=\"(max-width: 1024px) 100vw, 1024px\" \/><\/a><\/figure>\n\n\n\n<figure class=\"wp-block-image size-large is-style-default\"><a href=\"https:\/\/www.facebook.com\/LencrierVert\" target=\"_blank\" rel=\"noreferrer noopener\"><img loading=\"lazy\" decoding=\"async\" width=\"1024\" height=\"269\" src=\"https:\/\/annemarieabautret.com\/blog\/wp-content\/uploads\/2021\/06\/LEV-banner-redes-sociales-posts-1-1024x269.png\" alt=\"\" class=\"wp-image-1228\" srcset=\"https:\/\/annemarieabautret.com\/blog\/wp-content\/uploads\/2021\/06\/LEV-banner-redes-sociales-posts-1-1024x269.png 1024w, https:\/\/annemarieabautret.com\/blog\/wp-content\/uploads\/2021\/06\/LEV-banner-redes-sociales-posts-1-300x79.png 300w, https:\/\/annemarieabautret.com\/blog\/wp-content\/uploads\/2021\/06\/LEV-banner-redes-sociales-posts-1-768x202.png 768w, https:\/\/annemarieabautret.com\/blog\/wp-content\/uploads\/2021\/06\/LEV-banner-redes-sociales-posts-1.png 1200w\" sizes=\"(max-width: 1024px) 100vw, 1024px\" \/><\/a><\/figure>\n","protected":false},"excerpt":{"rendered":"<p>Los verbos 'Pouvoir', 'Vouloir' y 'Devoir' en franc\u00e9s son verbos muy comunes que se utilizan con frecuencia en la lengua francesa. Cada uno de estos verbos tiene su propio significado, conjugaciones y usos espec\u00edficos en el presente, lo que los convierte en elementos esenciales en la comunicaci\u00f3n cotidiana en franc\u00e9s. \u00a1Conoce m\u00e1s acerca de estos [&hellip;]<\/p>\n","protected":false},"author":1,"featured_media":3849,"comment_status":"open","ping_status":"open","sticky":false,"template":"","format":"standard","meta":{"footnotes":""},"categories":[8],"tags":[800,3,4,10,206,60,798,173,797,795,796,59,554,799],"class_list":["post-3847","post","type-post","status-publish","format-standard","has-post-thumbnail","hentry","category-gramatica","tag-devoir","tag-frances","tag-frances-2","tag-gramatica","tag-gramatica-francesa","tag-grammaire","tag-pouvoir","tag-verbo","tag-verbo-devoir","tag-verbo-pouvoir","tag-verbo-vouloir","tag-verbos","tag-verbos-en-frances","tag-vouloir"],"yoast_head":"<!-- This site is optimized with the Yoast SEO plugin v24.6 - https:\/\/yoast.com\/wordpress\/plugins\/seo\/ -->\n<title>Verbos &#039;Pouvoir&#039;, &#039;Vouloir&#039; y &#039;Devoir&#039; en franc\u00e9s<\/title>\n<meta name=\"description\" content=\"Los verbos Pouvoir, Vouloir y Devoir en franc\u00e9s son verbos muy comunes que se utilizan con frecuencia en la lengua francesa. \u00a1Conoce m\u00e1s!\" \/>\n<meta name=\"robots\" content=\"index, follow, max-snippet:-1, max-image-preview:large, max-video-preview:-1\" \/>\n<link rel=\"canonical\" href=\"https:\/\/annemarieabautret.com\/blog\/verbos-pouvoir-vouloir-y-devoir-en-frances\/\" \/>\n<meta property=\"og:locale\" content=\"es_ES\" \/>\n<meta property=\"og:type\" content=\"article\" \/>\n<meta property=\"og:title\" content=\"Verbos &#039;Pouvoir&#039;, &#039;Vouloir&#039; y &#039;Devoir&#039; en franc\u00e9s\" \/>\n<meta property=\"og:description\" content=\"Los verbos Pouvoir, Vouloir y Devoir en franc\u00e9s son verbos muy comunes que se utilizan con frecuencia en la lengua francesa. \u00a1Conoce m\u00e1s!\" \/>\n<meta property=\"og:url\" content=\"https:\/\/annemarieabautret.com\/blog\/verbos-pouvoir-vouloir-y-devoir-en-frances\/\" \/>\n<meta property=\"og:site_name\" content=\"Anne Marie Abautret\" \/>\n<meta property=\"article:published_time\" content=\"2023-04-11T18:14:18+00:00\" \/>\n<meta property=\"article:modified_time\" content=\"2023-04-11T18:14:19+00:00\" \/>\n<meta property=\"og:image\" content=\"https:\/\/annemarieabautret.com\/blog\/wp-content\/uploads\/2023\/04\/1.png\" \/>\n\t<meta property=\"og:image:width\" content=\"1200\" \/>\n\t<meta property=\"og:image:height\" content=\"630\" \/>\n\t<meta property=\"og:image:type\" content=\"image\/png\" \/>\n<meta name=\"author\" content=\"Bloglencriervert\" \/>\n<meta name=\"twitter:card\" content=\"summary_large_image\" \/>\n<meta name=\"twitter:title\" content=\"Verbos &#039;Pouvoir&#039;, &#039;Vouloir&#039; y &#039;Devoir&#039; en franc\u00e9s\" \/>\n<meta name=\"twitter:image\" content=\"https:\/\/annemarieabautret.com\/blog\/wp-content\/uploads\/2023\/04\/1.png\" \/>\n<meta name=\"twitter:label1\" content=\"Written by\" \/>\n\t<meta name=\"twitter:data1\" content=\"Bloglencriervert\" \/>\n\t<meta name=\"twitter:label2\" content=\"Est. reading time\" \/>\n\t<meta name=\"twitter:data2\" content=\"8 minutos\" \/>\n<script type=\"application\/ld+json\" class=\"yoast-schema-graph\">{\"@context\":\"https:\/\/schema.org\",\"@graph\":[{\"@type\":\"WebPage\",\"@id\":\"https:\/\/annemarieabautret.com\/blog\/verbos-pouvoir-vouloir-y-devoir-en-frances\/\",\"url\":\"https:\/\/annemarieabautret.com\/blog\/verbos-pouvoir-vouloir-y-devoir-en-frances\/\",\"name\":\"Verbos 'Pouvoir', 'Vouloir' y 'Devoir' en franc\u00e9s\",\"isPartOf\":{\"@id\":\"https:\/\/annemarieabautret.com\/blog\/#website\"},\"primaryImageOfPage\":{\"@id\":\"https:\/\/annemarieabautret.com\/blog\/verbos-pouvoir-vouloir-y-devoir-en-frances\/#primaryimage\"},\"image\":{\"@id\":\"https:\/\/annemarieabautret.com\/blog\/verbos-pouvoir-vouloir-y-devoir-en-frances\/#primaryimage\"},\"thumbnailUrl\":\"https:\/\/annemarieabautret.com\/blog\/wp-content\/uploads\/2023\/04\/1.png\",\"datePublished\":\"2023-04-11T18:14:18+00:00\",\"dateModified\":\"2023-04-11T18:14:19+00:00\",\"author\":{\"@id\":\"https:\/\/annemarieabautret.com\/blog\/#\/schema\/person\/67f969769283a1cac966eb4824469e7b\"},\"description\":\"Los verbos Pouvoir, Vouloir y Devoir en franc\u00e9s son verbos muy comunes que se utilizan con frecuencia en la lengua francesa. \u00a1Conoce m\u00e1s!\",\"breadcrumb\":{\"@id\":\"https:\/\/annemarieabautret.com\/blog\/verbos-pouvoir-vouloir-y-devoir-en-frances\/#breadcrumb\"},\"inLanguage\":\"es-PE\",\"potentialAction\":[{\"@type\":\"ReadAction\",\"target\":[\"https:\/\/annemarieabautret.com\/blog\/verbos-pouvoir-vouloir-y-devoir-en-frances\/\"]}]},{\"@type\":\"ImageObject\",\"inLanguage\":\"es-PE\",\"@id\":\"https:\/\/annemarieabautret.com\/blog\/verbos-pouvoir-vouloir-y-devoir-en-frances\/#primaryimage\",\"url\":\"https:\/\/annemarieabautret.com\/blog\/wp-content\/uploads\/2023\/04\/1.png\",\"contentUrl\":\"https:\/\/annemarieabautret.com\/blog\/wp-content\/uploads\/2023\/04\/1.png\",\"width\":1200,\"height\":630},{\"@type\":\"BreadcrumbList\",\"@id\":\"https:\/\/annemarieabautret.com\/blog\/verbos-pouvoir-vouloir-y-devoir-en-frances\/#breadcrumb\",\"itemListElement\":[{\"@type\":\"ListItem\",\"position\":1,\"name\":\"Home\",\"item\":\"https:\/\/annemarieabautret.com\/blog\/\"},{\"@type\":\"ListItem\",\"position\":2,\"name\":\"Verbos 'Pouvoir', 'Vouloir' y 'Devoir' en franc\u00e9s\"}]},{\"@type\":\"WebSite\",\"@id\":\"https:\/\/annemarieabautret.com\/blog\/#website\",\"url\":\"https:\/\/annemarieabautret.com\/blog\/\",\"name\":\"Anne Marie Abautret\",\"description\":\"\u00a1Conoce el maravilloso mundo franc\u00f3fono con L&#039;encrier vert!\",\"potentialAction\":[{\"@type\":\"SearchAction\",\"target\":{\"@type\":\"EntryPoint\",\"urlTemplate\":\"https:\/\/annemarieabautret.com\/blog\/?s={search_term_string}\"},\"query-input\":{\"@type\":\"PropertyValueSpecification\",\"valueRequired\":true,\"valueName\":\"search_term_string\"}}],\"inLanguage\":\"es-PE\"},{\"@type\":\"Person\",\"@id\":\"https:\/\/annemarieabautret.com\/blog\/#\/schema\/person\/67f969769283a1cac966eb4824469e7b\",\"name\":\"Bloglencriervert\",\"image\":{\"@type\":\"ImageObject\",\"inLanguage\":\"es-PE\",\"@id\":\"https:\/\/annemarieabautret.com\/blog\/#\/schema\/person\/image\/\",\"url\":\"https:\/\/secure.gravatar.com\/avatar\/1b125fe84bb43db37171ca15c37bc658?s=96&d=mm&r=g\",\"contentUrl\":\"https:\/\/secure.gravatar.com\/avatar\/1b125fe84bb43db37171ca15c37bc658?s=96&d=mm&r=g\",\"caption\":\"Bloglencriervert\"},\"url\":\"https:\/\/annemarieabautret.com\/blog\/author\/anneblog\/\"}]}<\/script>\n<!-- \/ Yoast SEO plugin. -->","yoast_head_json":{"title":"Verbos 'Pouvoir', 'Vouloir' y 'Devoir' en franc\u00e9s","description":"Los verbos Pouvoir, Vouloir y Devoir en franc\u00e9s son verbos muy comunes que se utilizan con frecuencia en la lengua francesa. \u00a1Conoce m\u00e1s!","robots":{"index":"index","follow":"follow","max-snippet":"max-snippet:-1","max-image-preview":"max-image-preview:large","max-video-preview":"max-video-preview:-1"},"canonical":"https:\/\/annemarieabautret.com\/blog\/verbos-pouvoir-vouloir-y-devoir-en-frances\/","og_locale":"es_ES","og_type":"article","og_title":"Verbos 'Pouvoir', 'Vouloir' y 'Devoir' en franc\u00e9s","og_description":"Los verbos Pouvoir, Vouloir y Devoir en franc\u00e9s son verbos muy comunes que se utilizan con frecuencia en la lengua francesa. \u00a1Conoce m\u00e1s!","og_url":"https:\/\/annemarieabautret.com\/blog\/verbos-pouvoir-vouloir-y-devoir-en-frances\/","og_site_name":"Anne Marie Abautret","article_published_time":"2023-04-11T18:14:18+00:00","article_modified_time":"2023-04-11T18:14:19+00:00","og_image":[{"width":1200,"height":630,"url":"https:\/\/annemarieabautret.com\/blog\/wp-content\/uploads\/2023\/04\/1.png","type":"image\/png"}],"author":"Bloglencriervert","twitter_card":"summary_large_image","twitter_title":"Verbos 'Pouvoir', 'Vouloir' y 'Devoir' en franc\u00e9s","twitter_image":"https:\/\/annemarieabautret.com\/blog\/wp-content\/uploads\/2023\/04\/1.png","twitter_misc":{"Written by":"Bloglencriervert","Est. reading time":"8 minutos"},"schema":{"@context":"https:\/\/schema.org","@graph":[{"@type":"WebPage","@id":"https:\/\/annemarieabautret.com\/blog\/verbos-pouvoir-vouloir-y-devoir-en-frances\/","url":"https:\/\/annemarieabautret.com\/blog\/verbos-pouvoir-vouloir-y-devoir-en-frances\/","name":"Verbos 'Pouvoir', 'Vouloir' y 'Devoir' en franc\u00e9s","isPartOf":{"@id":"https:\/\/annemarieabautret.com\/blog\/#website"},"primaryImageOfPage":{"@id":"https:\/\/annemarieabautret.com\/blog\/verbos-pouvoir-vouloir-y-devoir-en-frances\/#primaryimage"},"image":{"@id":"https:\/\/annemarieabautret.com\/blog\/verbos-pouvoir-vouloir-y-devoir-en-frances\/#primaryimage"},"thumbnailUrl":"https:\/\/annemarieabautret.com\/blog\/wp-content\/uploads\/2023\/04\/1.png","datePublished":"2023-04-11T18:14:18+00:00","dateModified":"2023-04-11T18:14:19+00:00","author":{"@id":"https:\/\/annemarieabautret.com\/blog\/#\/schema\/person\/67f969769283a1cac966eb4824469e7b"},"description":"Los verbos Pouvoir, Vouloir y Devoir en franc\u00e9s son verbos muy comunes que se utilizan con frecuencia en la lengua francesa. \u00a1Conoce m\u00e1s!","breadcrumb":{"@id":"https:\/\/annemarieabautret.com\/blog\/verbos-pouvoir-vouloir-y-devoir-en-frances\/#breadcrumb"},"inLanguage":"es-PE","potentialAction":[{"@type":"ReadAction","target":["https:\/\/annemarieabautret.com\/blog\/verbos-pouvoir-vouloir-y-devoir-en-frances\/"]}]},{"@type":"ImageObject","inLanguage":"es-PE","@id":"https:\/\/annemarieabautret.com\/blog\/verbos-pouvoir-vouloir-y-devoir-en-frances\/#primaryimage","url":"https:\/\/annemarieabautret.com\/blog\/wp-content\/uploads\/2023\/04\/1.png","contentUrl":"https:\/\/annemarieabautret.com\/blog\/wp-content\/uploads\/2023\/04\/1.png","width":1200,"height":630},{"@type":"BreadcrumbList","@id":"https:\/\/annemarieabautret.com\/blog\/verbos-pouvoir-vouloir-y-devoir-en-frances\/#breadcrumb","itemListElement":[{"@type":"ListItem","position":1,"name":"Home","item":"https:\/\/annemarieabautret.com\/blog\/"},{"@type":"ListItem","position":2,"name":"Verbos 'Pouvoir', 'Vouloir' y 'Devoir' en franc\u00e9s"}]},{"@type":"WebSite","@id":"https:\/\/annemarieabautret.com\/blog\/#website","url":"https:\/\/annemarieabautret.com\/blog\/","name":"Anne Marie Abautret","description":"\u00a1Conoce el maravilloso mundo franc\u00f3fono con L&#039;encrier vert!","potentialAction":[{"@type":"SearchAction","target":{"@type":"EntryPoint","urlTemplate":"https:\/\/annemarieabautret.com\/blog\/?s={search_term_string}"},"query-input":{"@type":"PropertyValueSpecification","valueRequired":true,"valueName":"search_term_string"}}],"inLanguage":"es-PE"},{"@type":"Person","@id":"https:\/\/annemarieabautret.com\/blog\/#\/schema\/person\/67f969769283a1cac966eb4824469e7b","name":"Bloglencriervert","image":{"@type":"ImageObject","inLanguage":"es-PE","@id":"https:\/\/annemarieabautret.com\/blog\/#\/schema\/person\/image\/","url":"https:\/\/secure.gravatar.com\/avatar\/1b125fe84bb43db37171ca15c37bc658?s=96&d=mm&r=g","contentUrl":"https:\/\/secure.gravatar.com\/avatar\/1b125fe84bb43db37171ca15c37bc658?s=96&d=mm&r=g","caption":"Bloglencriervert"},"url":"https:\/\/annemarieabautret.com\/blog\/author\/anneblog\/"}]}},"amp_enabled":true,"_links":{"self":[{"href":"https:\/\/annemarieabautret.com\/blog\/wp-json\/wp\/v2\/posts\/3847"}],"collection":[{"href":"https:\/\/annemarieabautret.com\/blog\/wp-json\/wp\/v2\/posts"}],"about":[{"href":"https:\/\/annemarieabautret.com\/blog\/wp-json\/wp\/v2\/types\/post"}],"author":[{"embeddable":true,"href":"https:\/\/annemarieabautret.com\/blog\/wp-json\/wp\/v2\/users\/1"}],"replies":[{"embeddable":true,"href":"https:\/\/annemarieabautret.com\/blog\/wp-json\/wp\/v2\/comments?post=3847"}],"version-history":[{"count":2,"href":"https:\/\/annemarieabautret.com\/blog\/wp-json\/wp\/v2\/posts\/3847\/revisions"}],"predecessor-version":[{"id":3861,"href":"https:\/\/annemarieabautret.com\/blog\/wp-json\/wp\/v2\/posts\/3847\/revisions\/3861"}],"wp:featuredmedia":[{"embeddable":true,"href":"https:\/\/annemarieabautret.com\/blog\/wp-json\/wp\/v2\/media\/3849"}],"wp:attachment":[{"href":"https:\/\/annemarieabautret.com\/blog\/wp-json\/wp\/v2\/media?parent=3847"}],"wp:term":[{"taxonomy":"category","embeddable":true,"href":"https:\/\/annemarieabautret.com\/blog\/wp-json\/wp\/v2\/categories?post=3847"},{"taxonomy":"post_tag","embeddable":true,"href":"https:\/\/annemarieabautret.com\/blog\/wp-json\/wp\/v2\/tags?post=3847"}],"curies":[{"name":"wp","href":"https:\/\/api.w.org\/{rel}","templated":true}]}}