{"id":3863,"date":"2023-04-13T18:23:35","date_gmt":"2023-04-13T23:23:35","guid":{"rendered":"https:\/\/annemarieabautret.com\/blog\/?p=3863"},"modified":"2023-04-13T18:23:37","modified_gmt":"2023-04-13T23:23:37","slug":"maraton-de-paris-una-celebracion-deportiva-en-la-capital-francesa","status":"publish","type":"post","link":"https:\/\/annemarieabautret.com\/blog\/maraton-de-paris-una-celebracion-deportiva-en-la-capital-francesa\/","title":{"rendered":"Marat\u00f3n de Par\u00eds: una celebraci\u00f3n deportiva en la capital francesa"},"content":{"rendered":"\n<p>La Marat\u00f3n de Par\u00eds es uno de los eventos deportivos m\u00e1s destacados y emocionantes que tienen lugar en la capital francesa cada mes de abril. Es una de las maratones m\u00e1s importantes del mundo, que atrae a corredores de \u00e9lite y aficionados de todo el mundo para participar en esta ic\u00f3nica carrera que abarca las calles de la \"Ciudad de la Luz\". Es conocida por su espectacular recorrido que atraviesa lugares emblem\u00e1ticos de la ciudad, brindando una experiencia \u00fanica a los participantes y a los espectadores que se congregan para animar a los corredores. \u00a1Conoce m\u00e1s!<\/p>\n\n\n\n<figure class=\"wp-block-image size-large is-style-default\"><img loading=\"lazy\" decoding=\"async\" width=\"1024\" height=\"538\" src=\"https:\/\/annemarieabautret.com\/blog\/wp-content\/uploads\/2023\/04\/1-1-1024x538.png\" alt=\"Marat\u00f3n de Par\u00eds: una celebraci\u00f3n deportiva en la capital francesa \" class=\"wp-image-3865\" srcset=\"https:\/\/annemarieabautret.com\/blog\/wp-content\/uploads\/2023\/04\/1-1-1024x538.png 1024w, https:\/\/annemarieabautret.com\/blog\/wp-content\/uploads\/2023\/04\/1-1-300x158.png 300w, https:\/\/annemarieabautret.com\/blog\/wp-content\/uploads\/2023\/04\/1-1-768x403.png 768w, https:\/\/annemarieabautret.com\/blog\/wp-content\/uploads\/2023\/04\/1-1.png 1200w\" sizes=\"(max-width: 1024px) 100vw, 1024px\" \/><\/figure>\n\n\n\n<h2 class=\"wp-block-heading\">Marat\u00f3n de Par\u00eds: un poco de historia<\/h2>\n\n\n\n<p>La Marat\u00f3n de Par\u00eds tuvo su primera edici\u00f3n en 1896, aunque se interrumpi\u00f3 durante varias d\u00e9cadas debido a las dos guerras mundiales. Sin embargo, en 1976, la marat\u00f3n se reanud\u00f3 y se ha celebrado anualmente desde entonces. La idea de organizar una marat\u00f3n en Par\u00eds fue inspirada por el \u00e9xito de los Juegos Ol\u00edmpicos de Montreal en 1976 y la Marat\u00f3n de Nueva York, que se hab\u00eda convertido en una carrera popular en ese momento.<\/p>\n\n\n\n<figure class=\"wp-block-image size-large is-style-default\"><img loading=\"lazy\" decoding=\"async\" width=\"1024\" height=\"538\" src=\"https:\/\/annemarieabautret.com\/blog\/wp-content\/uploads\/2023\/04\/3-2-1024x538.png\" alt=\"Marat\u00f3n de Par\u00eds: una celebraci\u00f3n deportiva en la capital francesa \" class=\"wp-image-3867\" srcset=\"https:\/\/annemarieabautret.com\/blog\/wp-content\/uploads\/2023\/04\/3-2-1024x538.png 1024w, https:\/\/annemarieabautret.com\/blog\/wp-content\/uploads\/2023\/04\/3-2-300x158.png 300w, https:\/\/annemarieabautret.com\/blog\/wp-content\/uploads\/2023\/04\/3-2-768x403.png 768w, https:\/\/annemarieabautret.com\/blog\/wp-content\/uploads\/2023\/04\/3-2.png 1200w\" sizes=\"(max-width: 1024px) 100vw, 1024px\" \/><figcaption><em>Foto <a href=\"https:\/\/www.retronews.fr\/sports-et-loisirs\/echo-de-presse\/2016\/03\/30\/le-premier-marathon-de-paris\" target=\"_blank\" rel=\"noreferrer noopener nofollow\">cortes\u00eda<\/a>.<\/em><\/figcaption><\/figure>\n\n\n\n<p>La primera edici\u00f3n moderna de la Marat\u00f3n de Par\u00eds cont\u00f3 con la participaci\u00f3n de alrededor de 4200 corredores y ha ido creciendo en popularidad desde entonces.<\/p>\n\n\n\n<figure class=\"wp-block-image size-large is-style-default\"><img loading=\"lazy\" decoding=\"async\" width=\"1024\" height=\"538\" src=\"https:\/\/annemarieabautret.com\/blog\/wp-content\/uploads\/2023\/04\/4-1-1024x538.png\" alt=\"\" class=\"wp-image-3876\" srcset=\"https:\/\/annemarieabautret.com\/blog\/wp-content\/uploads\/2023\/04\/4-1-1024x538.png 1024w, https:\/\/annemarieabautret.com\/blog\/wp-content\/uploads\/2023\/04\/4-1-300x158.png 300w, https:\/\/annemarieabautret.com\/blog\/wp-content\/uploads\/2023\/04\/4-1-768x403.png 768w, https:\/\/annemarieabautret.com\/blog\/wp-content\/uploads\/2023\/04\/4-1.png 1200w\" sizes=\"(max-width: 1024px) 100vw, 1024px\" \/><figcaption><em>Foto <a href=\"https:\/\/www.theguardian.com\/money\/2020\/aug\/11\/eurostar-is-now-out-of-the-running-for-the-paris-marathon\" target=\"_blank\" rel=\"noreferrer noopener nofollow\">cortes\u00eda<\/a>.<\/em><\/figcaption><\/figure>\n\n\n\n<figure class=\"wp-block-image size-full is-style-default\"><a href=\"https:\/\/www.instagram.com\/francesconlencriervert\/\" target=\"_blank\" rel=\"noreferrer noopener\"><img loading=\"lazy\" decoding=\"async\" width=\"600\" height=\"156\" src=\"https:\/\/annemarieabautret.com\/blog\/wp-content\/uploads\/2022\/04\/LEV-Banner-Promo-Todos-los-niveles.gif\" alt=\"\" class=\"wp-image-2922\"\/><\/a><\/figure>\n\n\n\n<h2 class=\"wp-block-heading\">\u00bfEn qu\u00e9 consiste la Marat\u00f3n de Par\u00eds?<\/h2>\n\n\n\n<p>La Marat\u00f3n de Par\u00eds es una carrera de larga distancia, la cual consta de un recorrido de 42,195 kil\u00f3metros, que es la distancia oficial de una marat\u00f3n reconocida por la Asociaci\u00f3n Internacional de Federaciones de Atletismo (IAAF). Su recorrido atraviesa algunas de las zonas m\u00e1s emblem\u00e1ticas y tur\u00edsticas de la ciudad, ofreciendo a los corredores y espectadores una experiencia \u00fanica.<\/p>\n\n\n\n<figure class=\"wp-block-image size-large is-style-default\"><img loading=\"lazy\" decoding=\"async\" width=\"1024\" height=\"538\" src=\"https:\/\/annemarieabautret.com\/blog\/wp-content\/uploads\/2023\/04\/5-1-1024x538.png\" alt=\"Marat\u00f3n de Par\u00eds: una celebraci\u00f3n deportiva en la capital francesa \" class=\"wp-image-3868\" srcset=\"https:\/\/annemarieabautret.com\/blog\/wp-content\/uploads\/2023\/04\/5-1-1024x538.png 1024w, https:\/\/annemarieabautret.com\/blog\/wp-content\/uploads\/2023\/04\/5-1-300x158.png 300w, https:\/\/annemarieabautret.com\/blog\/wp-content\/uploads\/2023\/04\/5-1-768x403.png 768w, https:\/\/annemarieabautret.com\/blog\/wp-content\/uploads\/2023\/04\/5-1.png 1200w\" sizes=\"(max-width: 1024px) 100vw, 1024px\" \/><\/figure>\n\n\n\n<p>La ruta comienza en los Campos El\u00edseos, una avenida ic\u00f3nica de Par\u00eds, y contin\u00faa hacia el este de la ciudad, pasando por lugares emblem\u00e1ticos como el <strong><em><a href=\"https:\/\/annemarieabautret.com\/blog\/monumentos-franceses-el-museo-del-louvre-de-paris\/\">Louvre<\/a><\/em><\/strong>, la Catedral de <strong><em><a href=\"https:\/\/annemarieabautret.com\/blog\/monumentos-franceses-la-catedral-de-notre-dame\/\">Notre-Dame<\/a><\/em><\/strong>, la <strong><em><a href=\"https:\/\/annemarieabautret.com\/blog\/monumentos-franceses-la-torre-eiffel-emblema-de-francia\/\">Torre Eiffel<\/a><\/em><\/strong>, el Bosque de Vincennes, el <strong><em><a href=\"https:\/\/annemarieabautret.com\/blog\/arco-de-triunfo-de-paris-el-triunfo-monumental-de-napoleon-bonaparte\/\">Arco de Triunfo<\/a><\/em><\/strong> y, por supuesto, la Avenida de los Champs-\u00c9lys\u00e9es. El recorrido tambi\u00e9n atraviesa diversos barrios y monumentos hist\u00f3ricos de Par\u00eds, brindando a los corredores una visi\u00f3n completa de la riqueza cultural y arquitect\u00f3nica de la ciudad.<\/p>\n\n\n\n<h2 class=\"wp-block-heading\"><strong><em><mark style=\"background-color:rgba(0, 0, 0, 0)\" class=\"has-inline-color has-vivid-red-color\">Mira tambi\u00e9n<\/mark><\/em><\/strong>: <em><a href=\"https:\/\/annemarieabautret.com\/blog\/deportes-en-frances-vocabulario-y-frases-utiles\/\">Deportes en franc\u00e9s: vocabulario y frases \u00fatiles<\/a><\/em><\/h2>\n\n\n\n<figure class=\"wp-block-image size-large is-style-default\"><img loading=\"lazy\" decoding=\"async\" width=\"1024\" height=\"538\" src=\"https:\/\/annemarieabautret.com\/blog\/wp-content\/uploads\/2023\/04\/7-1-1024x538.png\" alt=\"Marat\u00f3n de Par\u00eds: una celebraci\u00f3n deportiva en la capital francesa \" class=\"wp-image-3869\" srcset=\"https:\/\/annemarieabautret.com\/blog\/wp-content\/uploads\/2023\/04\/7-1-1024x538.png 1024w, https:\/\/annemarieabautret.com\/blog\/wp-content\/uploads\/2023\/04\/7-1-300x158.png 300w, https:\/\/annemarieabautret.com\/blog\/wp-content\/uploads\/2023\/04\/7-1-768x403.png 768w, https:\/\/annemarieabautret.com\/blog\/wp-content\/uploads\/2023\/04\/7-1.png 1200w\" sizes=\"(max-width: 1024px) 100vw, 1024px\" \/><figcaption><em>Foto <a href=\"https:\/\/www.sports.gouv.fr\/marathon-de-paris-2023-1742\" target=\"_blank\" rel=\"noreferrer noopener nofollow\">cortes\u00eda<\/a>.<\/em><\/figcaption><\/figure>\n\n\n\n<p>Desde el punto de vista deportivo, la Marat\u00f3n de Par\u00eds es una carrera desafiante que requiere un alto nivel de preparaci\u00f3n f\u00edsica y mental. Los corredores deben enfrentarse a la distancia de 42,195 kil\u00f3metros en una ruta que incluye desniveles y diferentes tipos de terreno. La carrera est\u00e1 abierta a participantes de todas las edades y niveles de habilidad, desde corredores de \u00e9lite hasta aficionados que buscan completar su primer marat\u00f3n.<\/p>\n\n\n\n<figure class=\"wp-block-image size-large is-style-default\"><img loading=\"lazy\" decoding=\"async\" width=\"1024\" height=\"538\" src=\"https:\/\/annemarieabautret.com\/blog\/wp-content\/uploads\/2023\/04\/6-1-1024x538.png\" alt=\"Marat\u00f3n de Par\u00eds: una celebraci\u00f3n deportiva en la capital francesa \" class=\"wp-image-3870\" srcset=\"https:\/\/annemarieabautret.com\/blog\/wp-content\/uploads\/2023\/04\/6-1-1024x538.png 1024w, https:\/\/annemarieabautret.com\/blog\/wp-content\/uploads\/2023\/04\/6-1-300x158.png 300w, https:\/\/annemarieabautret.com\/blog\/wp-content\/uploads\/2023\/04\/6-1-768x403.png 768w, https:\/\/annemarieabautret.com\/blog\/wp-content\/uploads\/2023\/04\/6-1.png 1200w\" sizes=\"(max-width: 1024px) 100vw, 1024px\" \/><\/figure>\n\n\n\n<p>Los participantes deben cumplir con los requisitos de inscripci\u00f3n establecidos por la organizaci\u00f3n de la competici\u00f3n, que incluyen pruebas m\u00e9dicas y el pago de una tarifa de inscripci\u00f3n.<\/p>\n\n\n\n<p>La Marat\u00f3n de Par\u00eds tambi\u00e9n cuenta con una categor\u00eda de silla de ruedas y una categor\u00eda <em>handisport<\/em> para personas con discapacidades, lo que promueve la inclusi\u00f3n y la participaci\u00f3n de personas con diversidad funcional en el evento deportivo.<\/p>\n\n\n\n<h2 class=\"wp-block-heading\"><strong><em><mark style=\"background-color:rgba(0, 0, 0, 0)\" class=\"has-inline-color has-vivid-red-color\">Mira tambi\u00e9n<\/mark><\/em><\/strong>: <em><a href=\"https:\/\/annemarieabautret.com\/blog\/mayo-de-1968-en-francia-un-punto-de-inflexion-en-la-historia-contemporanea\/\">Mayo de 1968 en Francia: Un punto de inflexi\u00f3n en la historia contempor\u00e1nea<\/a><\/em><\/h2>\n\n\n\n<h2 class=\"wp-block-heading\">Relevancia deportiva<\/h2>\n\n\n\n<p>La Marat\u00f3n de Par\u00eds es una de las maratones m\u00e1s destacadas en el calendario internacional de carreras de larga distancia. Atrae a corredores de \u00e9lite de todo el mundo, incluyendo a atletas de renombre mundial que compiten por los primeros puestos en la clasificaci\u00f3n general y estableciendo r\u00e9cords. Est\u00e1 certificada por la Asociaci\u00f3n Internacional de Federaciones de Atletismo (IAAF) y la Federaci\u00f3n Francesa de Atletismo (FFA), lo que la convierte en una carrera oficialmente reconocida y regulada por los est\u00e1ndares internacionales del atletismo.<\/p>\n\n\n\n<figure class=\"wp-block-image size-large is-style-default\"><img loading=\"lazy\" decoding=\"async\" width=\"1024\" height=\"538\" src=\"https:\/\/annemarieabautret.com\/blog\/wp-content\/uploads\/2023\/04\/8-1-1024x538.png\" alt=\"\" class=\"wp-image-3871\" srcset=\"https:\/\/annemarieabautret.com\/blog\/wp-content\/uploads\/2023\/04\/8-1-1024x538.png 1024w, https:\/\/annemarieabautret.com\/blog\/wp-content\/uploads\/2023\/04\/8-1-300x158.png 300w, https:\/\/annemarieabautret.com\/blog\/wp-content\/uploads\/2023\/04\/8-1-768x403.png 768w, https:\/\/annemarieabautret.com\/blog\/wp-content\/uploads\/2023\/04\/8-1.png 1200w\" sizes=\"(max-width: 1024px) 100vw, 1024px\" \/><\/figure>\n\n\n\n<p>Adem\u00e1s, es uno de los eventos selectos en los que los corredores pueden clasificar para la Marat\u00f3n de Boston, una de las maratones m\u00e1s prestigiosas del mundo.<\/p>\n\n\n\n<h2 class=\"wp-block-heading\">Relevancia cultural<\/h2>\n\n\n\n<p>La Marat\u00f3n de Par\u00eds tambi\u00e9n tiene una gran relevancia cultural en la ciudad. El evento es una celebraci\u00f3n de la historia, la cultura y la belleza arquitect\u00f3nica de Par\u00eds. Como ya dijimos m\u00e1s arriba, el recorrido de la marat\u00f3n atraviesa algunos de los lugares m\u00e1s emblem\u00e1ticos de la ciudad, como la Avenida de los Campos El\u00edseos, la Torre Eiffel, el Arco de Triunfo, la Catedral de Notre-Dame, el Museo del Louvre, entre otros.<\/p>\n\n\n\n<figure class=\"wp-block-image size-large is-style-default\"><img loading=\"lazy\" decoding=\"async\" width=\"1024\" height=\"538\" src=\"https:\/\/annemarieabautret.com\/blog\/wp-content\/uploads\/2023\/04\/9-1-1024x538.png\" alt=\"\" class=\"wp-image-3872\" srcset=\"https:\/\/annemarieabautret.com\/blog\/wp-content\/uploads\/2023\/04\/9-1-1024x538.png 1024w, https:\/\/annemarieabautret.com\/blog\/wp-content\/uploads\/2023\/04\/9-1-300x158.png 300w, https:\/\/annemarieabautret.com\/blog\/wp-content\/uploads\/2023\/04\/9-1-768x403.png 768w, https:\/\/annemarieabautret.com\/blog\/wp-content\/uploads\/2023\/04\/9-1.png 1200w\" sizes=\"(max-width: 1024px) 100vw, 1024px\" \/><\/figure>\n\n\n\n<p>Los corredores y los espectadores tienen la oportunidad de disfrutar de la riqueza cultural de la ciudad mientras participan o animan a los corredores. Adem\u00e1s, tambi\u00e9n es una oportunidad para que la comunidad local y los visitantes internacionales se unan y celebren la pasi\u00f3n por el deporte y la vida activa en una ciudad conocida por su amor por el deporte.<\/p>\n\n\n\n<h2 class=\"wp-block-heading\"><strong><em><mark style=\"background-color:rgba(0, 0, 0, 0)\" class=\"has-inline-color has-vivid-red-color\">Mira tambi\u00e9n<\/mark><\/em><\/strong>: <em><a href=\"https:\/\/annemarieabautret.com\/blog\/la-fiesta-del-limon-celebraciones-francesas\/\">La Fiesta del Lim\u00f3n: celebraciones francesas<\/a><\/em><\/h2>\n\n\n\n<h2 class=\"wp-block-heading\">La Marat\u00f3n de Par\u00eds en la actualidad<\/h2>\n\n\n\n<p>En la actualidad, la Marat\u00f3n de Par\u00eds sigue siendo uno de los eventos deportivos m\u00e1s destacados de la ciudad. Atrae a miles de corredores de todo el mundo que buscan desafiarse a s\u00ed mismos y disfrutar de la belleza de la ciudad mientras participan en esta ic\u00f3nica carrera.<\/p>\n\n\n\n<p>El evento cuenta con una gran organizaci\u00f3n y apoyo de los voluntarios y los espectadores que animan a los corredores a lo largo del recorrido. De igual manera, la competencia tambi\u00e9n tiene una dimensi\u00f3n solidaria, ya que muchos corredores participan en nombre de organizaciones ben\u00e9ficas y recaudan fondos para diversas causas.<\/p>\n\n\n\n<figure class=\"wp-block-image size-large is-style-default\"><img loading=\"lazy\" decoding=\"async\" width=\"1024\" height=\"538\" src=\"https:\/\/annemarieabautret.com\/blog\/wp-content\/uploads\/2023\/04\/10-1-1024x538.png\" alt=\"\" class=\"wp-image-3873\" srcset=\"https:\/\/annemarieabautret.com\/blog\/wp-content\/uploads\/2023\/04\/10-1-1024x538.png 1024w, https:\/\/annemarieabautret.com\/blog\/wp-content\/uploads\/2023\/04\/10-1-300x158.png 300w, https:\/\/annemarieabautret.com\/blog\/wp-content\/uploads\/2023\/04\/10-1-768x403.png 768w, https:\/\/annemarieabautret.com\/blog\/wp-content\/uploads\/2023\/04\/10-1.png 1200w\" sizes=\"(max-width: 1024px) 100vw, 1024px\" \/><\/figure>\n\n\n\n<p>La Marat\u00f3n de Par\u00eds tambi\u00e9n ha implementado medidas para promover la sostenibilidad y la responsabilidad ambiental. Por ejemplo, se han llevado a cabo acciones para reducir el impacto ambiental de la carrera, como la recolecci\u00f3n selectiva de residuos y la promoci\u00f3n del transporte p\u00fablico para los participantes y espectadores. Adem\u00e1s, tambi\u00e9n se han establecido programas para fomentar la inclusi\u00f3n y la diversidad en el deporte, promoviendo la participaci\u00f3n de personas con discapacidades y de diversas nacionalidades.<\/p>\n\n\n\n<figure class=\"wp-block-image size-full is-style-default\"><a href=\"https:\/\/mailchi.mp\/63a6d94a6b10\/lencrier-vert-newsletter\" target=\"_blank\" rel=\"noreferrer noopener\"><img loading=\"lazy\" decoding=\"async\" width=\"600\" height=\"156\" src=\"https:\/\/annemarieabautret.com\/blog\/wp-content\/uploads\/2022\/02\/Hnet.com-image.gif\" alt=\"\" class=\"wp-image-2648\"\/><\/a><\/figure>\n\n\n\n<p>En resumen, la Marat\u00f3n de Par\u00eds es un evento deportivo y cultural de gran relevancia en la capital francesa y en el calendario internacional de carreras de larga distancia. Con su rica historia, su emocionante recorrido que atraviesa lugares emblem\u00e1ticos de la ciudad, y su participaci\u00f3n de corredores de \u00e9lite y aficionados de todo el mundo, esta competencia sigue siendo una cita ineludible para los amantes del atletismo. Adem\u00e1s, su enfoque en la sostenibilidad, la inclusi\u00f3n y la diversidad la convierten en un evento deportivo moderno y comprometido con los valores actuales.<\/p>\n\n\n\n<h4 class=\"wp-block-heading\">Si deseas conocer m\u00e1s curiosidades sobre Francia, as\u00ed como sobre nuestros cursos, no te pierdas ninguna de nuestras publicaciones en las redes sociales. &#x1f447;<\/h4>\n\n\n\n<figure class=\"wp-block-image size-large is-style-default\"><a href=\"https:\/\/www.instagram.com\/francesconlencriervert\/\" target=\"_blank\" rel=\"noreferrer noopener\"><img loading=\"lazy\" decoding=\"async\" width=\"1024\" height=\"269\" src=\"https:\/\/annemarieabautret.com\/blog\/wp-content\/uploads\/2021\/06\/LEV-banner-redes-sociales-posts-1024x269.png\" alt=\"\" class=\"wp-image-1227\" srcset=\"https:\/\/annemarieabautret.com\/blog\/wp-content\/uploads\/2021\/06\/LEV-banner-redes-sociales-posts-1024x269.png 1024w, https:\/\/annemarieabautret.com\/blog\/wp-content\/uploads\/2021\/06\/LEV-banner-redes-sociales-posts-300x79.png 300w, https:\/\/annemarieabautret.com\/blog\/wp-content\/uploads\/2021\/06\/LEV-banner-redes-sociales-posts-768x202.png 768w, https:\/\/annemarieabautret.com\/blog\/wp-content\/uploads\/2021\/06\/LEV-banner-redes-sociales-posts.png 1200w\" sizes=\"(max-width: 1024px) 100vw, 1024px\" \/><\/a><\/figure>\n\n\n\n<figure class=\"wp-block-image size-large is-style-default\"><a href=\"https:\/\/www.facebook.com\/LencrierVert\" target=\"_blank\" rel=\"noreferrer noopener\"><img loading=\"lazy\" decoding=\"async\" width=\"1024\" height=\"269\" src=\"https:\/\/annemarieabautret.com\/blog\/wp-content\/uploads\/2021\/06\/LEV-banner-redes-sociales-posts-1-1024x269.png\" alt=\"\" class=\"wp-image-1228\" srcset=\"https:\/\/annemarieabautret.com\/blog\/wp-content\/uploads\/2021\/06\/LEV-banner-redes-sociales-posts-1-1024x269.png 1024w, https:\/\/annemarieabautret.com\/blog\/wp-content\/uploads\/2021\/06\/LEV-banner-redes-sociales-posts-1-300x79.png 300w, https:\/\/annemarieabautret.com\/blog\/wp-content\/uploads\/2021\/06\/LEV-banner-redes-sociales-posts-1-768x202.png 768w, https:\/\/annemarieabautret.com\/blog\/wp-content\/uploads\/2021\/06\/LEV-banner-redes-sociales-posts-1.png 1200w\" sizes=\"(max-width: 1024px) 100vw, 1024px\" \/><\/a><\/figure>\n","protected":false},"excerpt":{"rendered":"<p>La Marat\u00f3n de Par\u00eds es uno de los eventos deportivos m\u00e1s destacados y emocionantes que tienen lugar en la capital francesa cada mes de abril. Es una de las maratones m\u00e1s importantes del mundo, que atrae a corredores de \u00e9lite y aficionados de todo el mundo para participar en esta ic\u00f3nica carrera que abarca las [&hellip;]<\/p>\n","protected":false},"author":1,"featured_media":3865,"comment_status":"open","ping_status":"open","sticky":false,"template":"","format":"standard","meta":{"footnotes":""},"categories":[7],"tags":[805,803,24,301,3,4,802,801,38,804],"class_list":["post-3863","post","type-post","status-publish","format-standard","has-post-thumbnail","hentry","category-curiosidades","tag-celebracion-deportiva","tag-correr","tag-curiosidades","tag-deporte","tag-frances","tag-frances-2","tag-maraton","tag-maraton-de-paris","tag-paris","tag-running"],"yoast_head":"<!-- This site is optimized with the Yoast SEO plugin v24.6 - https:\/\/yoast.com\/wordpress\/plugins\/seo\/ -->\n<title>Marat\u00f3n de Par\u00eds: una celebraci\u00f3n deportiva en la capital francesa<\/title>\n<meta name=\"description\" content=\"La Marat\u00f3n de Par\u00eds es uno de los eventos deportivos m\u00e1s destacados que tienen lugar en la capital francesa cada mes de abril. \u00a1Conoce m\u00e1s!\" \/>\n<meta name=\"robots\" content=\"index, follow, max-snippet:-1, max-image-preview:large, max-video-preview:-1\" \/>\n<link rel=\"canonical\" href=\"https:\/\/annemarieabautret.com\/blog\/maraton-de-paris-una-celebracion-deportiva-en-la-capital-francesa\/\" \/>\n<meta property=\"og:locale\" content=\"es_ES\" \/>\n<meta property=\"og:type\" content=\"article\" \/>\n<meta property=\"og:title\" content=\"Marat\u00f3n de Par\u00eds: una celebraci\u00f3n deportiva en la capital francesa\" \/>\n<meta property=\"og:description\" content=\"La Marat\u00f3n de Par\u00eds es uno de los eventos deportivos m\u00e1s destacados que tienen lugar en la capital francesa cada mes de abril. \u00a1Conoce m\u00e1s!\" \/>\n<meta property=\"og:url\" content=\"https:\/\/annemarieabautret.com\/blog\/maraton-de-paris-una-celebracion-deportiva-en-la-capital-francesa\/\" \/>\n<meta property=\"og:site_name\" content=\"Anne Marie Abautret\" \/>\n<meta property=\"article:published_time\" content=\"2023-04-13T23:23:35+00:00\" \/>\n<meta property=\"article:modified_time\" content=\"2023-04-13T23:23:37+00:00\" \/>\n<meta property=\"og:image\" content=\"https:\/\/annemarieabautret.com\/blog\/wp-content\/uploads\/2023\/04\/1-1.png\" \/>\n\t<meta property=\"og:image:width\" content=\"1200\" \/>\n\t<meta property=\"og:image:height\" content=\"630\" \/>\n\t<meta property=\"og:image:type\" content=\"image\/png\" \/>\n<meta name=\"author\" content=\"Bloglencriervert\" \/>\n<meta name=\"twitter:card\" content=\"summary_large_image\" \/>\n<meta name=\"twitter:title\" content=\"Marat\u00f3n de Par\u00eds: una celebraci\u00f3n deportiva en la capital francesa\" \/>\n<meta name=\"twitter:image\" content=\"https:\/\/annemarieabautret.com\/blog\/wp-content\/uploads\/2023\/04\/1-1.png\" \/>\n<meta name=\"twitter:label1\" content=\"Written by\" \/>\n\t<meta name=\"twitter:data1\" content=\"Bloglencriervert\" \/>\n\t<meta name=\"twitter:label2\" content=\"Est. reading time\" \/>\n\t<meta name=\"twitter:data2\" content=\"8 minutos\" \/>\n<script type=\"application\/ld+json\" class=\"yoast-schema-graph\">{\"@context\":\"https:\/\/schema.org\",\"@graph\":[{\"@type\":\"WebPage\",\"@id\":\"https:\/\/annemarieabautret.com\/blog\/maraton-de-paris-una-celebracion-deportiva-en-la-capital-francesa\/\",\"url\":\"https:\/\/annemarieabautret.com\/blog\/maraton-de-paris-una-celebracion-deportiva-en-la-capital-francesa\/\",\"name\":\"Marat\u00f3n de Par\u00eds: una celebraci\u00f3n deportiva en la capital francesa\",\"isPartOf\":{\"@id\":\"https:\/\/annemarieabautret.com\/blog\/#website\"},\"primaryImageOfPage\":{\"@id\":\"https:\/\/annemarieabautret.com\/blog\/maraton-de-paris-una-celebracion-deportiva-en-la-capital-francesa\/#primaryimage\"},\"image\":{\"@id\":\"https:\/\/annemarieabautret.com\/blog\/maraton-de-paris-una-celebracion-deportiva-en-la-capital-francesa\/#primaryimage\"},\"thumbnailUrl\":\"https:\/\/annemarieabautret.com\/blog\/wp-content\/uploads\/2023\/04\/1-1.png\",\"datePublished\":\"2023-04-13T23:23:35+00:00\",\"dateModified\":\"2023-04-13T23:23:37+00:00\",\"author\":{\"@id\":\"https:\/\/annemarieabautret.com\/blog\/#\/schema\/person\/67f969769283a1cac966eb4824469e7b\"},\"description\":\"La Marat\u00f3n de Par\u00eds es uno de los eventos deportivos m\u00e1s destacados que tienen lugar en la capital francesa cada mes de abril. \u00a1Conoce m\u00e1s!\",\"breadcrumb\":{\"@id\":\"https:\/\/annemarieabautret.com\/blog\/maraton-de-paris-una-celebracion-deportiva-en-la-capital-francesa\/#breadcrumb\"},\"inLanguage\":\"es-PE\",\"potentialAction\":[{\"@type\":\"ReadAction\",\"target\":[\"https:\/\/annemarieabautret.com\/blog\/maraton-de-paris-una-celebracion-deportiva-en-la-capital-francesa\/\"]}]},{\"@type\":\"ImageObject\",\"inLanguage\":\"es-PE\",\"@id\":\"https:\/\/annemarieabautret.com\/blog\/maraton-de-paris-una-celebracion-deportiva-en-la-capital-francesa\/#primaryimage\",\"url\":\"https:\/\/annemarieabautret.com\/blog\/wp-content\/uploads\/2023\/04\/1-1.png\",\"contentUrl\":\"https:\/\/annemarieabautret.com\/blog\/wp-content\/uploads\/2023\/04\/1-1.png\",\"width\":1200,\"height\":630},{\"@type\":\"BreadcrumbList\",\"@id\":\"https:\/\/annemarieabautret.com\/blog\/maraton-de-paris-una-celebracion-deportiva-en-la-capital-francesa\/#breadcrumb\",\"itemListElement\":[{\"@type\":\"ListItem\",\"position\":1,\"name\":\"Home\",\"item\":\"https:\/\/annemarieabautret.com\/blog\/\"},{\"@type\":\"ListItem\",\"position\":2,\"name\":\"Marat\u00f3n de Par\u00eds: una celebraci\u00f3n deportiva en la capital francesa\"}]},{\"@type\":\"WebSite\",\"@id\":\"https:\/\/annemarieabautret.com\/blog\/#website\",\"url\":\"https:\/\/annemarieabautret.com\/blog\/\",\"name\":\"Anne Marie Abautret\",\"description\":\"\u00a1Conoce el maravilloso mundo franc\u00f3fono con L&#039;encrier vert!\",\"potentialAction\":[{\"@type\":\"SearchAction\",\"target\":{\"@type\":\"EntryPoint\",\"urlTemplate\":\"https:\/\/annemarieabautret.com\/blog\/?s={search_term_string}\"},\"query-input\":{\"@type\":\"PropertyValueSpecification\",\"valueRequired\":true,\"valueName\":\"search_term_string\"}}],\"inLanguage\":\"es-PE\"},{\"@type\":\"Person\",\"@id\":\"https:\/\/annemarieabautret.com\/blog\/#\/schema\/person\/67f969769283a1cac966eb4824469e7b\",\"name\":\"Bloglencriervert\",\"image\":{\"@type\":\"ImageObject\",\"inLanguage\":\"es-PE\",\"@id\":\"https:\/\/annemarieabautret.com\/blog\/#\/schema\/person\/image\/\",\"url\":\"https:\/\/secure.gravatar.com\/avatar\/1b125fe84bb43db37171ca15c37bc658?s=96&d=mm&r=g\",\"contentUrl\":\"https:\/\/secure.gravatar.com\/avatar\/1b125fe84bb43db37171ca15c37bc658?s=96&d=mm&r=g\",\"caption\":\"Bloglencriervert\"},\"url\":\"https:\/\/annemarieabautret.com\/blog\/author\/anneblog\/\"}]}<\/script>\n<!-- \/ Yoast SEO plugin. -->","yoast_head_json":{"title":"Marat\u00f3n de Par\u00eds: una celebraci\u00f3n deportiva en la capital francesa","description":"La Marat\u00f3n de Par\u00eds es uno de los eventos deportivos m\u00e1s destacados que tienen lugar en la capital francesa cada mes de abril. \u00a1Conoce m\u00e1s!","robots":{"index":"index","follow":"follow","max-snippet":"max-snippet:-1","max-image-preview":"max-image-preview:large","max-video-preview":"max-video-preview:-1"},"canonical":"https:\/\/annemarieabautret.com\/blog\/maraton-de-paris-una-celebracion-deportiva-en-la-capital-francesa\/","og_locale":"es_ES","og_type":"article","og_title":"Marat\u00f3n de Par\u00eds: una celebraci\u00f3n deportiva en la capital francesa","og_description":"La Marat\u00f3n de Par\u00eds es uno de los eventos deportivos m\u00e1s destacados que tienen lugar en la capital francesa cada mes de abril. \u00a1Conoce m\u00e1s!","og_url":"https:\/\/annemarieabautret.com\/blog\/maraton-de-paris-una-celebracion-deportiva-en-la-capital-francesa\/","og_site_name":"Anne Marie Abautret","article_published_time":"2023-04-13T23:23:35+00:00","article_modified_time":"2023-04-13T23:23:37+00:00","og_image":[{"width":1200,"height":630,"url":"https:\/\/annemarieabautret.com\/blog\/wp-content\/uploads\/2023\/04\/1-1.png","type":"image\/png"}],"author":"Bloglencriervert","twitter_card":"summary_large_image","twitter_title":"Marat\u00f3n de Par\u00eds: una celebraci\u00f3n deportiva en la capital francesa","twitter_image":"https:\/\/annemarieabautret.com\/blog\/wp-content\/uploads\/2023\/04\/1-1.png","twitter_misc":{"Written by":"Bloglencriervert","Est. reading time":"8 minutos"},"schema":{"@context":"https:\/\/schema.org","@graph":[{"@type":"WebPage","@id":"https:\/\/annemarieabautret.com\/blog\/maraton-de-paris-una-celebracion-deportiva-en-la-capital-francesa\/","url":"https:\/\/annemarieabautret.com\/blog\/maraton-de-paris-una-celebracion-deportiva-en-la-capital-francesa\/","name":"Marat\u00f3n de Par\u00eds: una celebraci\u00f3n deportiva en la capital francesa","isPartOf":{"@id":"https:\/\/annemarieabautret.com\/blog\/#website"},"primaryImageOfPage":{"@id":"https:\/\/annemarieabautret.com\/blog\/maraton-de-paris-una-celebracion-deportiva-en-la-capital-francesa\/#primaryimage"},"image":{"@id":"https:\/\/annemarieabautret.com\/blog\/maraton-de-paris-una-celebracion-deportiva-en-la-capital-francesa\/#primaryimage"},"thumbnailUrl":"https:\/\/annemarieabautret.com\/blog\/wp-content\/uploads\/2023\/04\/1-1.png","datePublished":"2023-04-13T23:23:35+00:00","dateModified":"2023-04-13T23:23:37+00:00","author":{"@id":"https:\/\/annemarieabautret.com\/blog\/#\/schema\/person\/67f969769283a1cac966eb4824469e7b"},"description":"La Marat\u00f3n de Par\u00eds es uno de los eventos deportivos m\u00e1s destacados que tienen lugar en la capital francesa cada mes de abril. \u00a1Conoce m\u00e1s!","breadcrumb":{"@id":"https:\/\/annemarieabautret.com\/blog\/maraton-de-paris-una-celebracion-deportiva-en-la-capital-francesa\/#breadcrumb"},"inLanguage":"es-PE","potentialAction":[{"@type":"ReadAction","target":["https:\/\/annemarieabautret.com\/blog\/maraton-de-paris-una-celebracion-deportiva-en-la-capital-francesa\/"]}]},{"@type":"ImageObject","inLanguage":"es-PE","@id":"https:\/\/annemarieabautret.com\/blog\/maraton-de-paris-una-celebracion-deportiva-en-la-capital-francesa\/#primaryimage","url":"https:\/\/annemarieabautret.com\/blog\/wp-content\/uploads\/2023\/04\/1-1.png","contentUrl":"https:\/\/annemarieabautret.com\/blog\/wp-content\/uploads\/2023\/04\/1-1.png","width":1200,"height":630},{"@type":"BreadcrumbList","@id":"https:\/\/annemarieabautret.com\/blog\/maraton-de-paris-una-celebracion-deportiva-en-la-capital-francesa\/#breadcrumb","itemListElement":[{"@type":"ListItem","position":1,"name":"Home","item":"https:\/\/annemarieabautret.com\/blog\/"},{"@type":"ListItem","position":2,"name":"Marat\u00f3n de Par\u00eds: una celebraci\u00f3n deportiva en la capital francesa"}]},{"@type":"WebSite","@id":"https:\/\/annemarieabautret.com\/blog\/#website","url":"https:\/\/annemarieabautret.com\/blog\/","name":"Anne Marie Abautret","description":"\u00a1Conoce el maravilloso mundo franc\u00f3fono con L&#039;encrier vert!","potentialAction":[{"@type":"SearchAction","target":{"@type":"EntryPoint","urlTemplate":"https:\/\/annemarieabautret.com\/blog\/?s={search_term_string}"},"query-input":{"@type":"PropertyValueSpecification","valueRequired":true,"valueName":"search_term_string"}}],"inLanguage":"es-PE"},{"@type":"Person","@id":"https:\/\/annemarieabautret.com\/blog\/#\/schema\/person\/67f969769283a1cac966eb4824469e7b","name":"Bloglencriervert","image":{"@type":"ImageObject","inLanguage":"es-PE","@id":"https:\/\/annemarieabautret.com\/blog\/#\/schema\/person\/image\/","url":"https:\/\/secure.gravatar.com\/avatar\/1b125fe84bb43db37171ca15c37bc658?s=96&d=mm&r=g","contentUrl":"https:\/\/secure.gravatar.com\/avatar\/1b125fe84bb43db37171ca15c37bc658?s=96&d=mm&r=g","caption":"Bloglencriervert"},"url":"https:\/\/annemarieabautret.com\/blog\/author\/anneblog\/"}]}},"amp_enabled":true,"_links":{"self":[{"href":"https:\/\/annemarieabautret.com\/blog\/wp-json\/wp\/v2\/posts\/3863"}],"collection":[{"href":"https:\/\/annemarieabautret.com\/blog\/wp-json\/wp\/v2\/posts"}],"about":[{"href":"https:\/\/annemarieabautret.com\/blog\/wp-json\/wp\/v2\/types\/post"}],"author":[{"embeddable":true,"href":"https:\/\/annemarieabautret.com\/blog\/wp-json\/wp\/v2\/users\/1"}],"replies":[{"embeddable":true,"href":"https:\/\/annemarieabautret.com\/blog\/wp-json\/wp\/v2\/comments?post=3863"}],"version-history":[{"count":4,"href":"https:\/\/annemarieabautret.com\/blog\/wp-json\/wp\/v2\/posts\/3863\/revisions"}],"predecessor-version":[{"id":3878,"href":"https:\/\/annemarieabautret.com\/blog\/wp-json\/wp\/v2\/posts\/3863\/revisions\/3878"}],"wp:featuredmedia":[{"embeddable":true,"href":"https:\/\/annemarieabautret.com\/blog\/wp-json\/wp\/v2\/media\/3865"}],"wp:attachment":[{"href":"https:\/\/annemarieabautret.com\/blog\/wp-json\/wp\/v2\/media?parent=3863"}],"wp:term":[{"taxonomy":"category","embeddable":true,"href":"https:\/\/annemarieabautret.com\/blog\/wp-json\/wp\/v2\/categories?post=3863"},{"taxonomy":"post_tag","embeddable":true,"href":"https:\/\/annemarieabautret.com\/blog\/wp-json\/wp\/v2\/tags?post=3863"}],"curies":[{"name":"wp","href":"https:\/\/api.w.org\/{rel}","templated":true}]}}