{"id":3923,"date":"2023-05-17T13:19:09","date_gmt":"2023-05-17T18:19:09","guid":{"rendered":"https:\/\/annemarieabautret.com\/blog\/?p=3923"},"modified":"2023-05-17T13:21:20","modified_gmt":"2023-05-17T18:21:20","slug":"quien-fue-marcel-proust","status":"publish","type":"post","link":"https:\/\/annemarieabautret.com\/blog\/quien-fue-marcel-proust\/","title":{"rendered":"\u00bfQui\u00e9n fue Marcel Proust?"},"content":{"rendered":"\n<p>Marcel Proust fue un escritor franc\u00e9s que naci\u00f3 en Auteuil, un suburbio de Par\u00eds, el 10 de julio de 1871. Es conocido por su obra maestra \"En busca del tiempo perdido\" y es considerado uno de los escritores m\u00e1s importantes del siglo XX. Proust tuvo una vida interesante y complicada, marcada por la enfermedad, la soledad y la b\u00fasqueda de la verdad en s\u00ed mismo y en el mundo que lo rodeaba. \u00a1Conoce m\u00e1s sobre qui\u00e9n fue Marcel Proust!<\/p>\n\n\n\n<figure class=\"wp-block-image size-large is-style-default\"><img loading=\"lazy\" decoding=\"async\" width=\"1024\" height=\"538\" src=\"https:\/\/annemarieabautret.com\/blog\/wp-content\/uploads\/2023\/05\/1-1-1024x538.png\" alt=\"\u00bfQui\u00e9n fue Marcel Proust? \" class=\"wp-image-3925\" srcset=\"https:\/\/annemarieabautret.com\/blog\/wp-content\/uploads\/2023\/05\/1-1-1024x538.png 1024w, https:\/\/annemarieabautret.com\/blog\/wp-content\/uploads\/2023\/05\/1-1-300x158.png 300w, https:\/\/annemarieabautret.com\/blog\/wp-content\/uploads\/2023\/05\/1-1-768x403.png 768w, https:\/\/annemarieabautret.com\/blog\/wp-content\/uploads\/2023\/05\/1-1.png 1200w\" sizes=\"(max-width: 1024px) 100vw, 1024px\" \/><figcaption><em>Marcel Proust.<\/em><\/figcaption><\/figure>\n\n\n\n<h2 class=\"wp-block-heading\">\u00bfQui\u00e9n fue Marcel Proust?: Infancia<\/h2>\n\n\n\n<p>Marcel Proust naci\u00f3 en una familia acomodada y educada. Su padre era un reconocido profesor de medicina y su madre proven\u00eda de una familia jud\u00eda que hab\u00eda hecho fortuna en la industria textil. Desde muy joven, Proust mostr\u00f3 una gran sensibilidad y una afici\u00f3n por la literatura. Fue educado en casa por su madre y una sucesi\u00f3n de tutores, y recibi\u00f3 una educaci\u00f3n privilegiada en los mejores colegios y universidades de Par\u00eds.<\/p>\n\n\n\n<figure class=\"wp-block-image size-large is-style-default\"><img loading=\"lazy\" decoding=\"async\" width=\"1024\" height=\"538\" src=\"https:\/\/annemarieabautret.com\/blog\/wp-content\/uploads\/2023\/05\/2-1-1024x538.png\" alt=\"\u00bfQui\u00e9n fue Marcel Proust? \" class=\"wp-image-3926\" srcset=\"https:\/\/annemarieabautret.com\/blog\/wp-content\/uploads\/2023\/05\/2-1-1024x538.png 1024w, https:\/\/annemarieabautret.com\/blog\/wp-content\/uploads\/2023\/05\/2-1-300x158.png 300w, https:\/\/annemarieabautret.com\/blog\/wp-content\/uploads\/2023\/05\/2-1-768x403.png 768w, https:\/\/annemarieabautret.com\/blog\/wp-content\/uploads\/2023\/05\/2-1.png 1200w\" sizes=\"(max-width: 1024px) 100vw, 1024px\" \/><\/figure>\n\n\n\n<figure class=\"wp-block-image size-full is-style-default\"><a href=\"https:\/\/www.instagram.com\/francesconlencriervert\/\" target=\"_blank\" rel=\"noreferrer noopener\"><img loading=\"lazy\" decoding=\"async\" width=\"600\" height=\"156\" src=\"https:\/\/annemarieabautret.com\/blog\/wp-content\/uploads\/2022\/04\/LEV-Banner-Promo-Todos-los-niveles.gif\" alt=\"\" class=\"wp-image-2922\"\/><\/a><\/figure>\n\n\n\n<h2 class=\"wp-block-heading\">\u00bfQui\u00e9n fue Marcel Proust?: Adolescencia<\/h2>\n\n\n\n<p>En su adolescencia, Proust comenz\u00f3 a experimentar con su sexualidad y a explorar su identidad como escritor. Se enamor\u00f3 de varios j\u00f3venes, incluyendo a Alfred Agostinelli, que se convirti\u00f3 en su amante durante varios a\u00f1os. Tambi\u00e9n comenz\u00f3 a escribir sus primeros poemas y cuentos, y a relacionarse con los c\u00edrculos literarios y art\u00edsticos de Par\u00eds. Sin embargo, su vida adolescente estuvo marcada por la enfermedad, y sufri\u00f3 varios ataques de asma y otros problemas de salud que lo obligaron a retirarse temporalmente de la vida social.<\/p>\n\n\n\n<figure class=\"wp-block-image size-large is-style-default\"><img loading=\"lazy\" decoding=\"async\" width=\"1024\" height=\"538\" src=\"https:\/\/annemarieabautret.com\/blog\/wp-content\/uploads\/2023\/05\/3-1-1024x538.png\" alt=\"\u00bfQui\u00e9n fue Marcel Proust? \" class=\"wp-image-3927\" srcset=\"https:\/\/annemarieabautret.com\/blog\/wp-content\/uploads\/2023\/05\/3-1-1024x538.png 1024w, https:\/\/annemarieabautret.com\/blog\/wp-content\/uploads\/2023\/05\/3-1-300x158.png 300w, https:\/\/annemarieabautret.com\/blog\/wp-content\/uploads\/2023\/05\/3-1-768x403.png 768w, https:\/\/annemarieabautret.com\/blog\/wp-content\/uploads\/2023\/05\/3-1.png 1200w\" sizes=\"(max-width: 1024px) 100vw, 1024px\" \/><\/figure>\n\n\n\n<h2 class=\"wp-block-heading\"><em><strong><mark style=\"background-color:rgba(0, 0, 0, 0)\" class=\"has-inline-color has-vivid-red-color\">Mira tambi\u00e9n<\/mark><\/strong>: <a href=\"https:\/\/annemarieabautret.com\/blog\/quien-fue-simone-de-beauvoir\/\">\u00bfQui\u00e9n fue Simone de Beauvoir?<\/a><\/em><\/h2>\n\n\n\n<h2 class=\"wp-block-heading\">\u00bfQui\u00e9n fue Marcel Proust?: Vida adulta<\/h2>\n\n\n\n<p>En su vida adulta, Proust se dedic\u00f3 principalmente a la escritura de \"En busca del tiempo perdido\", una obra monumental que le llev\u00f3 m\u00e1s de 14 a\u00f1os completar. La obra consta de siete vol\u00famenes y se considera una de las obras m\u00e1s importantes de la literatura francesa y mundial. Durante este tiempo, mantuvo una vida social activa, asistiendo a fiestas y eventos literarios, pero tambi\u00e9n pas\u00f3 largos per\u00edodos de tiempo en la soledad de su apartamento, trabajando en su obra. Proust tambi\u00e9n mantuvo una correspondencia activa con otros escritores y amigos, incluyendo a James Joyce y Virginia Woolf.<\/p>\n\n\n\n<figure class=\"wp-block-image size-large is-style-default\"><img loading=\"lazy\" decoding=\"async\" width=\"1024\" height=\"538\" src=\"https:\/\/annemarieabautret.com\/blog\/wp-content\/uploads\/2023\/05\/5-1-1024x538.png\" alt=\"\u00bfQui\u00e9n fue Marcel Proust? \" class=\"wp-image-3930\" srcset=\"https:\/\/annemarieabautret.com\/blog\/wp-content\/uploads\/2023\/05\/5-1-1024x538.png 1024w, https:\/\/annemarieabautret.com\/blog\/wp-content\/uploads\/2023\/05\/5-1-300x158.png 300w, https:\/\/annemarieabautret.com\/blog\/wp-content\/uploads\/2023\/05\/5-1-768x403.png 768w, https:\/\/annemarieabautret.com\/blog\/wp-content\/uploads\/2023\/05\/5-1.png 1200w\" sizes=\"(max-width: 1024px) 100vw, 1024px\" \/><\/figure>\n\n\n\n<h2 class=\"wp-block-heading\">\u00daltimos a\u00f1os<\/h2>\n\n\n\n<p>Los \u00faltimos a\u00f1os de vida de Proust estuvieron marcados por la enfermedad y la soledad. A pesar de su fama y \u00e9xito literario, Proust se sinti\u00f3 cada vez m\u00e1s aislado de la sociedad, y su salud se deterior\u00f3 r\u00e1pidamente. Muri\u00f3 el 18 de noviembre de 1922, a los 51 a\u00f1os, de una neumon\u00eda complicada por su asma.<\/p>\n\n\n\n<figure class=\"wp-block-image size-large is-style-default\"><img loading=\"lazy\" decoding=\"async\" width=\"1024\" height=\"538\" src=\"https:\/\/annemarieabautret.com\/blog\/wp-content\/uploads\/2023\/05\/6-1024x538.png\" alt=\"\u00bfQui\u00e9n fue Marcel Proust? \" class=\"wp-image-3929\" srcset=\"https:\/\/annemarieabautret.com\/blog\/wp-content\/uploads\/2023\/05\/6-1024x538.png 1024w, https:\/\/annemarieabautret.com\/blog\/wp-content\/uploads\/2023\/05\/6-300x158.png 300w, https:\/\/annemarieabautret.com\/blog\/wp-content\/uploads\/2023\/05\/6-768x403.png 768w, https:\/\/annemarieabautret.com\/blog\/wp-content\/uploads\/2023\/05\/6.png 1200w\" sizes=\"(max-width: 1024px) 100vw, 1024px\" \/><\/figure>\n\n\n\n<h2 class=\"wp-block-heading\">Legado cultural<\/h2>\n\n\n\n<p>El legado cultural de Marcel Proust es inmenso. \"En busca del tiempo perdido\" es considerada una de las obras m\u00e1s importantes de la literatura mundial y ha influenciado a muchos escritores y artistas en todo el mundo. Es conocido por su estilo literario complejo y su exploraci\u00f3n de temas como la memoria, el tiempo, la identidad y el amor.<\/p>\n\n\n\n<figure class=\"wp-block-image size-large is-style-default\"><img loading=\"lazy\" decoding=\"async\" width=\"1024\" height=\"538\" src=\"https:\/\/annemarieabautret.com\/blog\/wp-content\/uploads\/2023\/05\/4-2-1024x538.png\" alt=\"\" class=\"wp-image-3931\" srcset=\"https:\/\/annemarieabautret.com\/blog\/wp-content\/uploads\/2023\/05\/4-2-1024x538.png 1024w, https:\/\/annemarieabautret.com\/blog\/wp-content\/uploads\/2023\/05\/4-2-300x158.png 300w, https:\/\/annemarieabautret.com\/blog\/wp-content\/uploads\/2023\/05\/4-2-768x403.png 768w, https:\/\/annemarieabautret.com\/blog\/wp-content\/uploads\/2023\/05\/4-2.png 1200w\" sizes=\"(max-width: 1024px) 100vw, 1024px\" \/><\/figure>\n\n\n\n<p>Tambi\u00e9n Proust es reconocido por su exploraci\u00f3n de la psicolog\u00eda humana y su capacidad para retratar con detalle la sociedad francesa de su \u00e9poca. Su legado cultural sigue siendo una influencia en la literatura y el arte en general, y su nombre se ha convertido en sin\u00f3nimo de profundidad, complejidad y belleza literaria.<\/p>\n\n\n\n<figure class=\"wp-block-image size-full is-style-default\"><a href=\"https:\/\/mailchi.mp\/63a6d94a6b10\/lencrier-vert-newsletter\" target=\"_blank\" rel=\"noreferrer noopener\"><img loading=\"lazy\" decoding=\"async\" width=\"600\" height=\"156\" src=\"https:\/\/annemarieabautret.com\/blog\/wp-content\/uploads\/2022\/02\/Hnet.com-image.gif\" alt=\"\" class=\"wp-image-2648\"\/><\/a><\/figure>\n\n\n\n<h2 class=\"wp-block-heading\">Obras m\u00e1s importantes e influyentes<\/h2>\n\n\n\n<ul class=\"wp-block-list\"><li>\"En busca del tiempo perdido\" (1913-1927): Tambi\u00e9n conocida como <em>A la recherche du temps perdu<\/em>, es una obra maestra de siete vol\u00famenes que cuenta la historia de la vida de un hombre llamado Marcel, su familia y su c\u00edrculo social en la Francia de finales del siglo XIX y principios del XX. A trav\u00e9s de su narraci\u00f3n detallada y rica en matices, Proust explora temas como la memoria, el amor, la sociedad y la percepci\u00f3n del tiempo.<\/li><li>\"Los placeres y los d\u00edas\" (1896): Es una colecci\u00f3n de relatos cortos y poemas que abordan temas como el amor, la soledad y la nostalgia. Aunque es una obra anterior a \"En busca del tiempo perdido\", muchos de los temas y preocupaciones que aparecen en esta obra son precursores de los que se exploran en la obra m\u00e1s larga.<\/li><li>\"Jean Santeuil\" (1952): Es una novela p\u00f3stuma e incompleta que Proust comenz\u00f3 a escribir antes de \"En busca del tiempo perdido\". La historia sigue la vida de un joven llamado Jean, sus relaciones y experiencias en la sociedad francesa.<\/li><li>\"Contra Sainte-Beuve\" (1954): Es un ensayo p\u00f3stumo que Proust escribi\u00f3 como respuesta a una serie de art\u00edculos del cr\u00edtico literario Charles-Augustin Sainte-Beuve. En \u00e9l, critica la idea de que el conocimiento de la vida del autor debe ser un criterio para evaluar su obra y aboga por la importancia de centrarse en la obra en s\u00ed misma.<\/li><\/ul>\n\n\n\n<figure class=\"wp-block-image size-large is-style-default\"><img loading=\"lazy\" decoding=\"async\" width=\"1024\" height=\"538\" src=\"https:\/\/annemarieabautret.com\/blog\/wp-content\/uploads\/2023\/05\/7-1024x538.png\" alt=\"\" class=\"wp-image-3932\" srcset=\"https:\/\/annemarieabautret.com\/blog\/wp-content\/uploads\/2023\/05\/7-1024x538.png 1024w, https:\/\/annemarieabautret.com\/blog\/wp-content\/uploads\/2023\/05\/7-300x158.png 300w, https:\/\/annemarieabautret.com\/blog\/wp-content\/uploads\/2023\/05\/7-768x403.png 768w, https:\/\/annemarieabautret.com\/blog\/wp-content\/uploads\/2023\/05\/7.png 1200w\" sizes=\"(max-width: 1024px) 100vw, 1024px\" \/><\/figure>\n\n\n\n<h2 class=\"wp-block-heading\">Datos curiosos sobre Marcel Proust<\/h2>\n\n\n\n<ul class=\"wp-block-list\"><li>Fue asm\u00e1tico toda su vida y sufr\u00eda a menudo ataques de depresi\u00f3n.<\/li><li>Era homosexual, pero mantuvo su sexualidad en secreto para la mayor\u00eda de sus amigos y familiares.<\/li><li>Era un gran observador de la vida social, y a menudo utilizaba sus escritos para satirizar a las clases altas.<\/li><li>Era perfeccionista y pasaba a\u00f1os revisando y editando su obra.<\/li><li>Fue un prol\u00edfico escritor de cartas y mantuvo correspondencia con muchos de los principales intelectuales de su \u00e9poca.<\/li><li>La obra de Proust se ha visto influida por un amplio abanico de autores, como Charles Baudelaire, Gustave Flaubert, Honor\u00e9 de Balzac y Fi\u00f3dor Dostoievski.<\/li><li>Adem\u00e1s, su obra ha sido elogiada por la cr\u00edtica por su originalidad, su visi\u00f3n de la naturaleza humana y la belleza de su lenguaje.<\/li><li>Tambi\u00e9n ha sido adaptada en varias pel\u00edculas y series de televisi\u00f3n.<\/li><li>Proust es considerado uno de los escritores m\u00e1s importantes del siglo XX, y su obra sigue siendo le\u00edda y estudiada por acad\u00e9micos y estudiantes de todo el mundo.<\/li><\/ul>\n\n\n\n<h4 class=\"wp-block-heading\">Si deseas conocer m\u00e1s curiosidades sobre Marcel Proust, as\u00ed como sobre nuestros cursos, no te pierdas ninguna de nuestras publicaciones en las redes sociales. &#x1f447;<\/h4>\n\n\n\n<figure class=\"wp-block-image size-large is-style-default\"><a href=\"https:\/\/www.instagram.com\/francesconlencriervert\/\" target=\"_blank\" rel=\"noreferrer noopener\"><img loading=\"lazy\" decoding=\"async\" width=\"1024\" height=\"269\" src=\"https:\/\/annemarieabautret.com\/blog\/wp-content\/uploads\/2021\/06\/LEV-banner-redes-sociales-posts-1024x269.png\" alt=\"\" class=\"wp-image-1227\" srcset=\"https:\/\/annemarieabautret.com\/blog\/wp-content\/uploads\/2021\/06\/LEV-banner-redes-sociales-posts-1024x269.png 1024w, https:\/\/annemarieabautret.com\/blog\/wp-content\/uploads\/2021\/06\/LEV-banner-redes-sociales-posts-300x79.png 300w, https:\/\/annemarieabautret.com\/blog\/wp-content\/uploads\/2021\/06\/LEV-banner-redes-sociales-posts-768x202.png 768w, https:\/\/annemarieabautret.com\/blog\/wp-content\/uploads\/2021\/06\/LEV-banner-redes-sociales-posts.png 1200w\" sizes=\"(max-width: 1024px) 100vw, 1024px\" \/><\/a><\/figure>\n\n\n\n<figure class=\"wp-block-image size-large is-style-default\"><a href=\"https:\/\/www.facebook.com\/LencrierVert\" target=\"_blank\" rel=\"noreferrer noopener\"><img loading=\"lazy\" decoding=\"async\" width=\"1024\" height=\"269\" src=\"https:\/\/annemarieabautret.com\/blog\/wp-content\/uploads\/2021\/06\/LEV-banner-redes-sociales-posts-1-1024x269.png\" alt=\"\" class=\"wp-image-1228\" srcset=\"https:\/\/annemarieabautret.com\/blog\/wp-content\/uploads\/2021\/06\/LEV-banner-redes-sociales-posts-1-1024x269.png 1024w, https:\/\/annemarieabautret.com\/blog\/wp-content\/uploads\/2021\/06\/LEV-banner-redes-sociales-posts-1-300x79.png 300w, https:\/\/annemarieabautret.com\/blog\/wp-content\/uploads\/2021\/06\/LEV-banner-redes-sociales-posts-1-768x202.png 768w, https:\/\/annemarieabautret.com\/blog\/wp-content\/uploads\/2021\/06\/LEV-banner-redes-sociales-posts-1.png 1200w\" sizes=\"(max-width: 1024px) 100vw, 1024px\" \/><\/a><\/figure>\n","protected":false},"excerpt":{"rendered":"<p>Marcel Proust fue un escritor franc\u00e9s que naci\u00f3 en Auteuil, un suburbio de Par\u00eds, el 10 de julio de 1871. Es conocido por su obra maestra \"En busca del tiempo perdido\" y es considerado uno de los escritores m\u00e1s importantes del siglo XX. Proust tuvo una vida interesante y complicada, marcada por la enfermedad, la [&hellip;]<\/p>\n","protected":false},"author":1,"featured_media":3925,"comment_status":"open","ping_status":"open","sticky":false,"template":"","format":"standard","meta":{"footnotes":""},"categories":[7],"tags":[719,720,24,106,834,3,4,105,195,578,479,305],"class_list":["post-3923","post","type-post","status-publish","format-standard","has-post-thumbnail","hentry","category-curiosidades","tag-biografia","tag-biografias","tag-curiosidades","tag-escritura","tag-escritura-francesa","tag-frances","tag-frances-2","tag-literatura","tag-literatura-francesa","tag-literatura-francofona","tag-literature","tag-marcel-proust"],"yoast_head":"<!-- This site is optimized with the Yoast SEO plugin v24.6 - https:\/\/yoast.com\/wordpress\/plugins\/seo\/ -->\n<title>\u00bfQui\u00e9n fue Marcel Proust? - Anne Marie Abautret<\/title>\n<meta name=\"description\" content=\"Considerado uno de los escritores m\u00e1s importantes del siglo XX, tuvo una vida interesante y complicada. \u00a1Conoce qui\u00e9n fue Marcel Proust!\" \/>\n<meta name=\"robots\" content=\"index, follow, max-snippet:-1, max-image-preview:large, max-video-preview:-1\" \/>\n<link rel=\"canonical\" href=\"https:\/\/annemarieabautret.com\/blog\/quien-fue-marcel-proust\/\" \/>\n<meta property=\"og:locale\" content=\"es_ES\" \/>\n<meta property=\"og:type\" content=\"article\" \/>\n<meta property=\"og:title\" content=\"\u00bfQui\u00e9n fue Marcel Proust?\" \/>\n<meta property=\"og:description\" content=\"Considerado uno de los escritores m\u00e1s importantes del siglo XX, tuvo una vida interesante y complicada. \u00a1Conoce qui\u00e9n fue Marcel Proust!\" \/>\n<meta property=\"og:url\" content=\"https:\/\/annemarieabautret.com\/blog\/quien-fue-marcel-proust\/\" \/>\n<meta property=\"og:site_name\" content=\"Anne Marie Abautret\" \/>\n<meta property=\"article:published_time\" content=\"2023-05-17T18:19:09+00:00\" \/>\n<meta property=\"article:modified_time\" content=\"2023-05-17T18:21:20+00:00\" \/>\n<meta property=\"og:image\" content=\"https:\/\/annemarieabautret.com\/blog\/wp-content\/uploads\/2023\/05\/1-1.png\" \/>\n\t<meta property=\"og:image:width\" content=\"1200\" \/>\n\t<meta property=\"og:image:height\" content=\"630\" \/>\n\t<meta property=\"og:image:type\" content=\"image\/png\" \/>\n<meta name=\"author\" content=\"Bloglencriervert\" \/>\n<meta name=\"twitter:card\" content=\"summary_large_image\" \/>\n<meta name=\"twitter:title\" content=\"\u00bfQui\u00e9n fue Marcel Proust?\" \/>\n<meta name=\"twitter:image\" content=\"https:\/\/annemarieabautret.com\/blog\/wp-content\/uploads\/2023\/05\/1-1.png\" \/>\n<meta name=\"twitter:label1\" content=\"Written by\" \/>\n\t<meta name=\"twitter:data1\" content=\"Bloglencriervert\" \/>\n\t<meta name=\"twitter:label2\" content=\"Est. reading time\" \/>\n\t<meta name=\"twitter:data2\" content=\"7 minutos\" \/>\n<script type=\"application\/ld+json\" class=\"yoast-schema-graph\">{\"@context\":\"https:\/\/schema.org\",\"@graph\":[{\"@type\":\"WebPage\",\"@id\":\"https:\/\/annemarieabautret.com\/blog\/quien-fue-marcel-proust\/\",\"url\":\"https:\/\/annemarieabautret.com\/blog\/quien-fue-marcel-proust\/\",\"name\":\"\u00bfQui\u00e9n fue Marcel Proust? - Anne Marie Abautret\",\"isPartOf\":{\"@id\":\"https:\/\/annemarieabautret.com\/blog\/#website\"},\"primaryImageOfPage\":{\"@id\":\"https:\/\/annemarieabautret.com\/blog\/quien-fue-marcel-proust\/#primaryimage\"},\"image\":{\"@id\":\"https:\/\/annemarieabautret.com\/blog\/quien-fue-marcel-proust\/#primaryimage\"},\"thumbnailUrl\":\"https:\/\/annemarieabautret.com\/blog\/wp-content\/uploads\/2023\/05\/1-1.png\",\"datePublished\":\"2023-05-17T18:19:09+00:00\",\"dateModified\":\"2023-05-17T18:21:20+00:00\",\"author\":{\"@id\":\"https:\/\/annemarieabautret.com\/blog\/#\/schema\/person\/67f969769283a1cac966eb4824469e7b\"},\"description\":\"Considerado uno de los escritores m\u00e1s importantes del siglo XX, tuvo una vida interesante y complicada. \u00a1Conoce qui\u00e9n fue Marcel Proust!\",\"breadcrumb\":{\"@id\":\"https:\/\/annemarieabautret.com\/blog\/quien-fue-marcel-proust\/#breadcrumb\"},\"inLanguage\":\"es-PE\",\"potentialAction\":[{\"@type\":\"ReadAction\",\"target\":[\"https:\/\/annemarieabautret.com\/blog\/quien-fue-marcel-proust\/\"]}]},{\"@type\":\"ImageObject\",\"inLanguage\":\"es-PE\",\"@id\":\"https:\/\/annemarieabautret.com\/blog\/quien-fue-marcel-proust\/#primaryimage\",\"url\":\"https:\/\/annemarieabautret.com\/blog\/wp-content\/uploads\/2023\/05\/1-1.png\",\"contentUrl\":\"https:\/\/annemarieabautret.com\/blog\/wp-content\/uploads\/2023\/05\/1-1.png\",\"width\":1200,\"height\":630},{\"@type\":\"BreadcrumbList\",\"@id\":\"https:\/\/annemarieabautret.com\/blog\/quien-fue-marcel-proust\/#breadcrumb\",\"itemListElement\":[{\"@type\":\"ListItem\",\"position\":1,\"name\":\"Home\",\"item\":\"https:\/\/annemarieabautret.com\/blog\/\"},{\"@type\":\"ListItem\",\"position\":2,\"name\":\"\u00bfQui\u00e9n fue Marcel Proust?\"}]},{\"@type\":\"WebSite\",\"@id\":\"https:\/\/annemarieabautret.com\/blog\/#website\",\"url\":\"https:\/\/annemarieabautret.com\/blog\/\",\"name\":\"Anne Marie Abautret\",\"description\":\"\u00a1Conoce el maravilloso mundo franc\u00f3fono con L&#039;encrier vert!\",\"potentialAction\":[{\"@type\":\"SearchAction\",\"target\":{\"@type\":\"EntryPoint\",\"urlTemplate\":\"https:\/\/annemarieabautret.com\/blog\/?s={search_term_string}\"},\"query-input\":{\"@type\":\"PropertyValueSpecification\",\"valueRequired\":true,\"valueName\":\"search_term_string\"}}],\"inLanguage\":\"es-PE\"},{\"@type\":\"Person\",\"@id\":\"https:\/\/annemarieabautret.com\/blog\/#\/schema\/person\/67f969769283a1cac966eb4824469e7b\",\"name\":\"Bloglencriervert\",\"image\":{\"@type\":\"ImageObject\",\"inLanguage\":\"es-PE\",\"@id\":\"https:\/\/annemarieabautret.com\/blog\/#\/schema\/person\/image\/\",\"url\":\"https:\/\/secure.gravatar.com\/avatar\/1b125fe84bb43db37171ca15c37bc658?s=96&d=mm&r=g\",\"contentUrl\":\"https:\/\/secure.gravatar.com\/avatar\/1b125fe84bb43db37171ca15c37bc658?s=96&d=mm&r=g\",\"caption\":\"Bloglencriervert\"},\"url\":\"https:\/\/annemarieabautret.com\/blog\/author\/anneblog\/\"}]}<\/script>\n<!-- \/ Yoast SEO plugin. -->","yoast_head_json":{"title":"\u00bfQui\u00e9n fue Marcel Proust? - Anne Marie Abautret","description":"Considerado uno de los escritores m\u00e1s importantes del siglo XX, tuvo una vida interesante y complicada. \u00a1Conoce qui\u00e9n fue Marcel Proust!","robots":{"index":"index","follow":"follow","max-snippet":"max-snippet:-1","max-image-preview":"max-image-preview:large","max-video-preview":"max-video-preview:-1"},"canonical":"https:\/\/annemarieabautret.com\/blog\/quien-fue-marcel-proust\/","og_locale":"es_ES","og_type":"article","og_title":"\u00bfQui\u00e9n fue Marcel Proust?","og_description":"Considerado uno de los escritores m\u00e1s importantes del siglo XX, tuvo una vida interesante y complicada. \u00a1Conoce qui\u00e9n fue Marcel Proust!","og_url":"https:\/\/annemarieabautret.com\/blog\/quien-fue-marcel-proust\/","og_site_name":"Anne Marie Abautret","article_published_time":"2023-05-17T18:19:09+00:00","article_modified_time":"2023-05-17T18:21:20+00:00","og_image":[{"width":1200,"height":630,"url":"https:\/\/annemarieabautret.com\/blog\/wp-content\/uploads\/2023\/05\/1-1.png","type":"image\/png"}],"author":"Bloglencriervert","twitter_card":"summary_large_image","twitter_title":"\u00bfQui\u00e9n fue Marcel Proust?","twitter_image":"https:\/\/annemarieabautret.com\/blog\/wp-content\/uploads\/2023\/05\/1-1.png","twitter_misc":{"Written by":"Bloglencriervert","Est. reading time":"7 minutos"},"schema":{"@context":"https:\/\/schema.org","@graph":[{"@type":"WebPage","@id":"https:\/\/annemarieabautret.com\/blog\/quien-fue-marcel-proust\/","url":"https:\/\/annemarieabautret.com\/blog\/quien-fue-marcel-proust\/","name":"\u00bfQui\u00e9n fue Marcel Proust? - Anne Marie Abautret","isPartOf":{"@id":"https:\/\/annemarieabautret.com\/blog\/#website"},"primaryImageOfPage":{"@id":"https:\/\/annemarieabautret.com\/blog\/quien-fue-marcel-proust\/#primaryimage"},"image":{"@id":"https:\/\/annemarieabautret.com\/blog\/quien-fue-marcel-proust\/#primaryimage"},"thumbnailUrl":"https:\/\/annemarieabautret.com\/blog\/wp-content\/uploads\/2023\/05\/1-1.png","datePublished":"2023-05-17T18:19:09+00:00","dateModified":"2023-05-17T18:21:20+00:00","author":{"@id":"https:\/\/annemarieabautret.com\/blog\/#\/schema\/person\/67f969769283a1cac966eb4824469e7b"},"description":"Considerado uno de los escritores m\u00e1s importantes del siglo XX, tuvo una vida interesante y complicada. \u00a1Conoce qui\u00e9n fue Marcel Proust!","breadcrumb":{"@id":"https:\/\/annemarieabautret.com\/blog\/quien-fue-marcel-proust\/#breadcrumb"},"inLanguage":"es-PE","potentialAction":[{"@type":"ReadAction","target":["https:\/\/annemarieabautret.com\/blog\/quien-fue-marcel-proust\/"]}]},{"@type":"ImageObject","inLanguage":"es-PE","@id":"https:\/\/annemarieabautret.com\/blog\/quien-fue-marcel-proust\/#primaryimage","url":"https:\/\/annemarieabautret.com\/blog\/wp-content\/uploads\/2023\/05\/1-1.png","contentUrl":"https:\/\/annemarieabautret.com\/blog\/wp-content\/uploads\/2023\/05\/1-1.png","width":1200,"height":630},{"@type":"BreadcrumbList","@id":"https:\/\/annemarieabautret.com\/blog\/quien-fue-marcel-proust\/#breadcrumb","itemListElement":[{"@type":"ListItem","position":1,"name":"Home","item":"https:\/\/annemarieabautret.com\/blog\/"},{"@type":"ListItem","position":2,"name":"\u00bfQui\u00e9n fue Marcel Proust?"}]},{"@type":"WebSite","@id":"https:\/\/annemarieabautret.com\/blog\/#website","url":"https:\/\/annemarieabautret.com\/blog\/","name":"Anne Marie Abautret","description":"\u00a1Conoce el maravilloso mundo franc\u00f3fono con L&#039;encrier vert!","potentialAction":[{"@type":"SearchAction","target":{"@type":"EntryPoint","urlTemplate":"https:\/\/annemarieabautret.com\/blog\/?s={search_term_string}"},"query-input":{"@type":"PropertyValueSpecification","valueRequired":true,"valueName":"search_term_string"}}],"inLanguage":"es-PE"},{"@type":"Person","@id":"https:\/\/annemarieabautret.com\/blog\/#\/schema\/person\/67f969769283a1cac966eb4824469e7b","name":"Bloglencriervert","image":{"@type":"ImageObject","inLanguage":"es-PE","@id":"https:\/\/annemarieabautret.com\/blog\/#\/schema\/person\/image\/","url":"https:\/\/secure.gravatar.com\/avatar\/1b125fe84bb43db37171ca15c37bc658?s=96&d=mm&r=g","contentUrl":"https:\/\/secure.gravatar.com\/avatar\/1b125fe84bb43db37171ca15c37bc658?s=96&d=mm&r=g","caption":"Bloglencriervert"},"url":"https:\/\/annemarieabautret.com\/blog\/author\/anneblog\/"}]}},"amp_enabled":true,"_links":{"self":[{"href":"https:\/\/annemarieabautret.com\/blog\/wp-json\/wp\/v2\/posts\/3923"}],"collection":[{"href":"https:\/\/annemarieabautret.com\/blog\/wp-json\/wp\/v2\/posts"}],"about":[{"href":"https:\/\/annemarieabautret.com\/blog\/wp-json\/wp\/v2\/types\/post"}],"author":[{"embeddable":true,"href":"https:\/\/annemarieabautret.com\/blog\/wp-json\/wp\/v2\/users\/1"}],"replies":[{"embeddable":true,"href":"https:\/\/annemarieabautret.com\/blog\/wp-json\/wp\/v2\/comments?post=3923"}],"version-history":[{"count":1,"href":"https:\/\/annemarieabautret.com\/blog\/wp-json\/wp\/v2\/posts\/3923\/revisions"}],"predecessor-version":[{"id":3933,"href":"https:\/\/annemarieabautret.com\/blog\/wp-json\/wp\/v2\/posts\/3923\/revisions\/3933"}],"wp:featuredmedia":[{"embeddable":true,"href":"https:\/\/annemarieabautret.com\/blog\/wp-json\/wp\/v2\/media\/3925"}],"wp:attachment":[{"href":"https:\/\/annemarieabautret.com\/blog\/wp-json\/wp\/v2\/media?parent=3923"}],"wp:term":[{"taxonomy":"category","embeddable":true,"href":"https:\/\/annemarieabautret.com\/blog\/wp-json\/wp\/v2\/categories?post=3923"},{"taxonomy":"post_tag","embeddable":true,"href":"https:\/\/annemarieabautret.com\/blog\/wp-json\/wp\/v2\/tags?post=3923"}],"curies":[{"name":"wp","href":"https:\/\/api.w.org\/{rel}","templated":true}]}}