{"id":3981,"date":"2023-06-24T10:44:47","date_gmt":"2023-06-24T15:44:47","guid":{"rendered":"https:\/\/annemarieabautret.com\/blog\/?p=3981"},"modified":"2023-06-24T10:44:49","modified_gmt":"2023-06-24T15:44:49","slug":"frases-bellas-francesas-elegancia-en-palabras","status":"publish","type":"post","link":"https:\/\/annemarieabautret.com\/blog\/frases-bellas-francesas-elegancia-en-palabras\/","title":{"rendered":"Frases bellas francesas: elegancia en palabras"},"content":{"rendered":"\n<p>Existen cientos de escritores y escritoras de la lengua franc\u00f3fona que se han encargado de llevar al franc\u00e9s a un sitial de honor bastante alto dentro de la literatura mundial. Cada una de sus palabras expresan aquello que nos llena la pasi\u00f3n por la lectura y nos empujan a seguir consumiendo arte en forma de oraciones, frases, cuentos y novelas tan hermosas que el sentimiento de sosiego es enorme. Descubre con nosotros esas frases bellas francesas: elegancia en palabras. <em>C\u2019est parti !<\/em><\/p>\n\n\n\n<figure class=\"wp-block-image size-large is-style-default\"><img loading=\"lazy\" decoding=\"async\" width=\"1024\" height=\"538\" src=\"https:\/\/annemarieabautret.com\/blog\/wp-content\/uploads\/2023\/06\/LEV-post-252-Frases-bellas-francesas-elegancia-en-palabras--1024x538.png\" alt=\"Frases bellas francesas: elegancia en palabras\" class=\"wp-image-3988\" srcset=\"https:\/\/annemarieabautret.com\/blog\/wp-content\/uploads\/2023\/06\/LEV-post-252-Frases-bellas-francesas-elegancia-en-palabras--1024x538.png 1024w, https:\/\/annemarieabautret.com\/blog\/wp-content\/uploads\/2023\/06\/LEV-post-252-Frases-bellas-francesas-elegancia-en-palabras--300x158.png 300w, https:\/\/annemarieabautret.com\/blog\/wp-content\/uploads\/2023\/06\/LEV-post-252-Frases-bellas-francesas-elegancia-en-palabras--768x403.png 768w, https:\/\/annemarieabautret.com\/blog\/wp-content\/uploads\/2023\/06\/LEV-post-252-Frases-bellas-francesas-elegancia-en-palabras-.png 1200w\" sizes=\"(max-width: 1024px) 100vw, 1024px\" \/><\/figure>\n\n\n\n<h2 class=\"wp-block-heading\">Frases bellas francesas: elegancia en palabras<\/h2>\n\n\n\n<p>En esta ocasi\u00f3n, nos pasearemos por algunas de las mejores escritoras y escritores de la historia de la lengua francesa, como lo son Madame de Sta\u00ebl, \u00c8ve B\u00e9lisle, Monique Bosco y Paul L\u00e9autaud. \u00a0<em>On y va !<\/em><\/p>\n\n\n\n<h3 class=\"wp-block-heading\"><em>1.<\/em> <em>Les jouissances de l'esprit sont faites pour calmer les orages du coeur.<\/em><\/h3>\n\n\n\n<figure class=\"wp-block-image size-large is-style-default\"><img loading=\"lazy\" decoding=\"async\" width=\"1024\" height=\"1024\" src=\"https:\/\/annemarieabautret.com\/blog\/wp-content\/uploads\/2023\/06\/LEV-Cita-Madame-de-Stael-1024x1024.png\" alt=\"Frases bellas francesas: elegancia en palabras\" class=\"wp-image-3984\" srcset=\"https:\/\/annemarieabautret.com\/blog\/wp-content\/uploads\/2023\/06\/LEV-Cita-Madame-de-Stael-1024x1024.png 1024w, https:\/\/annemarieabautret.com\/blog\/wp-content\/uploads\/2023\/06\/LEV-Cita-Madame-de-Stael-300x300.png 300w, https:\/\/annemarieabautret.com\/blog\/wp-content\/uploads\/2023\/06\/LEV-Cita-Madame-de-Stael-150x150.png 150w, https:\/\/annemarieabautret.com\/blog\/wp-content\/uploads\/2023\/06\/LEV-Cita-Madame-de-Stael-768x768.png 768w, https:\/\/annemarieabautret.com\/blog\/wp-content\/uploads\/2023\/06\/LEV-Cita-Madame-de-Stael.png 1080w\" sizes=\"(max-width: 1024px) 100vw, 1024px\" \/><\/figure>\n\n\n\n<blockquote class=\"wp-block-quote has-text-align-center is-style-large is-layout-flow wp-block-quote-is-layout-flow\"><p>\u00abLos placeres de la mente est\u00e1n destinados a calmar las tormentas del coraz\u00f3n\u00bb<\/p><cite>- Madame de Sta\u00ebl<\/cite><\/blockquote>\n\n\n\n<figure class=\"wp-block-image size-full is-style-default\"><a href=\"https:\/\/www.instagram.com\/francesconlencriervert\/\" target=\"_blank\" rel=\"noreferrer noopener\"><img loading=\"lazy\" decoding=\"async\" width=\"600\" height=\"156\" src=\"https:\/\/annemarieabautret.com\/blog\/wp-content\/uploads\/2022\/04\/LEV-Banner-Promo-Todos-los-niveles.gif\" alt=\"\" class=\"wp-image-2922\"\/><\/a><\/figure>\n\n\n\n<h3 class=\"wp-block-heading\"><em>2. Il est bon de faire confiance au temps qui passe : l'avenir nous r\u00e9v\u00e8le toujours ses secrets.<\/em><\/h3>\n\n\n\n<figure class=\"wp-block-image size-large is-style-default\"><img loading=\"lazy\" decoding=\"async\" width=\"1024\" height=\"1024\" src=\"https:\/\/annemarieabautret.com\/blog\/wp-content\/uploads\/2023\/06\/LEV-Cita-Eve-Belisle-1024x1024.png\" alt=\"Frases bellas francesas: elegancia en palabras\" class=\"wp-image-3985\" srcset=\"https:\/\/annemarieabautret.com\/blog\/wp-content\/uploads\/2023\/06\/LEV-Cita-Eve-Belisle-1024x1024.png 1024w, https:\/\/annemarieabautret.com\/blog\/wp-content\/uploads\/2023\/06\/LEV-Cita-Eve-Belisle-300x300.png 300w, https:\/\/annemarieabautret.com\/blog\/wp-content\/uploads\/2023\/06\/LEV-Cita-Eve-Belisle-150x150.png 150w, https:\/\/annemarieabautret.com\/blog\/wp-content\/uploads\/2023\/06\/LEV-Cita-Eve-Belisle-768x768.png 768w, https:\/\/annemarieabautret.com\/blog\/wp-content\/uploads\/2023\/06\/LEV-Cita-Eve-Belisle.png 1080w\" sizes=\"(max-width: 1024px) 100vw, 1024px\" \/><\/figure>\n\n\n\n<blockquote class=\"wp-block-quote has-text-align-center is-style-large is-layout-flow wp-block-quote-is-layout-flow\"><p>\u00abEs bueno confiar en el paso del tiempo: el futuro siempre nos revela sus secretos\u00bb<\/p><cite>- \u00c8ve B\u00e9lisle<\/cite><\/blockquote>\n\n\n\n<h2 class=\"wp-block-heading\"><em><mark style=\"background-color:rgba(0, 0, 0, 0)\" class=\"has-inline-color has-vivid-red-color\"><strong>Mira tambi\u00e9n<\/strong><\/mark>: <a href=\"https:\/\/annemarieabautret.com\/blog\/frases-hermosas-de-la-lengua-francesa\/\">Frases hermosas de la lengua francesa<\/a><\/em><\/h2>\n\n\n\n<h3 class=\"wp-block-heading\"><em>3. Continue, travaille, apprends. Et prends ton temps. La vie est si longue.<\/em><\/h3>\n\n\n\n<figure class=\"wp-block-image size-large is-style-default\"><img loading=\"lazy\" decoding=\"async\" width=\"1024\" height=\"1024\" src=\"https:\/\/annemarieabautret.com\/blog\/wp-content\/uploads\/2023\/06\/LEV-Cita-Monique-Bosco-1024x1024.png\" alt=\"Frases bellas francesas: elegancia en palabras\" class=\"wp-image-3986\" srcset=\"https:\/\/annemarieabautret.com\/blog\/wp-content\/uploads\/2023\/06\/LEV-Cita-Monique-Bosco-1024x1024.png 1024w, https:\/\/annemarieabautret.com\/blog\/wp-content\/uploads\/2023\/06\/LEV-Cita-Monique-Bosco-300x300.png 300w, https:\/\/annemarieabautret.com\/blog\/wp-content\/uploads\/2023\/06\/LEV-Cita-Monique-Bosco-150x150.png 150w, https:\/\/annemarieabautret.com\/blog\/wp-content\/uploads\/2023\/06\/LEV-Cita-Monique-Bosco-768x768.png 768w, https:\/\/annemarieabautret.com\/blog\/wp-content\/uploads\/2023\/06\/LEV-Cita-Monique-Bosco.png 1080w\" sizes=\"(max-width: 1024px) 100vw, 1024px\" \/><\/figure>\n\n\n\n<blockquote class=\"wp-block-quote has-text-align-center is-style-large is-layout-flow wp-block-quote-is-layout-flow\"><p>\u00abSigue, trabaja, aprende. Y t\u00f3mate tu tiempo. La vida es muy larga\u00bb<\/p><cite>- Monique Bosco<\/cite><\/blockquote>\n\n\n\n<h3 class=\"wp-block-heading\"><em>4. On rit mal des autres quand on ne sait pas d'abord rire de soi-m\u00eame.<\/em><\/h3>\n\n\n\n<figure class=\"wp-block-image size-large is-style-default\"><img loading=\"lazy\" decoding=\"async\" width=\"1024\" height=\"1024\" src=\"https:\/\/annemarieabautret.com\/blog\/wp-content\/uploads\/2023\/06\/LEV-Cita-Paul-Leautaud-1024x1024.png\" alt=\"\" class=\"wp-image-3987\" srcset=\"https:\/\/annemarieabautret.com\/blog\/wp-content\/uploads\/2023\/06\/LEV-Cita-Paul-Leautaud-1024x1024.png 1024w, https:\/\/annemarieabautret.com\/blog\/wp-content\/uploads\/2023\/06\/LEV-Cita-Paul-Leautaud-300x300.png 300w, https:\/\/annemarieabautret.com\/blog\/wp-content\/uploads\/2023\/06\/LEV-Cita-Paul-Leautaud-150x150.png 150w, https:\/\/annemarieabautret.com\/blog\/wp-content\/uploads\/2023\/06\/LEV-Cita-Paul-Leautaud-768x768.png 768w, https:\/\/annemarieabautret.com\/blog\/wp-content\/uploads\/2023\/06\/LEV-Cita-Paul-Leautaud.png 1080w\" sizes=\"(max-width: 1024px) 100vw, 1024px\" \/><\/figure>\n\n\n\n<blockquote class=\"wp-block-quote has-text-align-center is-style-large is-layout-flow wp-block-quote-is-layout-flow\"><p>\u00abNos re\u00edmos mal de los dem\u00e1s cuando no sabemos re\u00edrnos primero de nosotros mismos\u00bb<\/p><cite>- Paul L\u00e9autaud<\/cite><\/blockquote>\n\n\n\n<h4 class=\"wp-block-heading\">Si deseas conocer m\u00e1s frases bellas francesas, as\u00ed como enterarte de nuestros cursos, no te pierdas ninguna de nuestras publicaciones en las redes sociales.&#x1f447;<\/h4>\n\n\n\n<figure class=\"wp-block-image size-large is-style-default\"><a href=\"https:\/\/www.instagram.com\/francesconlencriervert\/\" target=\"_blank\" rel=\"noreferrer noopener\"><img loading=\"lazy\" decoding=\"async\" width=\"1024\" height=\"269\" src=\"https:\/\/annemarieabautret.com\/blog\/wp-content\/uploads\/2021\/06\/LEV-banner-redes-sociales-posts-1024x269.png\" alt=\"\" class=\"wp-image-1227\" srcset=\"https:\/\/annemarieabautret.com\/blog\/wp-content\/uploads\/2021\/06\/LEV-banner-redes-sociales-posts-1024x269.png 1024w, https:\/\/annemarieabautret.com\/blog\/wp-content\/uploads\/2021\/06\/LEV-banner-redes-sociales-posts-300x79.png 300w, https:\/\/annemarieabautret.com\/blog\/wp-content\/uploads\/2021\/06\/LEV-banner-redes-sociales-posts-768x202.png 768w, https:\/\/annemarieabautret.com\/blog\/wp-content\/uploads\/2021\/06\/LEV-banner-redes-sociales-posts.png 1200w\" sizes=\"(max-width: 1024px) 100vw, 1024px\" \/><\/a><\/figure>\n\n\n\n<figure class=\"wp-block-image size-large is-style-default\"><a href=\"https:\/\/www.facebook.com\/LencrierVert\" target=\"_blank\" rel=\"noreferrer noopener\"><img loading=\"lazy\" decoding=\"async\" width=\"1024\" height=\"269\" src=\"https:\/\/annemarieabautret.com\/blog\/wp-content\/uploads\/2021\/06\/LEV-banner-redes-sociales-posts-1-1024x269.png\" alt=\"\" class=\"wp-image-1228\" srcset=\"https:\/\/annemarieabautret.com\/blog\/wp-content\/uploads\/2021\/06\/LEV-banner-redes-sociales-posts-1-1024x269.png 1024w, https:\/\/annemarieabautret.com\/blog\/wp-content\/uploads\/2021\/06\/LEV-banner-redes-sociales-posts-1-300x79.png 300w, https:\/\/annemarieabautret.com\/blog\/wp-content\/uploads\/2021\/06\/LEV-banner-redes-sociales-posts-1-768x202.png 768w, https:\/\/annemarieabautret.com\/blog\/wp-content\/uploads\/2021\/06\/LEV-banner-redes-sociales-posts-1.png 1200w\" sizes=\"(max-width: 1024px) 100vw, 1024px\" \/><\/a><\/figure>\n","protected":false},"excerpt":{"rendered":"<p>Existen cientos de escritores y escritoras de la lengua franc\u00f3fona que se han encargado de llevar al franc\u00e9s a un sitial de honor bastante alto dentro de la literatura mundial. Cada una de sus palabras expresan aquello que nos llena la pasi\u00f3n por la lectura y nos empujan a seguir consumiendo arte en forma de [&hellip;]<\/p>\n","protected":false},"author":1,"featured_media":3988,"comment_status":"open","ping_status":"open","sticky":false,"template":"","format":"standard","meta":{"footnotes":""},"categories":[7],"tags":[197,196,580,729,579,730,24,874,3,4,23,89,220,378,359,394,514,105,461,195,578,445,479,873,875,876],"class_list":["post-3981","post","type-post","status-publish","format-standard","has-post-thumbnail","hentry","category-curiosidades","tag-cita","tag-citas","tag-citas-celebres","tag-citas-en-frances","tag-citas-famosas","tag-citas-francesas","tag-curiosidades","tag-eve-belisle","tag-frances","tag-frances-2","tag-francia","tag-frases","tag-frases-celebres","tag-frases-epicas","tag-frases-famosas","tag-frases-inspiradoras","tag-frases-unicas","tag-literatura","tag-literatura-africana","tag-literatura-francesa","tag-literatura-francofona","tag-literatura-quebequense","tag-literature","tag-madame-de-stael","tag-monique-bosco","tag-paul-leautaud"],"yoast_head":"<!-- This site is optimized with the Yoast SEO plugin v24.6 - https:\/\/yoast.com\/wordpress\/plugins\/seo\/ -->\n<title>Frases bellas francesas: elegancia en palabras<\/title>\n<meta name=\"description\" content=\"Conoce m\u00e1s sobre la escritura gala. Descubre con nosotros frases bellas francesas: elegancia en palabras. C\u2019est parti !\" \/>\n<meta name=\"robots\" content=\"index, follow, max-snippet:-1, max-image-preview:large, max-video-preview:-1\" \/>\n<link rel=\"canonical\" href=\"https:\/\/annemarieabautret.com\/blog\/frases-bellas-francesas-elegancia-en-palabras\/\" \/>\n<meta property=\"og:locale\" content=\"es_ES\" \/>\n<meta property=\"og:type\" content=\"article\" \/>\n<meta property=\"og:title\" content=\"Frases bellas francesas: elegancia en palabras\" \/>\n<meta property=\"og:description\" content=\"Conoce m\u00e1s sobre la escritura gala. Descubre con nosotros frases bellas francesas: elegancia en palabras. C\u2019est parti !\" \/>\n<meta property=\"og:url\" content=\"https:\/\/annemarieabautret.com\/blog\/frases-bellas-francesas-elegancia-en-palabras\/\" \/>\n<meta property=\"og:site_name\" content=\"Anne Marie Abautret\" \/>\n<meta property=\"article:published_time\" content=\"2023-06-24T15:44:47+00:00\" \/>\n<meta property=\"article:modified_time\" content=\"2023-06-24T15:44:49+00:00\" \/>\n<meta property=\"og:image\" content=\"https:\/\/annemarieabautret.com\/blog\/wp-content\/uploads\/2023\/06\/LEV-post-252-Frases-bellas-francesas-elegancia-en-palabras-.png\" \/>\n\t<meta property=\"og:image:width\" content=\"1200\" \/>\n\t<meta property=\"og:image:height\" content=\"630\" \/>\n\t<meta property=\"og:image:type\" content=\"image\/png\" \/>\n<meta name=\"author\" content=\"Bloglencriervert\" \/>\n<meta name=\"twitter:card\" content=\"summary_large_image\" \/>\n<meta name=\"twitter:title\" content=\"Frases bellas francesas: elegancia en palabras\" \/>\n<meta name=\"twitter:image\" content=\"https:\/\/annemarieabautret.com\/blog\/wp-content\/uploads\/2023\/06\/LEV-post-252-Frases-bellas-francesas-elegancia-en-palabras-.png\" \/>\n<meta name=\"twitter:label1\" content=\"Written by\" \/>\n\t<meta name=\"twitter:data1\" content=\"Bloglencriervert\" \/>\n\t<meta name=\"twitter:label2\" content=\"Est. reading time\" \/>\n\t<meta name=\"twitter:data2\" content=\"3 minutos\" \/>\n<script type=\"application\/ld+json\" class=\"yoast-schema-graph\">{\"@context\":\"https:\/\/schema.org\",\"@graph\":[{\"@type\":\"WebPage\",\"@id\":\"https:\/\/annemarieabautret.com\/blog\/frases-bellas-francesas-elegancia-en-palabras\/\",\"url\":\"https:\/\/annemarieabautret.com\/blog\/frases-bellas-francesas-elegancia-en-palabras\/\",\"name\":\"Frases bellas francesas: elegancia en palabras\",\"isPartOf\":{\"@id\":\"https:\/\/annemarieabautret.com\/blog\/#website\"},\"primaryImageOfPage\":{\"@id\":\"https:\/\/annemarieabautret.com\/blog\/frases-bellas-francesas-elegancia-en-palabras\/#primaryimage\"},\"image\":{\"@id\":\"https:\/\/annemarieabautret.com\/blog\/frases-bellas-francesas-elegancia-en-palabras\/#primaryimage\"},\"thumbnailUrl\":\"https:\/\/annemarieabautret.com\/blog\/wp-content\/uploads\/2023\/06\/LEV-post-252-Frases-bellas-francesas-elegancia-en-palabras-.png\",\"datePublished\":\"2023-06-24T15:44:47+00:00\",\"dateModified\":\"2023-06-24T15:44:49+00:00\",\"author\":{\"@id\":\"https:\/\/annemarieabautret.com\/blog\/#\/schema\/person\/67f969769283a1cac966eb4824469e7b\"},\"description\":\"Conoce m\u00e1s sobre la escritura gala. Descubre con nosotros frases bellas francesas: elegancia en palabras. C\u2019est parti !\",\"breadcrumb\":{\"@id\":\"https:\/\/annemarieabautret.com\/blog\/frases-bellas-francesas-elegancia-en-palabras\/#breadcrumb\"},\"inLanguage\":\"es-PE\",\"potentialAction\":[{\"@type\":\"ReadAction\",\"target\":[\"https:\/\/annemarieabautret.com\/blog\/frases-bellas-francesas-elegancia-en-palabras\/\"]}]},{\"@type\":\"ImageObject\",\"inLanguage\":\"es-PE\",\"@id\":\"https:\/\/annemarieabautret.com\/blog\/frases-bellas-francesas-elegancia-en-palabras\/#primaryimage\",\"url\":\"https:\/\/annemarieabautret.com\/blog\/wp-content\/uploads\/2023\/06\/LEV-post-252-Frases-bellas-francesas-elegancia-en-palabras-.png\",\"contentUrl\":\"https:\/\/annemarieabautret.com\/blog\/wp-content\/uploads\/2023\/06\/LEV-post-252-Frases-bellas-francesas-elegancia-en-palabras-.png\",\"width\":1200,\"height\":630},{\"@type\":\"BreadcrumbList\",\"@id\":\"https:\/\/annemarieabautret.com\/blog\/frases-bellas-francesas-elegancia-en-palabras\/#breadcrumb\",\"itemListElement\":[{\"@type\":\"ListItem\",\"position\":1,\"name\":\"Home\",\"item\":\"https:\/\/annemarieabautret.com\/blog\/\"},{\"@type\":\"ListItem\",\"position\":2,\"name\":\"Frases bellas francesas: elegancia en palabras\"}]},{\"@type\":\"WebSite\",\"@id\":\"https:\/\/annemarieabautret.com\/blog\/#website\",\"url\":\"https:\/\/annemarieabautret.com\/blog\/\",\"name\":\"Anne Marie Abautret\",\"description\":\"\u00a1Conoce el maravilloso mundo franc\u00f3fono con L&#039;encrier vert!\",\"potentialAction\":[{\"@type\":\"SearchAction\",\"target\":{\"@type\":\"EntryPoint\",\"urlTemplate\":\"https:\/\/annemarieabautret.com\/blog\/?s={search_term_string}\"},\"query-input\":{\"@type\":\"PropertyValueSpecification\",\"valueRequired\":true,\"valueName\":\"search_term_string\"}}],\"inLanguage\":\"es-PE\"},{\"@type\":\"Person\",\"@id\":\"https:\/\/annemarieabautret.com\/blog\/#\/schema\/person\/67f969769283a1cac966eb4824469e7b\",\"name\":\"Bloglencriervert\",\"image\":{\"@type\":\"ImageObject\",\"inLanguage\":\"es-PE\",\"@id\":\"https:\/\/annemarieabautret.com\/blog\/#\/schema\/person\/image\/\",\"url\":\"https:\/\/secure.gravatar.com\/avatar\/1b125fe84bb43db37171ca15c37bc658?s=96&d=mm&r=g\",\"contentUrl\":\"https:\/\/secure.gravatar.com\/avatar\/1b125fe84bb43db37171ca15c37bc658?s=96&d=mm&r=g\",\"caption\":\"Bloglencriervert\"},\"url\":\"https:\/\/annemarieabautret.com\/blog\/author\/anneblog\/\"}]}<\/script>\n<!-- \/ Yoast SEO plugin. -->","yoast_head_json":{"title":"Frases bellas francesas: elegancia en palabras","description":"Conoce m\u00e1s sobre la escritura gala. Descubre con nosotros frases bellas francesas: elegancia en palabras. C\u2019est parti !","robots":{"index":"index","follow":"follow","max-snippet":"max-snippet:-1","max-image-preview":"max-image-preview:large","max-video-preview":"max-video-preview:-1"},"canonical":"https:\/\/annemarieabautret.com\/blog\/frases-bellas-francesas-elegancia-en-palabras\/","og_locale":"es_ES","og_type":"article","og_title":"Frases bellas francesas: elegancia en palabras","og_description":"Conoce m\u00e1s sobre la escritura gala. Descubre con nosotros frases bellas francesas: elegancia en palabras. C\u2019est parti !","og_url":"https:\/\/annemarieabautret.com\/blog\/frases-bellas-francesas-elegancia-en-palabras\/","og_site_name":"Anne Marie Abautret","article_published_time":"2023-06-24T15:44:47+00:00","article_modified_time":"2023-06-24T15:44:49+00:00","og_image":[{"width":1200,"height":630,"url":"https:\/\/annemarieabautret.com\/blog\/wp-content\/uploads\/2023\/06\/LEV-post-252-Frases-bellas-francesas-elegancia-en-palabras-.png","type":"image\/png"}],"author":"Bloglencriervert","twitter_card":"summary_large_image","twitter_title":"Frases bellas francesas: elegancia en palabras","twitter_image":"https:\/\/annemarieabautret.com\/blog\/wp-content\/uploads\/2023\/06\/LEV-post-252-Frases-bellas-francesas-elegancia-en-palabras-.png","twitter_misc":{"Written by":"Bloglencriervert","Est. reading time":"3 minutos"},"schema":{"@context":"https:\/\/schema.org","@graph":[{"@type":"WebPage","@id":"https:\/\/annemarieabautret.com\/blog\/frases-bellas-francesas-elegancia-en-palabras\/","url":"https:\/\/annemarieabautret.com\/blog\/frases-bellas-francesas-elegancia-en-palabras\/","name":"Frases bellas francesas: elegancia en palabras","isPartOf":{"@id":"https:\/\/annemarieabautret.com\/blog\/#website"},"primaryImageOfPage":{"@id":"https:\/\/annemarieabautret.com\/blog\/frases-bellas-francesas-elegancia-en-palabras\/#primaryimage"},"image":{"@id":"https:\/\/annemarieabautret.com\/blog\/frases-bellas-francesas-elegancia-en-palabras\/#primaryimage"},"thumbnailUrl":"https:\/\/annemarieabautret.com\/blog\/wp-content\/uploads\/2023\/06\/LEV-post-252-Frases-bellas-francesas-elegancia-en-palabras-.png","datePublished":"2023-06-24T15:44:47+00:00","dateModified":"2023-06-24T15:44:49+00:00","author":{"@id":"https:\/\/annemarieabautret.com\/blog\/#\/schema\/person\/67f969769283a1cac966eb4824469e7b"},"description":"Conoce m\u00e1s sobre la escritura gala. Descubre con nosotros frases bellas francesas: elegancia en palabras. C\u2019est parti !","breadcrumb":{"@id":"https:\/\/annemarieabautret.com\/blog\/frases-bellas-francesas-elegancia-en-palabras\/#breadcrumb"},"inLanguage":"es-PE","potentialAction":[{"@type":"ReadAction","target":["https:\/\/annemarieabautret.com\/blog\/frases-bellas-francesas-elegancia-en-palabras\/"]}]},{"@type":"ImageObject","inLanguage":"es-PE","@id":"https:\/\/annemarieabautret.com\/blog\/frases-bellas-francesas-elegancia-en-palabras\/#primaryimage","url":"https:\/\/annemarieabautret.com\/blog\/wp-content\/uploads\/2023\/06\/LEV-post-252-Frases-bellas-francesas-elegancia-en-palabras-.png","contentUrl":"https:\/\/annemarieabautret.com\/blog\/wp-content\/uploads\/2023\/06\/LEV-post-252-Frases-bellas-francesas-elegancia-en-palabras-.png","width":1200,"height":630},{"@type":"BreadcrumbList","@id":"https:\/\/annemarieabautret.com\/blog\/frases-bellas-francesas-elegancia-en-palabras\/#breadcrumb","itemListElement":[{"@type":"ListItem","position":1,"name":"Home","item":"https:\/\/annemarieabautret.com\/blog\/"},{"@type":"ListItem","position":2,"name":"Frases bellas francesas: elegancia en palabras"}]},{"@type":"WebSite","@id":"https:\/\/annemarieabautret.com\/blog\/#website","url":"https:\/\/annemarieabautret.com\/blog\/","name":"Anne Marie Abautret","description":"\u00a1Conoce el maravilloso mundo franc\u00f3fono con L&#039;encrier vert!","potentialAction":[{"@type":"SearchAction","target":{"@type":"EntryPoint","urlTemplate":"https:\/\/annemarieabautret.com\/blog\/?s={search_term_string}"},"query-input":{"@type":"PropertyValueSpecification","valueRequired":true,"valueName":"search_term_string"}}],"inLanguage":"es-PE"},{"@type":"Person","@id":"https:\/\/annemarieabautret.com\/blog\/#\/schema\/person\/67f969769283a1cac966eb4824469e7b","name":"Bloglencriervert","image":{"@type":"ImageObject","inLanguage":"es-PE","@id":"https:\/\/annemarieabautret.com\/blog\/#\/schema\/person\/image\/","url":"https:\/\/secure.gravatar.com\/avatar\/1b125fe84bb43db37171ca15c37bc658?s=96&d=mm&r=g","contentUrl":"https:\/\/secure.gravatar.com\/avatar\/1b125fe84bb43db37171ca15c37bc658?s=96&d=mm&r=g","caption":"Bloglencriervert"},"url":"https:\/\/annemarieabautret.com\/blog\/author\/anneblog\/"}]}},"amp_enabled":true,"_links":{"self":[{"href":"https:\/\/annemarieabautret.com\/blog\/wp-json\/wp\/v2\/posts\/3981"}],"collection":[{"href":"https:\/\/annemarieabautret.com\/blog\/wp-json\/wp\/v2\/posts"}],"about":[{"href":"https:\/\/annemarieabautret.com\/blog\/wp-json\/wp\/v2\/types\/post"}],"author":[{"embeddable":true,"href":"https:\/\/annemarieabautret.com\/blog\/wp-json\/wp\/v2\/users\/1"}],"replies":[{"embeddable":true,"href":"https:\/\/annemarieabautret.com\/blog\/wp-json\/wp\/v2\/comments?post=3981"}],"version-history":[{"count":2,"href":"https:\/\/annemarieabautret.com\/blog\/wp-json\/wp\/v2\/posts\/3981\/revisions"}],"predecessor-version":[{"id":3990,"href":"https:\/\/annemarieabautret.com\/blog\/wp-json\/wp\/v2\/posts\/3981\/revisions\/3990"}],"wp:featuredmedia":[{"embeddable":true,"href":"https:\/\/annemarieabautret.com\/blog\/wp-json\/wp\/v2\/media\/3988"}],"wp:attachment":[{"href":"https:\/\/annemarieabautret.com\/blog\/wp-json\/wp\/v2\/media?parent=3981"}],"wp:term":[{"taxonomy":"category","embeddable":true,"href":"https:\/\/annemarieabautret.com\/blog\/wp-json\/wp\/v2\/categories?post=3981"},{"taxonomy":"post_tag","embeddable":true,"href":"https:\/\/annemarieabautret.com\/blog\/wp-json\/wp\/v2\/tags?post=3981"}],"curies":[{"name":"wp","href":"https:\/\/api.w.org\/{rel}","templated":true}]}}