{"id":4050,"date":"2023-07-24T13:13:34","date_gmt":"2023-07-24T18:13:34","guid":{"rendered":"https:\/\/annemarieabautret.com\/blog\/?p=4050"},"modified":"2023-07-24T13:13:35","modified_gmt":"2023-07-24T18:13:35","slug":"peliculas-en-tv5monde-para-practicar-frances-links","status":"publish","type":"post","link":"https:\/\/annemarieabautret.com\/blog\/peliculas-en-tv5monde-para-practicar-frances-links\/","title":{"rendered":"Pel\u00edculas en TV5Monde+ para practicar franc\u00e9s (+links)"},"content":{"rendered":"\n<p>\u00bfQuieres mejorar tus habilidades en franc\u00e9s mientras disfrutas de entretenimiento de calidad? \u00a1No busques m\u00e1s! Sumergirse en el mundo del cine franc\u00f3fono es una estrategia l\u00fadica y efectiva para mejorar la comprensi\u00f3n auditiva, la pronunciaci\u00f3n y el vocabulario, adem\u00e1s de sumergirse en la rica cultura de la lengua francesa. Descubre c\u00f3mo estas pel\u00edculas pueden convertirse en tu aliado ling\u00fc\u00edstico y abrir las puertas a un aprendizaje enriquecedor y ameno. Prep\u00e1rate para embarcarte en un viaje cinematogr\u00e1fico mientras perfeccionas la lengua gala. \u00a1Mira pel\u00edculas en TV5Monde+ para practicar franc\u00e9s!<\/p>\n\n\n\n<figure class=\"wp-block-image size-large is-style-default\"><img loading=\"lazy\" decoding=\"async\" width=\"1024\" height=\"538\" src=\"https:\/\/annemarieabautret.com\/blog\/wp-content\/uploads\/2023\/07\/1-2-1024x538.png\" alt=\"Pel\u00edculas en TV5Monde+ para practicar franc\u00e9s (+links) \" class=\"wp-image-4052\" srcset=\"https:\/\/annemarieabautret.com\/blog\/wp-content\/uploads\/2023\/07\/1-2-1024x538.png 1024w, https:\/\/annemarieabautret.com\/blog\/wp-content\/uploads\/2023\/07\/1-2-300x158.png 300w, https:\/\/annemarieabautret.com\/blog\/wp-content\/uploads\/2023\/07\/1-2-768x403.png 768w, https:\/\/annemarieabautret.com\/blog\/wp-content\/uploads\/2023\/07\/1-2.png 1200w\" sizes=\"(max-width: 1024px) 100vw, 1024px\" \/><\/figure>\n\n\n\n<p>Cuando utilices este recurso, haz lo siguiente para que sepas aprovecharlo de la mejor manera:<\/p>\n\n\n\n<ul class=\"wp-block-list\"><li>Pon el audio en franc\u00e9s original.<\/li><li>Activa los subt\u00edtulos en espa\u00f1ol.<\/li><li>Para una segunda vista, puedes poner los subt\u00edtulos en franc\u00e9s.<\/li><li>Ve la pel\u00edcula varias veces.<\/li><li>Apunta las expresiones que te hayan parecido curiosas y divertidas.<\/li><li>Repite las frases leyendo los subt\u00edtulos para mejorar tu pronunciaci\u00f3n y acento.<\/li><\/ul>\n\n\n\n<p>En esta vig\u00e9simo sexta entrega de pelis en TV5Monde+ para practicar franc\u00e9s, \u00a1te mostraremos 3 recomendaciones para que te diviertas mientras aprendes!<\/p>\n\n\n\n<figure class=\"wp-block-image size-full is-style-default\"><a href=\"https:\/\/www.instagram.com\/francesconlencriervert\/\" target=\"_blank\" rel=\"noreferrer noopener\"><img loading=\"lazy\" decoding=\"async\" width=\"600\" height=\"156\" src=\"https:\/\/annemarieabautret.com\/blog\/wp-content\/uploads\/2022\/04\/LEV-Banner-Promo-Todos-los-niveles.gif\" alt=\"\" class=\"wp-image-2922\"\/><\/a><\/figure>\n\n\n\n<h2 class=\"wp-block-heading\">\u00c9l\u00e9onore (2020)<\/h2>\n\n\n\n<p>\u00ab\u00c9l\u00e9onore\u00bb es una comedia rom\u00e1ntica dram\u00e1tica francesa protagonizada por Nora Hamzawi y Andr\u00e9 Marcon, y escrita y dirigida por Amro Hamzawi. &#x1f1eb;&#x1f1f7; &#x1f3ac;<\/p>\n\n\n\n<p>La historia gira alrededor de \u00c9l\u00e9onore, una chica parisina treinta\u00f1era sin empleo, sin pareja estable y cuyos sue\u00f1os de convertirse en escritora est\u00e1n pr\u00e1cticamente pulverizados por los constantes rechazos a su novela. &#x1f614;<\/p>\n\n\n\n<figure class=\"wp-block-image size-large is-style-default\"><img loading=\"lazy\" decoding=\"async\" width=\"1024\" height=\"538\" src=\"https:\/\/annemarieabautret.com\/blog\/wp-content\/uploads\/2023\/07\/2-2-1024x538.png\" alt=\"Pel\u00edculas en TV5Monde+ para practicar franc\u00e9s (+links) \" class=\"wp-image-4053\" srcset=\"https:\/\/annemarieabautret.com\/blog\/wp-content\/uploads\/2023\/07\/2-2-1024x538.png 1024w, https:\/\/annemarieabautret.com\/blog\/wp-content\/uploads\/2023\/07\/2-2-300x158.png 300w, https:\/\/annemarieabautret.com\/blog\/wp-content\/uploads\/2023\/07\/2-2-768x403.png 768w, https:\/\/annemarieabautret.com\/blog\/wp-content\/uploads\/2023\/07\/2-2.png 1200w\" sizes=\"(max-width: 1024px) 100vw, 1024px\" \/><\/figure>\n\n\n\n<p>Entonces, \u00c9l\u00e9onore, que est\u00e1 un poco cansada de culparse y de no sentirse a la altura, acepta la ayuda de su madre cuando esta le consigue una entrevista de trabajo para un puesto de asistente en una editorial de novelas er\u00f3ticas. &#x1f975;<\/p>\n\n\n\n<p>Ya con el trabajo en sus manos, y con su madre y hermana empuj\u00e1ndola a relacionarse con Lucas, el due\u00f1o de una start-up de comidas a domicilio, \u00c9l\u00e9onore se ver\u00e1 obligada a cambiar todo lo que es para encajar con la sociedad e intentar\u00e1 tener \u00e9xito en la (muchas veces) dif\u00edcil b\u00fasqueda de la felicidad. &#x1f615;&nbsp;&nbsp;&nbsp;<\/p>\n\n\n\n<p>Si deseas ver la pel\u00edcula en TV5Monde+, haz clic<strong><em> <a href=\"https:\/\/bit.ly\/3mbJWf7\">aqu\u00ed<\/a><\/em><\/strong>.<\/p>\n\n\n\n<h2 class=\"wp-block-heading\"><em><strong><mark style=\"background-color:rgba(0, 0, 0, 0)\" class=\"has-inline-color has-vivid-red-color\">Mira tambi\u00e9n<\/mark><\/strong>: <a href=\"https:\/\/annemarieabautret.com\/blog\/peliculas-en-netflix-para-practicar-frances\/\">Pel\u00edculas en Netflix para practicar franc\u00e9s<\/a><\/em><\/h2>\n\n\n\n<h2 class=\"wp-block-heading\">Origami (2017)<\/h2>\n\n\n\n<p>\u00abOrigami\u00bb es una pel\u00edcula de suspenso y ciencia ficci\u00f3n canadiense protagonizada por Fran\u00e7ois Arnaud, Milton Tanaka y Normand D'Amour, y dirigida por Patrick Demers. &#x1f1e8;&#x1f1e6;&#x1f3ac;<\/p>\n\n\n\n<p>La historia gira alrededor de David, un curador de obras de arte quien, despu\u00e9s de experimentar un trauma luego de un tr\u00e1gico evento, descubre que tiene la capacidad de viajar en el tiempo por cuenta propia. Con la ayuda de un cient\u00edfico japon\u00e9s, intentar\u00e1 entender c\u00f3mo controlar esta extra\u00f1a habilidad ps\u00edquica y qu\u00e9 puede aportarle a su vida. &#x23f3;&#x2b05;&#xfe0f;<\/p>\n\n\n\n<figure class=\"wp-block-image size-large is-style-default\"><img loading=\"lazy\" decoding=\"async\" width=\"1024\" height=\"538\" src=\"https:\/\/annemarieabautret.com\/blog\/wp-content\/uploads\/2023\/07\/3-2-1024x538.png\" alt=\"Pel\u00edculas en TV5Monde+ para practicar franc\u00e9s (+links) \" class=\"wp-image-4054\" srcset=\"https:\/\/annemarieabautret.com\/blog\/wp-content\/uploads\/2023\/07\/3-2-1024x538.png 1024w, https:\/\/annemarieabautret.com\/blog\/wp-content\/uploads\/2023\/07\/3-2-300x158.png 300w, https:\/\/annemarieabautret.com\/blog\/wp-content\/uploads\/2023\/07\/3-2-768x403.png 768w, https:\/\/annemarieabautret.com\/blog\/wp-content\/uploads\/2023\/07\/3-2.png 1200w\" sizes=\"(max-width: 1024px) 100vw, 1024px\" \/><\/figure>\n\n\n\n<p>David debe regresar a un momento muy preciso, un momento en el que todo cambi\u00f3 y que cambi\u00f3 dr\u00e1sticamente el rumbo de su existencia, bajo la constante atenci\u00f3n de su preocupado padre, todo esto mientras se enfrenta a su propia l\u00ednea de tiempo deconstruida. &#x1f623;<\/p>\n\n\n\n<p>Si deseas ver la pel\u00edcula en TV5Monde+, haz clic<em><strong> <a href=\"https:\/\/bit.ly\/3mCbLgM\">aqu\u00ed<\/a><\/strong><\/em>.<\/p>\n\n\n\n<figure class=\"wp-block-image size-full is-style-default\"><a href=\"https:\/\/lencriervert.ipzmarketing.com\/f\/91JeVcYCQZA\" target=\"_blank\" rel=\"noreferrer noopener\"><img loading=\"lazy\" decoding=\"async\" width=\"600\" height=\"156\" src=\"https:\/\/annemarieabautret.com\/blog\/wp-content\/uploads\/2022\/02\/Hnet.com-image.gif\" alt=\"\" class=\"wp-image-2648\"\/><\/a><\/figure>\n\n\n\n<h2 class=\"wp-block-heading\">La Prunelle de mes yeux (2015)<\/h2>\n\n\n\n<p>\u00abLa Prunelle de mes yeux\u00bb es una comedia rom\u00e1ntica francesa protagonizada por M\u00e9lanie Bernier y Bastien Bouillon, y escrita y dirigida por Axelle Ropert. &#x1f1eb;&#x1f1f7;&#x1f3ac;<\/p>\n\n\n\n<p>La historia gira alrededor de Th\u00e9o, quien conoce a Elise. Los dos viven en el mismo edificio y comparten una pasi\u00f3n \u00fanica por la m\u00fasica, as\u00ed como una vida marcada por lo que la sociedad com\u00fanmente define como \u201cdiversidad\u201d: Elise es ciega, (aunque Th\u00e9o no se da cuenta de ello de inmediato), y Th\u00e9o quiere ser un buen m\u00fasico, aunque le falte talento. &#x1f46b;<\/p>\n\n\n\n<figure class=\"wp-block-image size-large is-style-default\"><img loading=\"lazy\" decoding=\"async\" width=\"1024\" height=\"538\" src=\"https:\/\/annemarieabautret.com\/blog\/wp-content\/uploads\/2023\/07\/4-3-1024x538.png\" alt=\"Pel\u00edculas en TV5Monde+ para practicar franc\u00e9s (+links) \" class=\"wp-image-4055\" srcset=\"https:\/\/annemarieabautret.com\/blog\/wp-content\/uploads\/2023\/07\/4-3-1024x538.png 1024w, https:\/\/annemarieabautret.com\/blog\/wp-content\/uploads\/2023\/07\/4-3-300x158.png 300w, https:\/\/annemarieabautret.com\/blog\/wp-content\/uploads\/2023\/07\/4-3-768x403.png 768w, https:\/\/annemarieabautret.com\/blog\/wp-content\/uploads\/2023\/07\/4-3.png 1200w\" sizes=\"(max-width: 1024px) 100vw, 1024px\" \/><\/figure>\n\n\n\n<p>Ambos forman parte de una generaci\u00f3n complicada que debe plantar cara de la mejor manera posible a un futuro cada vez m\u00e1s incierto. Su primer encuentro, en el ascensor, es, por decir lo menos, catastr\u00f3fico. Es odio a primera vista, pero el odio lleva al amor y una rid\u00edcula excusa (o m\u00e1s bien, una mentira) los va acercando poco a poco, pero, \u00bfa qu\u00e9 precio? &#x1f633;<\/p>\n\n\n\n<p>Si deseas ver la pel\u00edcula, haz clic <a href=\"https:\/\/bit.ly\/3nyg0KY\"><em><strong>aqu\u00ed<\/strong><\/em><\/a>.<\/p>\n\n\n\n<h4 class=\"wp-block-heading\">Si deseas conocer m\u00e1s pel\u00edculas en TV5Monde+ para practicar franc\u00e9s, as\u00ed como sobre nuestros cursos, no te pierdas ninguna de nuestras publicaciones en las redes sociales. &#x1f447;<\/h4>\n\n\n\n<figure class=\"wp-block-image size-large is-style-default\"><a href=\"https:\/\/www.instagram.com\/francesconlencriervert\/\" target=\"_blank\" rel=\"noreferrer noopener\"><img loading=\"lazy\" decoding=\"async\" width=\"1024\" height=\"269\" src=\"https:\/\/annemarieabautret.com\/blog\/wp-content\/uploads\/2021\/06\/LEV-banner-redes-sociales-posts-1024x269.png\" alt=\"\" class=\"wp-image-1227\" srcset=\"https:\/\/annemarieabautret.com\/blog\/wp-content\/uploads\/2021\/06\/LEV-banner-redes-sociales-posts-1024x269.png 1024w, https:\/\/annemarieabautret.com\/blog\/wp-content\/uploads\/2021\/06\/LEV-banner-redes-sociales-posts-300x79.png 300w, https:\/\/annemarieabautret.com\/blog\/wp-content\/uploads\/2021\/06\/LEV-banner-redes-sociales-posts-768x202.png 768w, https:\/\/annemarieabautret.com\/blog\/wp-content\/uploads\/2021\/06\/LEV-banner-redes-sociales-posts.png 1200w\" sizes=\"(max-width: 1024px) 100vw, 1024px\" \/><\/a><\/figure>\n\n\n\n<figure class=\"wp-block-image size-large is-style-default\"><a href=\"https:\/\/www.facebook.com\/LencrierVert\" target=\"_blank\" rel=\"noreferrer noopener\"><img loading=\"lazy\" decoding=\"async\" width=\"1024\" height=\"269\" src=\"https:\/\/annemarieabautret.com\/blog\/wp-content\/uploads\/2021\/06\/LEV-banner-redes-sociales-posts-1-1024x269.png\" alt=\"\" class=\"wp-image-1228\" srcset=\"https:\/\/annemarieabautret.com\/blog\/wp-content\/uploads\/2021\/06\/LEV-banner-redes-sociales-posts-1-1024x269.png 1024w, https:\/\/annemarieabautret.com\/blog\/wp-content\/uploads\/2021\/06\/LEV-banner-redes-sociales-posts-1-300x79.png 300w, https:\/\/annemarieabautret.com\/blog\/wp-content\/uploads\/2021\/06\/LEV-banner-redes-sociales-posts-1-768x202.png 768w, https:\/\/annemarieabautret.com\/blog\/wp-content\/uploads\/2021\/06\/LEV-banner-redes-sociales-posts-1.png 1200w\" sizes=\"(max-width: 1024px) 100vw, 1024px\" \/><\/a><\/figure>\n","protected":false},"excerpt":{"rendered":"<p>\u00bfQuieres mejorar tus habilidades en franc\u00e9s mientras disfrutas de entretenimiento de calidad? \u00a1No busques m\u00e1s! Sumergirse en el mundo del cine franc\u00f3fono es una estrategia l\u00fadica y efectiva para mejorar la comprensi\u00f3n auditiva, la pronunciaci\u00f3n y el vocabulario, adem\u00e1s de sumergirse en la rica cultura de la lengua francesa. Descubre c\u00f3mo estas pel\u00edculas pueden convertirse [&hellip;]<\/p>\n","protected":false},"author":1,"featured_media":4052,"comment_status":"open","ping_status":"open","sticky":false,"template":"","format":"standard","meta":{"footnotes":""},"categories":[11],"tags":[900,3,4,23,902,901,373,899,49,207,47,102,468,103],"class_list":["post-4050","post","type-post","status-publish","format-standard","has-post-thumbnail","hentry","category-recursos-para-practicar-frances","tag-eleonore","tag-frances","tag-frances-2","tag-francia","tag-la-prunelle-de-mes-yeux","tag-origami","tag-pelicula","tag-peliculas-2","tag-peliculas","tag-peliculas-francesas","tag-series-y-peliculas","tag-tv5monde","tag-tv5monde-2","tag-tv5mondeplus"],"yoast_head":"<!-- This site is optimized with the Yoast SEO plugin v24.6 - https:\/\/yoast.com\/wordpress\/plugins\/seo\/ -->\n<title>Pel\u00edculas en TV5Monde+ para practicar franc\u00e9s (+links)<\/title>\n<meta name=\"description\" content=\"Emb\u00e1rcate en un viaje cinematogr\u00e1fico mientras perfeccionas la lengua gala. \u00a1Mira pel\u00edculas en TV5Monde+ para practicar franc\u00e9s!\" \/>\n<meta name=\"robots\" content=\"index, follow, max-snippet:-1, max-image-preview:large, max-video-preview:-1\" \/>\n<link rel=\"canonical\" href=\"https:\/\/annemarieabautret.com\/blog\/peliculas-en-tv5monde-para-practicar-frances-links\/\" \/>\n<meta property=\"og:locale\" content=\"es_ES\" \/>\n<meta property=\"og:type\" content=\"article\" \/>\n<meta property=\"og:title\" content=\"Pel\u00edculas en TV5Monde+ para practicar franc\u00e9s (+links)\" \/>\n<meta property=\"og:description\" content=\"Emb\u00e1rcate en un viaje cinematogr\u00e1fico mientras perfeccionas la lengua gala. \u00a1Mira pel\u00edculas en TV5Monde+ para practicar franc\u00e9s!\" \/>\n<meta property=\"og:url\" content=\"https:\/\/annemarieabautret.com\/blog\/peliculas-en-tv5monde-para-practicar-frances-links\/\" \/>\n<meta property=\"og:site_name\" content=\"Anne Marie Abautret\" \/>\n<meta property=\"article:published_time\" content=\"2023-07-24T18:13:34+00:00\" \/>\n<meta property=\"article:modified_time\" content=\"2023-07-24T18:13:35+00:00\" \/>\n<meta property=\"og:image\" content=\"https:\/\/annemarieabautret.com\/blog\/wp-content\/uploads\/2023\/07\/1-2.png\" \/>\n\t<meta property=\"og:image:width\" content=\"1200\" \/>\n\t<meta property=\"og:image:height\" content=\"630\" \/>\n\t<meta property=\"og:image:type\" content=\"image\/png\" \/>\n<meta name=\"author\" content=\"Bloglencriervert\" \/>\n<meta name=\"twitter:card\" content=\"summary_large_image\" \/>\n<meta name=\"twitter:title\" content=\"Pel\u00edculas en TV5Monde+ para practicar franc\u00e9s (+links)\" \/>\n<meta name=\"twitter:image\" content=\"https:\/\/annemarieabautret.com\/blog\/wp-content\/uploads\/2023\/07\/1-2.png\" \/>\n<meta name=\"twitter:label1\" content=\"Written by\" \/>\n\t<meta name=\"twitter:data1\" content=\"Bloglencriervert\" \/>\n\t<meta name=\"twitter:label2\" content=\"Est. reading time\" \/>\n\t<meta name=\"twitter:data2\" content=\"5 minutos\" \/>\n<script type=\"application\/ld+json\" class=\"yoast-schema-graph\">{\"@context\":\"https:\/\/schema.org\",\"@graph\":[{\"@type\":\"WebPage\",\"@id\":\"https:\/\/annemarieabautret.com\/blog\/peliculas-en-tv5monde-para-practicar-frances-links\/\",\"url\":\"https:\/\/annemarieabautret.com\/blog\/peliculas-en-tv5monde-para-practicar-frances-links\/\",\"name\":\"Pel\u00edculas en TV5Monde+ para practicar franc\u00e9s (+links)\",\"isPartOf\":{\"@id\":\"https:\/\/annemarieabautret.com\/blog\/#website\"},\"primaryImageOfPage\":{\"@id\":\"https:\/\/annemarieabautret.com\/blog\/peliculas-en-tv5monde-para-practicar-frances-links\/#primaryimage\"},\"image\":{\"@id\":\"https:\/\/annemarieabautret.com\/blog\/peliculas-en-tv5monde-para-practicar-frances-links\/#primaryimage\"},\"thumbnailUrl\":\"https:\/\/annemarieabautret.com\/blog\/wp-content\/uploads\/2023\/07\/1-2.png\",\"datePublished\":\"2023-07-24T18:13:34+00:00\",\"dateModified\":\"2023-07-24T18:13:35+00:00\",\"author\":{\"@id\":\"https:\/\/annemarieabautret.com\/blog\/#\/schema\/person\/67f969769283a1cac966eb4824469e7b\"},\"description\":\"Emb\u00e1rcate en un viaje cinematogr\u00e1fico mientras perfeccionas la lengua gala. \u00a1Mira pel\u00edculas en TV5Monde+ para practicar franc\u00e9s!\",\"breadcrumb\":{\"@id\":\"https:\/\/annemarieabautret.com\/blog\/peliculas-en-tv5monde-para-practicar-frances-links\/#breadcrumb\"},\"inLanguage\":\"es-PE\",\"potentialAction\":[{\"@type\":\"ReadAction\",\"target\":[\"https:\/\/annemarieabautret.com\/blog\/peliculas-en-tv5monde-para-practicar-frances-links\/\"]}]},{\"@type\":\"ImageObject\",\"inLanguage\":\"es-PE\",\"@id\":\"https:\/\/annemarieabautret.com\/blog\/peliculas-en-tv5monde-para-practicar-frances-links\/#primaryimage\",\"url\":\"https:\/\/annemarieabautret.com\/blog\/wp-content\/uploads\/2023\/07\/1-2.png\",\"contentUrl\":\"https:\/\/annemarieabautret.com\/blog\/wp-content\/uploads\/2023\/07\/1-2.png\",\"width\":1200,\"height\":630},{\"@type\":\"BreadcrumbList\",\"@id\":\"https:\/\/annemarieabautret.com\/blog\/peliculas-en-tv5monde-para-practicar-frances-links\/#breadcrumb\",\"itemListElement\":[{\"@type\":\"ListItem\",\"position\":1,\"name\":\"Home\",\"item\":\"https:\/\/annemarieabautret.com\/blog\/\"},{\"@type\":\"ListItem\",\"position\":2,\"name\":\"Pel\u00edculas en TV5Monde+ para practicar franc\u00e9s (+links)\"}]},{\"@type\":\"WebSite\",\"@id\":\"https:\/\/annemarieabautret.com\/blog\/#website\",\"url\":\"https:\/\/annemarieabautret.com\/blog\/\",\"name\":\"Anne Marie Abautret\",\"description\":\"\u00a1Conoce el maravilloso mundo franc\u00f3fono con L&#039;encrier vert!\",\"potentialAction\":[{\"@type\":\"SearchAction\",\"target\":{\"@type\":\"EntryPoint\",\"urlTemplate\":\"https:\/\/annemarieabautret.com\/blog\/?s={search_term_string}\"},\"query-input\":{\"@type\":\"PropertyValueSpecification\",\"valueRequired\":true,\"valueName\":\"search_term_string\"}}],\"inLanguage\":\"es-PE\"},{\"@type\":\"Person\",\"@id\":\"https:\/\/annemarieabautret.com\/blog\/#\/schema\/person\/67f969769283a1cac966eb4824469e7b\",\"name\":\"Bloglencriervert\",\"image\":{\"@type\":\"ImageObject\",\"inLanguage\":\"es-PE\",\"@id\":\"https:\/\/annemarieabautret.com\/blog\/#\/schema\/person\/image\/\",\"url\":\"https:\/\/secure.gravatar.com\/avatar\/1b125fe84bb43db37171ca15c37bc658?s=96&d=mm&r=g\",\"contentUrl\":\"https:\/\/secure.gravatar.com\/avatar\/1b125fe84bb43db37171ca15c37bc658?s=96&d=mm&r=g\",\"caption\":\"Bloglencriervert\"},\"url\":\"https:\/\/annemarieabautret.com\/blog\/author\/anneblog\/\"}]}<\/script>\n<!-- \/ Yoast SEO plugin. -->","yoast_head_json":{"title":"Pel\u00edculas en TV5Monde+ para practicar franc\u00e9s (+links)","description":"Emb\u00e1rcate en un viaje cinematogr\u00e1fico mientras perfeccionas la lengua gala. \u00a1Mira pel\u00edculas en TV5Monde+ para practicar franc\u00e9s!","robots":{"index":"index","follow":"follow","max-snippet":"max-snippet:-1","max-image-preview":"max-image-preview:large","max-video-preview":"max-video-preview:-1"},"canonical":"https:\/\/annemarieabautret.com\/blog\/peliculas-en-tv5monde-para-practicar-frances-links\/","og_locale":"es_ES","og_type":"article","og_title":"Pel\u00edculas en TV5Monde+ para practicar franc\u00e9s (+links)","og_description":"Emb\u00e1rcate en un viaje cinematogr\u00e1fico mientras perfeccionas la lengua gala. \u00a1Mira pel\u00edculas en TV5Monde+ para practicar franc\u00e9s!","og_url":"https:\/\/annemarieabautret.com\/blog\/peliculas-en-tv5monde-para-practicar-frances-links\/","og_site_name":"Anne Marie Abautret","article_published_time":"2023-07-24T18:13:34+00:00","article_modified_time":"2023-07-24T18:13:35+00:00","og_image":[{"width":1200,"height":630,"url":"https:\/\/annemarieabautret.com\/blog\/wp-content\/uploads\/2023\/07\/1-2.png","type":"image\/png"}],"author":"Bloglencriervert","twitter_card":"summary_large_image","twitter_title":"Pel\u00edculas en TV5Monde+ para practicar franc\u00e9s (+links)","twitter_image":"https:\/\/annemarieabautret.com\/blog\/wp-content\/uploads\/2023\/07\/1-2.png","twitter_misc":{"Written by":"Bloglencriervert","Est. reading time":"5 minutos"},"schema":{"@context":"https:\/\/schema.org","@graph":[{"@type":"WebPage","@id":"https:\/\/annemarieabautret.com\/blog\/peliculas-en-tv5monde-para-practicar-frances-links\/","url":"https:\/\/annemarieabautret.com\/blog\/peliculas-en-tv5monde-para-practicar-frances-links\/","name":"Pel\u00edculas en TV5Monde+ para practicar franc\u00e9s (+links)","isPartOf":{"@id":"https:\/\/annemarieabautret.com\/blog\/#website"},"primaryImageOfPage":{"@id":"https:\/\/annemarieabautret.com\/blog\/peliculas-en-tv5monde-para-practicar-frances-links\/#primaryimage"},"image":{"@id":"https:\/\/annemarieabautret.com\/blog\/peliculas-en-tv5monde-para-practicar-frances-links\/#primaryimage"},"thumbnailUrl":"https:\/\/annemarieabautret.com\/blog\/wp-content\/uploads\/2023\/07\/1-2.png","datePublished":"2023-07-24T18:13:34+00:00","dateModified":"2023-07-24T18:13:35+00:00","author":{"@id":"https:\/\/annemarieabautret.com\/blog\/#\/schema\/person\/67f969769283a1cac966eb4824469e7b"},"description":"Emb\u00e1rcate en un viaje cinematogr\u00e1fico mientras perfeccionas la lengua gala. \u00a1Mira pel\u00edculas en TV5Monde+ para practicar franc\u00e9s!","breadcrumb":{"@id":"https:\/\/annemarieabautret.com\/blog\/peliculas-en-tv5monde-para-practicar-frances-links\/#breadcrumb"},"inLanguage":"es-PE","potentialAction":[{"@type":"ReadAction","target":["https:\/\/annemarieabautret.com\/blog\/peliculas-en-tv5monde-para-practicar-frances-links\/"]}]},{"@type":"ImageObject","inLanguage":"es-PE","@id":"https:\/\/annemarieabautret.com\/blog\/peliculas-en-tv5monde-para-practicar-frances-links\/#primaryimage","url":"https:\/\/annemarieabautret.com\/blog\/wp-content\/uploads\/2023\/07\/1-2.png","contentUrl":"https:\/\/annemarieabautret.com\/blog\/wp-content\/uploads\/2023\/07\/1-2.png","width":1200,"height":630},{"@type":"BreadcrumbList","@id":"https:\/\/annemarieabautret.com\/blog\/peliculas-en-tv5monde-para-practicar-frances-links\/#breadcrumb","itemListElement":[{"@type":"ListItem","position":1,"name":"Home","item":"https:\/\/annemarieabautret.com\/blog\/"},{"@type":"ListItem","position":2,"name":"Pel\u00edculas en TV5Monde+ para practicar franc\u00e9s (+links)"}]},{"@type":"WebSite","@id":"https:\/\/annemarieabautret.com\/blog\/#website","url":"https:\/\/annemarieabautret.com\/blog\/","name":"Anne Marie Abautret","description":"\u00a1Conoce el maravilloso mundo franc\u00f3fono con L&#039;encrier vert!","potentialAction":[{"@type":"SearchAction","target":{"@type":"EntryPoint","urlTemplate":"https:\/\/annemarieabautret.com\/blog\/?s={search_term_string}"},"query-input":{"@type":"PropertyValueSpecification","valueRequired":true,"valueName":"search_term_string"}}],"inLanguage":"es-PE"},{"@type":"Person","@id":"https:\/\/annemarieabautret.com\/blog\/#\/schema\/person\/67f969769283a1cac966eb4824469e7b","name":"Bloglencriervert","image":{"@type":"ImageObject","inLanguage":"es-PE","@id":"https:\/\/annemarieabautret.com\/blog\/#\/schema\/person\/image\/","url":"https:\/\/secure.gravatar.com\/avatar\/1b125fe84bb43db37171ca15c37bc658?s=96&d=mm&r=g","contentUrl":"https:\/\/secure.gravatar.com\/avatar\/1b125fe84bb43db37171ca15c37bc658?s=96&d=mm&r=g","caption":"Bloglencriervert"},"url":"https:\/\/annemarieabautret.com\/blog\/author\/anneblog\/"}]}},"amp_enabled":true,"_links":{"self":[{"href":"https:\/\/annemarieabautret.com\/blog\/wp-json\/wp\/v2\/posts\/4050"}],"collection":[{"href":"https:\/\/annemarieabautret.com\/blog\/wp-json\/wp\/v2\/posts"}],"about":[{"href":"https:\/\/annemarieabautret.com\/blog\/wp-json\/wp\/v2\/types\/post"}],"author":[{"embeddable":true,"href":"https:\/\/annemarieabautret.com\/blog\/wp-json\/wp\/v2\/users\/1"}],"replies":[{"embeddable":true,"href":"https:\/\/annemarieabautret.com\/blog\/wp-json\/wp\/v2\/comments?post=4050"}],"version-history":[{"count":2,"href":"https:\/\/annemarieabautret.com\/blog\/wp-json\/wp\/v2\/posts\/4050\/revisions"}],"predecessor-version":[{"id":4057,"href":"https:\/\/annemarieabautret.com\/blog\/wp-json\/wp\/v2\/posts\/4050\/revisions\/4057"}],"wp:featuredmedia":[{"embeddable":true,"href":"https:\/\/annemarieabautret.com\/blog\/wp-json\/wp\/v2\/media\/4052"}],"wp:attachment":[{"href":"https:\/\/annemarieabautret.com\/blog\/wp-json\/wp\/v2\/media?parent=4050"}],"wp:term":[{"taxonomy":"category","embeddable":true,"href":"https:\/\/annemarieabautret.com\/blog\/wp-json\/wp\/v2\/categories?post=4050"},{"taxonomy":"post_tag","embeddable":true,"href":"https:\/\/annemarieabautret.com\/blog\/wp-json\/wp\/v2\/tags?post=4050"}],"curies":[{"name":"wp","href":"https:\/\/api.w.org\/{rel}","templated":true}]}}