{"id":4072,"date":"2023-08-15T11:51:18","date_gmt":"2023-08-15T16:51:18","guid":{"rendered":"https:\/\/annemarieabautret.com\/blog\/?p=4072"},"modified":"2023-08-18T16:04:10","modified_gmt":"2023-08-18T21:04:10","slug":"quien-fue-jean-paul-sartre","status":"publish","type":"post","link":"https:\/\/annemarieabautret.com\/blog\/quien-fue-jean-paul-sartre\/","title":{"rendered":"Qui\u00e9n fue Jean-Paul Sartre"},"content":{"rendered":"\n<p>Jean-Paul Sartre fue un fil\u00f3sofo y escritor franc\u00e9s, considerado uno de los principales exponentes del existencialismo y del marxismo humanista del siglo XX. Su obra abarca diversos g\u00e9neros, como la novela, el teatro, el ensayo y la cr\u00edtica literaria. Su pensamiento se caracteriza por el \u00e9nfasis en la libertad y la responsabilidad humana, as\u00ed como por la cr\u00edtica a las instituciones establecidas. \u00a1Conoce m\u00e1s sobre qui\u00e9n fue Jean-Paul Sartre!<\/p>\n\n\n\n<figure class=\"wp-block-image size-large is-style-default\"><img loading=\"lazy\" decoding=\"async\" width=\"1024\" height=\"538\" src=\"https:\/\/annemarieabautret.com\/blog\/wp-content\/uploads\/2023\/08\/1-1024x538.png\" alt=\"Qui\u00e9n fue Jean-Paul Sartre \" class=\"wp-image-4074\" srcset=\"https:\/\/annemarieabautret.com\/blog\/wp-content\/uploads\/2023\/08\/1-1024x538.png 1024w, https:\/\/annemarieabautret.com\/blog\/wp-content\/uploads\/2023\/08\/1-300x158.png 300w, https:\/\/annemarieabautret.com\/blog\/wp-content\/uploads\/2023\/08\/1-768x403.png 768w, https:\/\/annemarieabautret.com\/blog\/wp-content\/uploads\/2023\/08\/1.png 1200w\" sizes=\"(max-width: 1024px) 100vw, 1024px\" \/><\/figure>\n\n\n\n<h2 class=\"wp-block-heading\">Qui\u00e9n fue Jean-Paul Sartre: infancia<\/h2>\n\n\n\n<p>Naci\u00f3 en Par\u00eds el 21 de junio de 1905. Era hijo de Jean-Baptiste Sartre, un oficial naval, y Anne-Marie Schweitzer, prima del famoso m\u00e9dico y fil\u00f3sofo Albert Schweitzer. Su padre muri\u00f3 cuando \u00e9l ten\u00eda apenas quince meses, y su madre lo cri\u00f3 con la ayuda de sus abuelos maternos. Su abuelo Charles Schweitzer le ense\u00f1\u00f3 matem\u00e1ticas y literatura cl\u00e1sica desde muy joven. Sartre fue un lector precoz y mostr\u00f3 inter\u00e9s por la filosof\u00eda desde su adolescencia.<\/p>\n\n\n\n<figure class=\"wp-block-image size-large is-style-default\"><img loading=\"lazy\" decoding=\"async\" width=\"1024\" height=\"538\" src=\"https:\/\/annemarieabautret.com\/blog\/wp-content\/uploads\/2023\/08\/2-1024x538.png\" alt=\"Qui\u00e9n fue Jean-Paul Sartre \" class=\"wp-image-4075\" srcset=\"https:\/\/annemarieabautret.com\/blog\/wp-content\/uploads\/2023\/08\/2-1024x538.png 1024w, https:\/\/annemarieabautret.com\/blog\/wp-content\/uploads\/2023\/08\/2-300x158.png 300w, https:\/\/annemarieabautret.com\/blog\/wp-content\/uploads\/2023\/08\/2-768x403.png 768w, https:\/\/annemarieabautret.com\/blog\/wp-content\/uploads\/2023\/08\/2.png 1200w\" sizes=\"(max-width: 1024px) 100vw, 1024px\" \/><\/figure>\n\n\n\n<h2 class=\"wp-block-heading\">Qui\u00e9n fue Jean-Paul Sartre: adolescencia<\/h2>\n\n\n\n<p>En 1915 ingres\u00f3 en el liceo Henri IV de Par\u00eds, donde conoci\u00f3 a Paul Nizan, escritor y fil\u00f3sofo tambi\u00e9n franc\u00e9s, con quien inici\u00f3 una estrecha amistad. En 1917, el segundo matrimonio de su madre lo oblig\u00f3 a trasladarse a La Rochelle, donde sufri\u00f3 el rechazo de sus compa\u00f1eros por su aspecto f\u00edsico y su actitud rebelde. En 1920 regres\u00f3 a Par\u00eds y continu\u00f3 sus estudios en el liceo Louis-le-Grand. All\u00ed ley\u00f3 a Henri Bergson, cuya obra <em>Essai sur les donn\u00e9es imm\u00e9diates de la conscience<\/em> (Ensayo sobre los datos inmediatos de la conciencia) le influy\u00f3 profundamente.<\/p>\n\n\n\n<figure class=\"wp-block-image size-large is-style-default\"><img loading=\"lazy\" decoding=\"async\" width=\"1024\" height=\"538\" src=\"https:\/\/annemarieabautret.com\/blog\/wp-content\/uploads\/2023\/08\/3-1024x538.png\" alt=\"Qui\u00e9n fue Jean-Paul Sartre \" class=\"wp-image-4076\" srcset=\"https:\/\/annemarieabautret.com\/blog\/wp-content\/uploads\/2023\/08\/3-1024x538.png 1024w, https:\/\/annemarieabautret.com\/blog\/wp-content\/uploads\/2023\/08\/3-300x158.png 300w, https:\/\/annemarieabautret.com\/blog\/wp-content\/uploads\/2023\/08\/3-768x403.png 768w, https:\/\/annemarieabautret.com\/blog\/wp-content\/uploads\/2023\/08\/3.png 1200w\" sizes=\"(max-width: 1024px) 100vw, 1024px\" \/><\/figure>\n\n\n\n<figure class=\"wp-block-image size-full is-style-default\"><a href=\"https:\/\/www.instagram.com\/francesconlencriervert\/\" target=\"_blank\" rel=\"noreferrer noopener\"><img loading=\"lazy\" decoding=\"async\" width=\"600\" height=\"156\" src=\"https:\/\/annemarieabautret.com\/blog\/wp-content\/uploads\/2022\/04\/LEV-Banner-Promo-Todos-los-niveles.gif\" alt=\"\" class=\"wp-image-2922\"\/><\/a><\/figure>\n\n\n\n<h2 class=\"wp-block-heading\">Qui\u00e9n fue Jean-Paul Sartre: vida adulta<\/h2>\n\n\n\n<p>En 1924 inici\u00f3 sus estudios universitarios en la <em>\u00c9cole Normale Sup\u00e9rieure<\/em>, una prestigiosa instituci\u00f3n donde se formaban los futuros profesores e intelectuales franceses. All\u00ed conoci\u00f3 a <a href=\"https:\/\/annemarieabautret.com\/blog\/quien-fue-simone-de-beauvoir\/\"><strong><em>Simone de Beauvoir<\/em><\/strong><\/a>, con quien estableci\u00f3 una relaci\u00f3n que durar\u00eda toda su vida. Se gradu\u00f3 en 1929 con un doctorado en Filosof\u00eda.<\/p>\n\n\n\n<figure class=\"wp-block-image size-large is-style-default\"><img loading=\"lazy\" decoding=\"async\" width=\"1024\" height=\"538\" src=\"https:\/\/annemarieabautret.com\/blog\/wp-content\/uploads\/2023\/08\/4-1024x538.png\" alt=\"Qui\u00e9n fue Jean-Paul Sartre \" class=\"wp-image-4077\" srcset=\"https:\/\/annemarieabautret.com\/blog\/wp-content\/uploads\/2023\/08\/4-1024x538.png 1024w, https:\/\/annemarieabautret.com\/blog\/wp-content\/uploads\/2023\/08\/4-300x158.png 300w, https:\/\/annemarieabautret.com\/blog\/wp-content\/uploads\/2023\/08\/4-768x403.png 768w, https:\/\/annemarieabautret.com\/blog\/wp-content\/uploads\/2023\/08\/4.png 1200w\" sizes=\"(max-width: 1024px) 100vw, 1024px\" \/><figcaption><em>Jean-Paul Sartre con Simone de Beauvoir.<\/em><\/figcaption><\/figure>\n\n\n\n<p>Tras cumplir el servicio militar, empez\u00f3 a ejercer como profesor de instituto en diferentes ciudades. En 1933 obtuvo una beca de estudios que le permiti\u00f3 trasladarse a Alemania, donde entr\u00f3 en contacto con la filosof\u00eda de Edmund Husserl y Martin Heidegger. En 1938 public\u00f3 su primera novela, \u201cLa n\u00e1usea\u201d, que reflejaba su visi\u00f3n existencialista del mundo.<\/p>\n\n\n\n<h2 class=\"wp-block-heading\"><em><strong><mark style=\"background-color:rgba(0, 0, 0, 0)\" class=\"has-inline-color has-vivid-red-color\">Mira tambi\u00e9n<\/mark><\/strong>: <a href=\"https:\/\/annemarieabautret.com\/blog\/quien-fue-marcel-proust\/\">\u00bfQui\u00e9n fue Marcel Proust?<\/a><\/em><\/h2>\n\n\n\n<p>Durante la Segunda Guerra Mundial fue movilizado y hecho prisionero por los alemanes, pero logr\u00f3 escapar en 1941 y regresar a Par\u00eds. All\u00ed particip\u00f3 en la Resistencia contra la ocupaci\u00f3n nazi y colabor\u00f3 con Albert Camus en el peri\u00f3dico <em>Combat<\/em>. En 1943 public\u00f3 su obra filos\u00f3fica m\u00e1s importante, \u201cEl ser y la nada\u201d, donde desarrollaba su concepci\u00f3n del ser humano como un ser libre y responsable de sus actos. Tambi\u00e9n escribi\u00f3 varias obras de teatro, como \u201cLas moscas\u201d y \u201cA puerta cerrada\u201d, que expresaban sus ideas \u00e9ticas y pol\u00edticas.<\/p>\n\n\n\n<h2 class=\"wp-block-heading\">\u00daltimos a\u00f1os<\/h2>\n\n\n\n<p>Despu\u00e9s de la guerra, Sartre abandon\u00f3 la ense\u00f1anza y se dedic\u00f3 exclusivamente a escribir y a participar en los debates intelectuales y sociales de su \u00e9poca. Fund\u00f3 junto con Simone de Beauvoir y otros colaboradores la revista <em>Les Temps Modernes<\/em>, que se convirti\u00f3 en un referente de la izquierda francesa. Sartre se acerc\u00f3 al marxismo y al comunismo, aunque critic\u00f3 el estalinismo y apoy\u00f3 las causas anticolonialistas y pacifistas.<\/p>\n\n\n\n<p>En 1964 rechaz\u00f3 el Premio Nobel de Literatura para no comprometer su independencia. En 1968 se solidariz\u00f3 con el movimiento estudiantil que protagoniz\u00f3 el <a href=\"https:\/\/annemarieabautret.com\/blog\/mayo-de-1968-en-francia-un-punto-de-inflexion-en-la-historia-contemporanea\/\"><strong><em>Mayo franc\u00e9s<\/em><\/strong><\/a>. En 1970 fund\u00f3 junto con Bertrand Russell el Tribunal Russell para denunciar los cr\u00edmenes de guerra cometidos por Estados Unidos en Vietnam.<\/p>\n\n\n\n<figure class=\"wp-block-image size-large is-style-default\"><img loading=\"lazy\" decoding=\"async\" width=\"1200\" height=\"630\" src=\"https:\/\/annemarieabautret.com\/blog\/wp-content\/uploads\/2023\/08\/8-1024x538.png\" alt=\"Qui\u00e9n fue Jean-Paul Sartre \" class=\"wp-image-4078\" srcset=\"https:\/\/annemarieabautret.com\/blog\/wp-content\/uploads\/2023\/08\/8-1024x538.png 1024w, https:\/\/annemarieabautret.com\/blog\/wp-content\/uploads\/2023\/08\/8-300x158.png 300w, https:\/\/annemarieabautret.com\/blog\/wp-content\/uploads\/2023\/08\/8-768x403.png 768w, https:\/\/annemarieabautret.com\/blog\/wp-content\/uploads\/2023\/08\/8.png 1200w\" sizes=\"(max-width: 1200px) 100vw, 1200px\" \/><\/figure>\n\n\n\n<p>Sartre sigui\u00f3 escribiendo hasta el final de su vida, aunque su salud se deterior\u00f3 por el abuso de alcohol, tabaco y anfetaminas. Public\u00f3 obras como \u201cCr\u00edtica de la raz\u00f3n dial\u00e9ctica\u201d, donde intentaba conciliar el existencialismo con el marxismo, o \u201cEl idiota de la familia\u201d, una monumental biograf\u00eda de Gustave Flaubert. Tambi\u00e9n escribi\u00f3 novelas como \u201cLos caminos de la libertad\u201d o \u201cEl diablo y el buen Dios\u201d. Muri\u00f3 en Par\u00eds el 15 de abril de 1980, a los 74 a\u00f1os. Su funeral fue multitudinario y se convirti\u00f3 en un homenaje popular a su figura.<\/p>\n\n\n\n<figure class=\"wp-block-image size-full is-style-default\"><a href=\"https:\/\/lencriervert.ipzmarketing.com\/f\/91JeVcYCQZA\" target=\"_blank\" rel=\"noreferrer noopener\"><img loading=\"lazy\" decoding=\"async\" width=\"600\" height=\"156\" src=\"https:\/\/annemarieabautret.com\/blog\/wp-content\/uploads\/2022\/02\/Hnet.com-image.gif\" alt=\"\" class=\"wp-image-2648\"\/><\/a><\/figure>\n\n\n\n<h2 class=\"wp-block-heading\">Obras m\u00e1s importantes<\/h2>\n\n\n\n<p>Entre las obras m\u00e1s destacadas de Sartre se encuentran:<\/p>\n\n\n\n<div class=\"wp-block-group\"><div class=\"wp-block-group__inner-container is-layout-flow wp-block-group-is-layout-flow\">\n<ul class=\"wp-block-list\"><li><em style=\"font-weight: bold;\">La n\u00e1usea<\/em> (1938). Es la primera novela de Sartre y una de las m\u00e1s representativas del existencialismo. Narra la historia de Antoine Roquentin, un historiador que experimenta una profunda crisis existencial al descubrir el absurdo y la contingencia de la realidad.<\/li><\/ul>\n\n\n\n<ul class=\"wp-block-list\"><li><em style=\"font-weight: bold;\">El ser y la nada<\/em> (1943). Es la obra filos\u00f3fica m\u00e1s conocida de Sartre, donde expone su concepci\u00f3n del ser humano como un ser que existe antes que esencia, es decir, que no tiene una naturaleza fija ni un destino predeterminado, sino que se define por sus elecciones y acciones. Sartre analiza conceptos como la libertad, la responsabilidad, la angustia, el deseo, el otro, la mala fe o el compromiso.<\/li><\/ul>\n\n\n\n<ul class=\"wp-block-list\"><li><em style=\"font-weight: bold;\">Las moscas<\/em> (1943). Es una obra de teatro que reinterpreta el mito griego de Orestes, quien vuelve a su ciudad natal para vengar el asesinato de su padre. Sartre utiliza este argumento para reflexionar sobre la libertad humana frente al destino, la culpa y el poder.<\/li><\/ul>\n\n\n\n<ul class=\"wp-block-list\"><li><em style=\"font-weight: bold;\">A puerta cerrada<\/em> (1944). Es otra obra de teatro que presenta a tres personajes que se encuentran encerrados en una habitaci\u00f3n despu\u00e9s de morir. All\u00ed descubren que el infierno no son las llamas ni los tormentos, sino los otros, es decir, aquellos que nos juzgan y nos impiden ser nosotros mismos.<\/li><\/ul>\n\n\n\n<figure class=\"wp-block-image size-large is-style-default\"><img loading=\"lazy\" decoding=\"async\" width=\"1024\" height=\"538\" src=\"https:\/\/annemarieabautret.com\/blog\/wp-content\/uploads\/2023\/08\/5-1024x538.png\" alt=\"Qui\u00e9n fue Jean-Paul Sartre \" class=\"wp-image-4079\" srcset=\"https:\/\/annemarieabautret.com\/blog\/wp-content\/uploads\/2023\/08\/5-1024x538.png 1024w, https:\/\/annemarieabautret.com\/blog\/wp-content\/uploads\/2023\/08\/5-300x158.png 300w, https:\/\/annemarieabautret.com\/blog\/wp-content\/uploads\/2023\/08\/5-768x403.png 768w, https:\/\/annemarieabautret.com\/blog\/wp-content\/uploads\/2023\/08\/5.png 1200w\" sizes=\"(max-width: 1024px) 100vw, 1024px\" \/><figcaption><em>Portada en franc\u00e9s del libro  \"El ser y la nada\".<\/em><\/figcaption><\/figure>\n\n\n\n<ul class=\"wp-block-list\"><li><em style=\"font-weight: bold;\">Los caminos de la libertad<\/em> (1945-1949). Es una trilog\u00eda novel\u00edstica compuesta por \"La edad de la raz\u00f3n\", \"El aplazamiento\" y \"La muerte en el alma\". Relata las peripecias de un grupo de intelectuales franceses durante los a\u00f1os previos y posteriores a la Segunda Guerra Mundial. A trav\u00e9s de sus personajes, Sartre explora los dilemas morales y pol\u00edticos a los que se enfrentan los individuos en una \u00e9poca convulsa.<\/li><\/ul>\n\n\n\n<ul class=\"wp-block-list\"><li><em style=\"font-weight: bold;\">El existencialismo es un humanismo<\/em> (1946). Es un ensayo breve donde Sartre resume y defiende las tesis principales del existencialismo frente a las cr\u00edticas que lo acusaban de ser una filosof\u00eda pesimista y nihilista. Sartre sostiene que el existencialismo es una forma de humanismo que afirma la dignidad y la libertad del ser humano.<\/li><\/ul>\n\n\n\n<ul class=\"wp-block-list\"><li><em style=\"font-weight: bold;\">Cr\u00edtica de la raz\u00f3n dial\u00e9ctica<\/em> (1960). Es la \u00faltima obra filos\u00f3fica de Sartre, donde intenta reconciliar el existencialismo con el marxismo. Sartre propone una teor\u00eda de la historia basada en el concepto de praxis, es decir, la actividad racional y creadora del hombre. La praxis se desarrolla en un contexto social determinado por la escasez y la lucha por los recursos. Sartre distingue entre dos formas de organizaci\u00f3n social: el grupo en fusi\u00f3n, donde los individuos act\u00faan libremente y solidariamente; y la serie, donde los individuos se alienan y se someten a las estructuras opresivas.<\/li><\/ul>\n<\/div><\/div>\n\n\n\n<figure class=\"wp-block-image size-large is-style-default\"><img loading=\"lazy\" decoding=\"async\" width=\"1024\" height=\"538\" src=\"https:\/\/annemarieabautret.com\/blog\/wp-content\/uploads\/2023\/08\/6-1024x538.png\" alt=\"\" class=\"wp-image-4080\" srcset=\"https:\/\/annemarieabautret.com\/blog\/wp-content\/uploads\/2023\/08\/6-1024x538.png 1024w, https:\/\/annemarieabautret.com\/blog\/wp-content\/uploads\/2023\/08\/6-300x158.png 300w, https:\/\/annemarieabautret.com\/blog\/wp-content\/uploads\/2023\/08\/6-768x403.png 768w, https:\/\/annemarieabautret.com\/blog\/wp-content\/uploads\/2023\/08\/6.png 1200w\" sizes=\"(max-width: 1024px) 100vw, 1024px\" \/><\/figure>\n\n\n\n<h2 class=\"wp-block-heading\">Datos curiosos<\/h2>\n\n\n\n<div class=\"wp-block-group\"><div class=\"wp-block-group__inner-container is-layout-flow wp-block-group-is-layout-flow\">\n<ul class=\"wp-block-list\"><li>Sartre ten\u00eda un defecto ocular cong\u00e9nito que le hac\u00eda bizco. Esto le caus\u00f3 problemas de autoestima e inseguridad durante su infancia y adolescencia. Sin embargo, tambi\u00e9n le sirvi\u00f3 para desarrollar su imaginaci\u00f3n y su sentido del humor.<\/li><\/ul>\n\n\n\n<ul class=\"wp-block-list\"><li>Fue un gran admirador de Charlie Chaplin, al que consideraba un genio del cine y un s\u00edmbolo de la libertad. En 1931 escribi\u00f3 un ensayo titulado \u201cEl fantasma de Chaplin\u201d, donde analizaba su obra desde una perspectiva filos\u00f3fica.<\/li><\/ul>\n\n\n\n<ul class=\"wp-block-list\"><li>Fue detenido varias veces por participar en manifestaciones contra la guerra de Argelia o contra la intervenci\u00f3n estadounidense.<\/li><\/ul>\n<\/div><\/div>\n\n\n\n<figure class=\"wp-block-image size-large is-style-default\"><img loading=\"lazy\" decoding=\"async\" width=\"1024\" height=\"538\" src=\"https:\/\/annemarieabautret.com\/blog\/wp-content\/uploads\/2023\/08\/7-1024x538.png\" alt=\"\" class=\"wp-image-4081\" srcset=\"https:\/\/annemarieabautret.com\/blog\/wp-content\/uploads\/2023\/08\/7-1024x538.png 1024w, https:\/\/annemarieabautret.com\/blog\/wp-content\/uploads\/2023\/08\/7-300x158.png 300w, https:\/\/annemarieabautret.com\/blog\/wp-content\/uploads\/2023\/08\/7-768x403.png 768w, https:\/\/annemarieabautret.com\/blog\/wp-content\/uploads\/2023\/08\/7.png 1200w\" sizes=\"(max-width: 1024px) 100vw, 1024px\" \/><\/figure>\n\n\n\n<h2 class=\"wp-block-heading\">Legado cultural<\/h2>\n\n\n\n<p>El legado cultural de Jean-Paul Sartre radica en su profundo an\u00e1lisis de la existencia humana y la libertad individual. A trav\u00e9s del existencialismo, Sartre destac\u00f3 la importancia de la autenticidad y la responsabilidad personal en la creaci\u00f3n de significado en un mundo aparentemente absurdo.<\/p>\n\n\n\n<figure class=\"wp-block-image size-large is-style-default\"><img loading=\"lazy\" decoding=\"async\" width=\"1024\" height=\"538\" src=\"https:\/\/annemarieabautret.com\/blog\/wp-content\/uploads\/2023\/08\/9-1024x538.png\" alt=\"\" class=\"wp-image-4082\" srcset=\"https:\/\/annemarieabautret.com\/blog\/wp-content\/uploads\/2023\/08\/9-1024x538.png 1024w, https:\/\/annemarieabautret.com\/blog\/wp-content\/uploads\/2023\/08\/9-300x158.png 300w, https:\/\/annemarieabautret.com\/blog\/wp-content\/uploads\/2023\/08\/9-768x403.png 768w, https:\/\/annemarieabautret.com\/blog\/wp-content\/uploads\/2023\/08\/9.png 1200w\" sizes=\"(max-width: 1024px) 100vw, 1024px\" \/><\/figure>\n\n\n\n<p>Adem\u00e1s, su compromiso pol\u00edtico y social lo llev\u00f3 a participar activamente en debates sobre la pol\u00edtica, la \u00e9tica y los derechos humanos, convirti\u00e9ndolo en una figura central en la intelectualidad de la posguerra. A trav\u00e9s de sus ensayos, novelas y obras de teatro, Sartre dej\u00f3 una huella duradera en la filosof\u00eda, la literatura y el pensamiento cr\u00edtico, estimulando reflexiones sobre la libertad, la autenticidad y el prop\u00f3sito en la vida humana.<\/p>\n\n\n\n<h4 class=\"wp-block-heading\">Si deseas conocer m\u00e1s curiosidades sobre Jean-Paul Sartre, as\u00ed como sobre nuestros cursos, no te pierdas ninguna de nuestras publicaciones en las redes sociales. &#x1f447;<\/h4>\n\n\n\n<figure class=\"wp-block-image size-large is-style-default\"><a href=\"https:\/\/www.instagram.com\/francesconlencriervert\/\" target=\"_blank\" rel=\"noreferrer noopener\"><img loading=\"lazy\" decoding=\"async\" width=\"1024\" height=\"269\" src=\"https:\/\/annemarieabautret.com\/blog\/wp-content\/uploads\/2021\/06\/LEV-banner-redes-sociales-posts-1024x269.png\" alt=\"\" class=\"wp-image-1227\" srcset=\"https:\/\/annemarieabautret.com\/blog\/wp-content\/uploads\/2021\/06\/LEV-banner-redes-sociales-posts-1024x269.png 1024w, https:\/\/annemarieabautret.com\/blog\/wp-content\/uploads\/2021\/06\/LEV-banner-redes-sociales-posts-300x79.png 300w, https:\/\/annemarieabautret.com\/blog\/wp-content\/uploads\/2021\/06\/LEV-banner-redes-sociales-posts-768x202.png 768w, https:\/\/annemarieabautret.com\/blog\/wp-content\/uploads\/2021\/06\/LEV-banner-redes-sociales-posts.png 1200w\" sizes=\"(max-width: 1024px) 100vw, 1024px\" \/><\/a><\/figure>\n\n\n\n<figure class=\"wp-block-image size-large is-style-default\"><a href=\"https:\/\/www.facebook.com\/LencrierVert\" target=\"_blank\" rel=\"noreferrer noopener\"><img loading=\"lazy\" decoding=\"async\" width=\"1024\" height=\"269\" src=\"https:\/\/annemarieabautret.com\/blog\/wp-content\/uploads\/2021\/06\/LEV-banner-redes-sociales-posts-1-1024x269.png\" alt=\"\" class=\"wp-image-1228\" srcset=\"https:\/\/annemarieabautret.com\/blog\/wp-content\/uploads\/2021\/06\/LEV-banner-redes-sociales-posts-1-1024x269.png 1024w, https:\/\/annemarieabautret.com\/blog\/wp-content\/uploads\/2021\/06\/LEV-banner-redes-sociales-posts-1-300x79.png 300w, https:\/\/annemarieabautret.com\/blog\/wp-content\/uploads\/2021\/06\/LEV-banner-redes-sociales-posts-1-768x202.png 768w, https:\/\/annemarieabautret.com\/blog\/wp-content\/uploads\/2021\/06\/LEV-banner-redes-sociales-posts-1.png 1200w\" sizes=\"(max-width: 1024px) 100vw, 1024px\" \/><\/a><\/figure>\n","protected":false},"excerpt":{"rendered":"<p>Jean-Paul Sartre fue un fil\u00f3sofo y escritor franc\u00e9s, considerado uno de los principales exponentes del existencialismo y del marxismo humanista del siglo XX. Su obra abarca diversos g\u00e9neros, como la novela, el teatro, el ensayo y la cr\u00edtica literaria. Su pensamiento se caracteriza por el \u00e9nfasis en la libertad y la responsabilidad humana, as\u00ed como [&hellip;]<\/p>\n","protected":false},"author":1,"featured_media":4074,"comment_status":"open","ping_status":"open","sticky":false,"template":"","format":"standard","meta":{"footnotes":""},"categories":[7],"tags":[719,720,24,721,722,724,104,723,3,4,110,905],"class_list":["post-4072","post","type-post","status-publish","format-standard","has-post-thumbnail","hentry","category-curiosidades","tag-biografia","tag-biografias","tag-curiosidades","tag-escritor","tag-escritor-frances","tag-escritor-francofono","tag-escritores-franceses","tag-escritores-francofonos","tag-frances","tag-frances-2","tag-jean-paul-sartre","tag-sartre"],"yoast_head":"<!-- This site is optimized with the Yoast SEO plugin v24.6 - https:\/\/yoast.com\/wordpress\/plugins\/seo\/ -->\n<title>Qui\u00e9n fue Jean-Paul Sartre - Anne Marie Abautret<\/title>\n<meta name=\"description\" content=\"Principal exponente del existencialismo y del marxismo humanista del siglo XX, \u00a1conoce m\u00e1s sobre qui\u00e9n fue Jean-Paul Sartre!\" \/>\n<meta name=\"robots\" content=\"index, follow, max-snippet:-1, max-image-preview:large, max-video-preview:-1\" \/>\n<link rel=\"canonical\" href=\"https:\/\/annemarieabautret.com\/blog\/quien-fue-jean-paul-sartre\/\" \/>\n<meta property=\"og:locale\" content=\"es_ES\" \/>\n<meta property=\"og:type\" content=\"article\" \/>\n<meta property=\"og:title\" content=\"Qui\u00e9n fue Jean-Paul Sartre\" \/>\n<meta property=\"og:description\" content=\"Principal exponente del existencialismo y del marxismo humanista del siglo XX, \u00a1conoce m\u00e1s sobre qui\u00e9n fue Jean-Paul Sartre!\" \/>\n<meta property=\"og:url\" content=\"https:\/\/annemarieabautret.com\/blog\/quien-fue-jean-paul-sartre\/\" \/>\n<meta property=\"og:site_name\" content=\"Anne Marie Abautret\" \/>\n<meta property=\"article:published_time\" content=\"2023-08-15T16:51:18+00:00\" \/>\n<meta property=\"article:modified_time\" content=\"2023-08-18T21:04:10+00:00\" \/>\n<meta property=\"og:image\" content=\"https:\/\/annemarieabautret.com\/blog\/wp-content\/uploads\/2023\/08\/1.png\" \/>\n\t<meta property=\"og:image:width\" content=\"1200\" \/>\n\t<meta property=\"og:image:height\" content=\"630\" \/>\n\t<meta property=\"og:image:type\" content=\"image\/png\" \/>\n<meta name=\"author\" content=\"Bloglencriervert\" \/>\n<meta name=\"twitter:card\" content=\"summary_large_image\" \/>\n<meta name=\"twitter:title\" content=\"Qui\u00e9n fue Jean-Paul Sartre\" \/>\n<meta name=\"twitter:image\" content=\"https:\/\/annemarieabautret.com\/blog\/wp-content\/uploads\/2023\/08\/1.png\" \/>\n<meta name=\"twitter:label1\" content=\"Written by\" \/>\n\t<meta name=\"twitter:data1\" content=\"Bloglencriervert\" \/>\n\t<meta name=\"twitter:label2\" content=\"Est. reading time\" \/>\n\t<meta name=\"twitter:data2\" content=\"9 minutos\" \/>\n<script type=\"application\/ld+json\" class=\"yoast-schema-graph\">{\"@context\":\"https:\/\/schema.org\",\"@graph\":[{\"@type\":\"WebPage\",\"@id\":\"https:\/\/annemarieabautret.com\/blog\/quien-fue-jean-paul-sartre\/\",\"url\":\"https:\/\/annemarieabautret.com\/blog\/quien-fue-jean-paul-sartre\/\",\"name\":\"Qui\u00e9n fue Jean-Paul Sartre - Anne Marie Abautret\",\"isPartOf\":{\"@id\":\"https:\/\/annemarieabautret.com\/blog\/#website\"},\"primaryImageOfPage\":{\"@id\":\"https:\/\/annemarieabautret.com\/blog\/quien-fue-jean-paul-sartre\/#primaryimage\"},\"image\":{\"@id\":\"https:\/\/annemarieabautret.com\/blog\/quien-fue-jean-paul-sartre\/#primaryimage\"},\"thumbnailUrl\":\"https:\/\/annemarieabautret.com\/blog\/wp-content\/uploads\/2023\/08\/1.png\",\"datePublished\":\"2023-08-15T16:51:18+00:00\",\"dateModified\":\"2023-08-18T21:04:10+00:00\",\"author\":{\"@id\":\"https:\/\/annemarieabautret.com\/blog\/#\/schema\/person\/67f969769283a1cac966eb4824469e7b\"},\"description\":\"Principal exponente del existencialismo y del marxismo humanista del siglo XX, \u00a1conoce m\u00e1s sobre qui\u00e9n fue Jean-Paul Sartre!\",\"breadcrumb\":{\"@id\":\"https:\/\/annemarieabautret.com\/blog\/quien-fue-jean-paul-sartre\/#breadcrumb\"},\"inLanguage\":\"es-PE\",\"potentialAction\":[{\"@type\":\"ReadAction\",\"target\":[\"https:\/\/annemarieabautret.com\/blog\/quien-fue-jean-paul-sartre\/\"]}]},{\"@type\":\"ImageObject\",\"inLanguage\":\"es-PE\",\"@id\":\"https:\/\/annemarieabautret.com\/blog\/quien-fue-jean-paul-sartre\/#primaryimage\",\"url\":\"https:\/\/annemarieabautret.com\/blog\/wp-content\/uploads\/2023\/08\/1.png\",\"contentUrl\":\"https:\/\/annemarieabautret.com\/blog\/wp-content\/uploads\/2023\/08\/1.png\",\"width\":1200,\"height\":630},{\"@type\":\"BreadcrumbList\",\"@id\":\"https:\/\/annemarieabautret.com\/blog\/quien-fue-jean-paul-sartre\/#breadcrumb\",\"itemListElement\":[{\"@type\":\"ListItem\",\"position\":1,\"name\":\"Home\",\"item\":\"https:\/\/annemarieabautret.com\/blog\/\"},{\"@type\":\"ListItem\",\"position\":2,\"name\":\"Qui\u00e9n fue Jean-Paul Sartre\"}]},{\"@type\":\"WebSite\",\"@id\":\"https:\/\/annemarieabautret.com\/blog\/#website\",\"url\":\"https:\/\/annemarieabautret.com\/blog\/\",\"name\":\"Anne Marie Abautret\",\"description\":\"\u00a1Conoce el maravilloso mundo franc\u00f3fono con L&#039;encrier vert!\",\"potentialAction\":[{\"@type\":\"SearchAction\",\"target\":{\"@type\":\"EntryPoint\",\"urlTemplate\":\"https:\/\/annemarieabautret.com\/blog\/?s={search_term_string}\"},\"query-input\":{\"@type\":\"PropertyValueSpecification\",\"valueRequired\":true,\"valueName\":\"search_term_string\"}}],\"inLanguage\":\"es-PE\"},{\"@type\":\"Person\",\"@id\":\"https:\/\/annemarieabautret.com\/blog\/#\/schema\/person\/67f969769283a1cac966eb4824469e7b\",\"name\":\"Bloglencriervert\",\"image\":{\"@type\":\"ImageObject\",\"inLanguage\":\"es-PE\",\"@id\":\"https:\/\/annemarieabautret.com\/blog\/#\/schema\/person\/image\/\",\"url\":\"https:\/\/secure.gravatar.com\/avatar\/1b125fe84bb43db37171ca15c37bc658?s=96&d=mm&r=g\",\"contentUrl\":\"https:\/\/secure.gravatar.com\/avatar\/1b125fe84bb43db37171ca15c37bc658?s=96&d=mm&r=g\",\"caption\":\"Bloglencriervert\"},\"url\":\"https:\/\/annemarieabautret.com\/blog\/author\/anneblog\/\"}]}<\/script>\n<!-- \/ Yoast SEO plugin. -->","yoast_head_json":{"title":"Qui\u00e9n fue Jean-Paul Sartre - Anne Marie Abautret","description":"Principal exponente del existencialismo y del marxismo humanista del siglo XX, \u00a1conoce m\u00e1s sobre qui\u00e9n fue Jean-Paul Sartre!","robots":{"index":"index","follow":"follow","max-snippet":"max-snippet:-1","max-image-preview":"max-image-preview:large","max-video-preview":"max-video-preview:-1"},"canonical":"https:\/\/annemarieabautret.com\/blog\/quien-fue-jean-paul-sartre\/","og_locale":"es_ES","og_type":"article","og_title":"Qui\u00e9n fue Jean-Paul Sartre","og_description":"Principal exponente del existencialismo y del marxismo humanista del siglo XX, \u00a1conoce m\u00e1s sobre qui\u00e9n fue Jean-Paul Sartre!","og_url":"https:\/\/annemarieabautret.com\/blog\/quien-fue-jean-paul-sartre\/","og_site_name":"Anne Marie Abautret","article_published_time":"2023-08-15T16:51:18+00:00","article_modified_time":"2023-08-18T21:04:10+00:00","og_image":[{"width":1200,"height":630,"url":"https:\/\/annemarieabautret.com\/blog\/wp-content\/uploads\/2023\/08\/1.png","type":"image\/png"}],"author":"Bloglencriervert","twitter_card":"summary_large_image","twitter_title":"Qui\u00e9n fue Jean-Paul Sartre","twitter_image":"https:\/\/annemarieabautret.com\/blog\/wp-content\/uploads\/2023\/08\/1.png","twitter_misc":{"Written by":"Bloglencriervert","Est. reading time":"9 minutos"},"schema":{"@context":"https:\/\/schema.org","@graph":[{"@type":"WebPage","@id":"https:\/\/annemarieabautret.com\/blog\/quien-fue-jean-paul-sartre\/","url":"https:\/\/annemarieabautret.com\/blog\/quien-fue-jean-paul-sartre\/","name":"Qui\u00e9n fue Jean-Paul Sartre - Anne Marie Abautret","isPartOf":{"@id":"https:\/\/annemarieabautret.com\/blog\/#website"},"primaryImageOfPage":{"@id":"https:\/\/annemarieabautret.com\/blog\/quien-fue-jean-paul-sartre\/#primaryimage"},"image":{"@id":"https:\/\/annemarieabautret.com\/blog\/quien-fue-jean-paul-sartre\/#primaryimage"},"thumbnailUrl":"https:\/\/annemarieabautret.com\/blog\/wp-content\/uploads\/2023\/08\/1.png","datePublished":"2023-08-15T16:51:18+00:00","dateModified":"2023-08-18T21:04:10+00:00","author":{"@id":"https:\/\/annemarieabautret.com\/blog\/#\/schema\/person\/67f969769283a1cac966eb4824469e7b"},"description":"Principal exponente del existencialismo y del marxismo humanista del siglo XX, \u00a1conoce m\u00e1s sobre qui\u00e9n fue Jean-Paul Sartre!","breadcrumb":{"@id":"https:\/\/annemarieabautret.com\/blog\/quien-fue-jean-paul-sartre\/#breadcrumb"},"inLanguage":"es-PE","potentialAction":[{"@type":"ReadAction","target":["https:\/\/annemarieabautret.com\/blog\/quien-fue-jean-paul-sartre\/"]}]},{"@type":"ImageObject","inLanguage":"es-PE","@id":"https:\/\/annemarieabautret.com\/blog\/quien-fue-jean-paul-sartre\/#primaryimage","url":"https:\/\/annemarieabautret.com\/blog\/wp-content\/uploads\/2023\/08\/1.png","contentUrl":"https:\/\/annemarieabautret.com\/blog\/wp-content\/uploads\/2023\/08\/1.png","width":1200,"height":630},{"@type":"BreadcrumbList","@id":"https:\/\/annemarieabautret.com\/blog\/quien-fue-jean-paul-sartre\/#breadcrumb","itemListElement":[{"@type":"ListItem","position":1,"name":"Home","item":"https:\/\/annemarieabautret.com\/blog\/"},{"@type":"ListItem","position":2,"name":"Qui\u00e9n fue Jean-Paul Sartre"}]},{"@type":"WebSite","@id":"https:\/\/annemarieabautret.com\/blog\/#website","url":"https:\/\/annemarieabautret.com\/blog\/","name":"Anne Marie Abautret","description":"\u00a1Conoce el maravilloso mundo franc\u00f3fono con L&#039;encrier vert!","potentialAction":[{"@type":"SearchAction","target":{"@type":"EntryPoint","urlTemplate":"https:\/\/annemarieabautret.com\/blog\/?s={search_term_string}"},"query-input":{"@type":"PropertyValueSpecification","valueRequired":true,"valueName":"search_term_string"}}],"inLanguage":"es-PE"},{"@type":"Person","@id":"https:\/\/annemarieabautret.com\/blog\/#\/schema\/person\/67f969769283a1cac966eb4824469e7b","name":"Bloglencriervert","image":{"@type":"ImageObject","inLanguage":"es-PE","@id":"https:\/\/annemarieabautret.com\/blog\/#\/schema\/person\/image\/","url":"https:\/\/secure.gravatar.com\/avatar\/1b125fe84bb43db37171ca15c37bc658?s=96&d=mm&r=g","contentUrl":"https:\/\/secure.gravatar.com\/avatar\/1b125fe84bb43db37171ca15c37bc658?s=96&d=mm&r=g","caption":"Bloglencriervert"},"url":"https:\/\/annemarieabautret.com\/blog\/author\/anneblog\/"}]}},"amp_enabled":true,"_links":{"self":[{"href":"https:\/\/annemarieabautret.com\/blog\/wp-json\/wp\/v2\/posts\/4072"}],"collection":[{"href":"https:\/\/annemarieabautret.com\/blog\/wp-json\/wp\/v2\/posts"}],"about":[{"href":"https:\/\/annemarieabautret.com\/blog\/wp-json\/wp\/v2\/types\/post"}],"author":[{"embeddable":true,"href":"https:\/\/annemarieabautret.com\/blog\/wp-json\/wp\/v2\/users\/1"}],"replies":[{"embeddable":true,"href":"https:\/\/annemarieabautret.com\/blog\/wp-json\/wp\/v2\/comments?post=4072"}],"version-history":[{"count":3,"href":"https:\/\/annemarieabautret.com\/blog\/wp-json\/wp\/v2\/posts\/4072\/revisions"}],"predecessor-version":[{"id":4093,"href":"https:\/\/annemarieabautret.com\/blog\/wp-json\/wp\/v2\/posts\/4072\/revisions\/4093"}],"wp:featuredmedia":[{"embeddable":true,"href":"https:\/\/annemarieabautret.com\/blog\/wp-json\/wp\/v2\/media\/4074"}],"wp:attachment":[{"href":"https:\/\/annemarieabautret.com\/blog\/wp-json\/wp\/v2\/media?parent=4072"}],"wp:term":[{"taxonomy":"category","embeddable":true,"href":"https:\/\/annemarieabautret.com\/blog\/wp-json\/wp\/v2\/categories?post=4072"},{"taxonomy":"post_tag","embeddable":true,"href":"https:\/\/annemarieabautret.com\/blog\/wp-json\/wp\/v2\/tags?post=4072"}],"curies":[{"name":"wp","href":"https:\/\/api.w.org\/{rel}","templated":true}]}}