{"id":4133,"date":"2023-09-07T21:09:41","date_gmt":"2023-09-08T02:09:41","guid":{"rendered":"https:\/\/annemarieabautret.com\/blog\/?p=4133"},"modified":"2023-09-07T21:09:43","modified_gmt":"2023-09-08T02:09:43","slug":"los-distritos-de-paris-les-arrondissements","status":"publish","type":"post","link":"https:\/\/annemarieabautret.com\/blog\/los-distritos-de-paris-les-arrondissements\/","title":{"rendered":"Los distritos de Par\u00eds: les arrondissements"},"content":{"rendered":"\n<p>\u00bfTe gustar\u00eda conocer m\u00e1s sobre los distritos de Par\u00eds, sus nombres, su historia, sus n\u00fameros, su distribuci\u00f3n y datos curiosos de cada uno de ellos? Entonces sigue leyendo este art\u00edculo, donde te contaremos todo lo que necesitas saber sobre esta fascinante ciudad y sus diferentes zonas. \u00a1Vamos all\u00e1!<\/p>\n\n\n\n<figure class=\"wp-block-image size-large is-style-default\"><img loading=\"lazy\" decoding=\"async\" width=\"1024\" height=\"538\" src=\"https:\/\/annemarieabautret.com\/blog\/wp-content\/uploads\/2023\/09\/1-1024x538.png\" alt=\"Los distritos de Par\u00eds: les arrondissements \" class=\"wp-image-4135\" srcset=\"https:\/\/annemarieabautret.com\/blog\/wp-content\/uploads\/2023\/09\/1-1024x538.png 1024w, https:\/\/annemarieabautret.com\/blog\/wp-content\/uploads\/2023\/09\/1-300x158.png 300w, https:\/\/annemarieabautret.com\/blog\/wp-content\/uploads\/2023\/09\/1-768x403.png 768w, https:\/\/annemarieabautret.com\/blog\/wp-content\/uploads\/2023\/09\/1.png 1200w\" sizes=\"(max-width: 1024px) 100vw, 1024px\" \/><\/figure>\n\n\n\n<h2 class=\"wp-block-heading\">Los distritos de Par\u00eds<\/h2>\n\n\n\n<p>Los distritos de Par\u00eds: <em>les<\/em> <em>arrondissements<\/em>, son las divisiones administrativas de la capital francesa. Hay 20 en total, que se numeran del 1 al 20 en forma de espiral, empezando por el centro de la ciudad, en la ribera derecha del r\u00edo Sena. Cada distrito tiene su propio alcalde y su propio consejo municipal, y se divide a su vez en cuatro barrios o <em>quartiers<\/em>.<\/p>\n\n\n\n<figure class=\"wp-block-image size-large is-style-default\"><img loading=\"lazy\" decoding=\"async\" width=\"1024\" height=\"538\" src=\"https:\/\/annemarieabautret.com\/blog\/wp-content\/uploads\/2023\/09\/2-1024x538.png\" alt=\"Los distritos de Par\u00eds: les arrondissements \" class=\"wp-image-4136\" srcset=\"https:\/\/annemarieabautret.com\/blog\/wp-content\/uploads\/2023\/09\/2-1024x538.png 1024w, https:\/\/annemarieabautret.com\/blog\/wp-content\/uploads\/2023\/09\/2-300x158.png 300w, https:\/\/annemarieabautret.com\/blog\/wp-content\/uploads\/2023\/09\/2-768x403.png 768w, https:\/\/annemarieabautret.com\/blog\/wp-content\/uploads\/2023\/09\/2.png 1200w\" sizes=\"(max-width: 1024px) 100vw, 1024px\" \/><figcaption><em>Divisi\u00f3n administrativa actual de Par\u00eds con sus veinte distritos. Foto v\u00eda <a href=\"https:\/\/es.wikipedia.org\/wiki\/Archivo:Les_arrondissements_de_paris.png\" target=\"_blank\" rel=\"noreferrer noopener nofollow\">Wikipedia<\/a>.<\/em><\/figcaption><\/figure>\n\n\n\n<p>El n\u00famero de cada distrito se indica mediante los dos \u00faltimos d\u00edgitos en los c\u00f3digos postales parisinos. Por ejemplo, el c\u00f3digo postal 75001 corresponde al primer distrito, el 75002 al segundo y as\u00ed sucesivamente.<\/p>\n\n\n\n<p>Estos distritos se crearon en 1795, cuando la ciudad se dividi\u00f3 en 12 sectores. En 1860, se ampliaron a 20, incorporando los antiguos municipios que rodeaban la ciudad. Desde entonces, sus l\u00edmites territoriales no han cambiado, aunque s\u00ed lo ha hecho su poblaci\u00f3n y su car\u00e1cter, convirti\u00e9ndose as\u00ed en reflejos de su historia, su cultura y su personalidad.<\/p>\n\n\n\n<figure class=\"wp-block-image size-large is-style-default\"><img loading=\"lazy\" decoding=\"async\" width=\"1024\" height=\"538\" src=\"https:\/\/annemarieabautret.com\/blog\/wp-content\/uploads\/2023\/09\/3-1024x538.png\" alt=\"Los distritos de Par\u00eds: les arrondissements \" class=\"wp-image-4137\" srcset=\"https:\/\/annemarieabautret.com\/blog\/wp-content\/uploads\/2023\/09\/3-1024x538.png 1024w, https:\/\/annemarieabautret.com\/blog\/wp-content\/uploads\/2023\/09\/3-300x158.png 300w, https:\/\/annemarieabautret.com\/blog\/wp-content\/uploads\/2023\/09\/3-768x403.png 768w, https:\/\/annemarieabautret.com\/blog\/wp-content\/uploads\/2023\/09\/3.png 1200w\" sizes=\"(max-width: 1024px) 100vw, 1024px\" \/><figcaption><em>Divisi\u00f3n administrativa de Par\u00eds antes de la ampliaci\u00f3n de sus distritos en 1860. Foto v\u00eda <a href=\"https:\/\/es.wikipedia.org\/wiki\/Archivo:Ancienes_arrondissements_de_paris.png\" target=\"_blank\" rel=\"noreferrer noopener nofollow\">Wikipedia<\/a>.<\/em><\/figcaption><\/figure>\n\n\n\n<h2 class=\"wp-block-heading\">Los distritos de Par\u00eds: <em>les arrondissements<\/em> uno por uno<\/h2>\n\n\n\n<p>A continuaci\u00f3n, te presentamos una breve descripci\u00f3n de cada uno de los distritos de Par\u00eds, con algunos datos curiosos que quiz\u00e1s no sab\u00edas.<\/p>\n\n\n\n<h3 class=\"wp-block-heading\">Distrito 1: <em>Louvre<\/em><\/h3>\n\n\n\n<p>Es el distrito m\u00e1s antiguo y m\u00e1s c\u00e9ntrico de Par\u00eds, donde se encuentra el famoso <a href=\"https:\/\/annemarieabautret.com\/blog\/monumentos-franceses-el-museo-del-louvre-de-paris\/\"><em>museo del Louvre<\/em><\/a>, el Jard\u00edn de las Tuller\u00edas, el Palacio Real y la plaza Vend\u00f4me. Es una zona elegante y llena de historia, donde tambi\u00e9n se pueden ver las antiguas murallas de la ciudad y la iglesia de Saint-Germain-l'Auxerrois.<\/p>\n\n\n\n<figure class=\"wp-block-image size-large is-style-default\"><img loading=\"lazy\" decoding=\"async\" width=\"1024\" height=\"538\" src=\"https:\/\/annemarieabautret.com\/blog\/wp-content\/uploads\/2023\/09\/4-1024x538.png\" alt=\"Los distritos de Par\u00eds: les arrondissements \" class=\"wp-image-4138\" srcset=\"https:\/\/annemarieabautret.com\/blog\/wp-content\/uploads\/2023\/09\/4-1024x538.png 1024w, https:\/\/annemarieabautret.com\/blog\/wp-content\/uploads\/2023\/09\/4-300x158.png 300w, https:\/\/annemarieabautret.com\/blog\/wp-content\/uploads\/2023\/09\/4-768x403.png 768w, https:\/\/annemarieabautret.com\/blog\/wp-content\/uploads\/2023\/09\/4.png 1200w\" sizes=\"(max-width: 1024px) 100vw, 1024px\" \/><figcaption><em>Museo del Louvre.<\/em><\/figcaption><\/figure>\n\n\n\n<h3 class=\"wp-block-heading\">Distrito 2: <em>Bourse<\/em><\/h3>\n\n\n\n<p>Es el distrito financiero y comercial de Par\u00eds, donde se ubica la Bolsa de Valores, el Banco de Francia y la sede del peri\u00f3dico Le Figaro. Tambi\u00e9n es una zona con mucho encanto, donde se pueden admirar las galer\u00edas cubiertas del siglo XIX, como la Galer\u00eda Vivienne o la Galer\u00eda Colbert.<\/p>\n\n\n\n<figure class=\"wp-block-image size-large is-style-default\"><img loading=\"lazy\" decoding=\"async\" width=\"1024\" height=\"538\" src=\"https:\/\/annemarieabautret.com\/blog\/wp-content\/uploads\/2023\/09\/5-1024x538.png\" alt=\"Los distritos de Par\u00eds: les arrondissements \" class=\"wp-image-4139\" srcset=\"https:\/\/annemarieabautret.com\/blog\/wp-content\/uploads\/2023\/09\/5-1024x538.png 1024w, https:\/\/annemarieabautret.com\/blog\/wp-content\/uploads\/2023\/09\/5-300x158.png 300w, https:\/\/annemarieabautret.com\/blog\/wp-content\/uploads\/2023\/09\/5-768x403.png 768w, https:\/\/annemarieabautret.com\/blog\/wp-content\/uploads\/2023\/09\/5.png 1200w\" sizes=\"(max-width: 1024px) 100vw, 1024px\" \/><figcaption><em>Fachada del Banco de Francia.<\/em><\/figcaption><\/figure>\n\n\n\n<h3 class=\"wp-block-heading\">Distrito 3: <em>Temple<\/em><\/h3>\n\n\n\n<p>Es el distrito m\u00e1s peque\u00f1o y uno de los m\u00e1s antiguos de Par\u00eds, donde se hallaba el antiguo templo de los Caballeros Templarios, que fue demolido durante la Revoluci\u00f3n Francesa. Hoy en d\u00eda es un barrio bohemio y art\u00edstico, donde se pueden visitar el Museo Picasso, el Museo Carnavalet y el Centro Cultural Georges Pompidou.<\/p>\n\n\n\n<figure class=\"wp-block-image size-large is-style-default\"><img loading=\"lazy\" decoding=\"async\" width=\"1024\" height=\"538\" src=\"https:\/\/annemarieabautret.com\/blog\/wp-content\/uploads\/2023\/09\/6-1024x538.png\" alt=\"Los distritos de Par\u00eds: les arrondissements \" class=\"wp-image-4140\" srcset=\"https:\/\/annemarieabautret.com\/blog\/wp-content\/uploads\/2023\/09\/6-1024x538.png 1024w, https:\/\/annemarieabautret.com\/blog\/wp-content\/uploads\/2023\/09\/6-300x158.png 300w, https:\/\/annemarieabautret.com\/blog\/wp-content\/uploads\/2023\/09\/6-768x403.png 768w, https:\/\/annemarieabautret.com\/blog\/wp-content\/uploads\/2023\/09\/6.png 1200w\" sizes=\"(max-width: 1024px) 100vw, 1024px\" \/><figcaption><em>Centro Cultural Georges Pompidou.<\/em><\/figcaption><\/figure>\n\n\n\n<figure class=\"wp-block-image size-full is-style-default\"><a href=\"https:\/\/www.instagram.com\/francesconlencriervert\/\" target=\"_blank\" rel=\"noreferrer noopener\"><img loading=\"lazy\" decoding=\"async\" width=\"600\" height=\"156\" src=\"https:\/\/annemarieabautret.com\/blog\/wp-content\/uploads\/2022\/04\/LEV-Banner-Promo-Todos-los-niveles.gif\" alt=\"\" class=\"wp-image-2922\"\/><\/a><\/figure>\n\n\n\n<h3 class=\"wp-block-heading\">Distrito 4: <em>H\u00f4tel-de-Ville<\/em><\/h3>\n\n\n\n<p>Es el distrito donde se encuentra el Ayuntamiento de Par\u00eds, el H\u00f4tel-de-Ville, un imponente edificio renacentista que domina la plaza del mismo nombre. Tambi\u00e9n es el distrito donde se sit\u00faa la Isla de la Cit\u00e9, el origen de la ciudad, donde se puede ver <a href=\"https:\/\/annemarieabautret.com\/blog\/monumentos-franceses-la-catedral-de-notre-dame\/\"><em>la catedral de Notre Dame<\/em><\/a>, la Sainte-Chapelle y la Conciergerie. Adem\u00e1s, es el distrito del barrio jud\u00edo o Marais, uno de los m\u00e1s animados y cosmopolitas de Par\u00eds.<\/p>\n\n\n\n<figure class=\"wp-block-image size-large is-style-default\"><img loading=\"lazy\" decoding=\"async\" width=\"1024\" height=\"538\" src=\"https:\/\/annemarieabautret.com\/blog\/wp-content\/uploads\/2023\/09\/7-1024x538.png\" alt=\"Los distritos de Par\u00eds: les arrondissements \" class=\"wp-image-4141\" srcset=\"https:\/\/annemarieabautret.com\/blog\/wp-content\/uploads\/2023\/09\/7-1024x538.png 1024w, https:\/\/annemarieabautret.com\/blog\/wp-content\/uploads\/2023\/09\/7-300x158.png 300w, https:\/\/annemarieabautret.com\/blog\/wp-content\/uploads\/2023\/09\/7-768x403.png 768w, https:\/\/annemarieabautret.com\/blog\/wp-content\/uploads\/2023\/09\/7.png 1200w\" sizes=\"(max-width: 1024px) 100vw, 1024px\" \/><figcaption><em>H\u00f4tel-de-Ville.<\/em><\/figcaption><\/figure>\n\n\n\n<h3 class=\"wp-block-heading\">Distrito 5: <em>Panth\u00e9on<\/em><\/h3>\n\n\n\n<p>Es el distrito universitario y estudiantil de Par\u00eds, donde se encuentra la Sorbona, la universidad m\u00e1s antigua y prestigiosa de Francia. Tambi\u00e9n es el distrito del Pante\u00f3n, el monumento neocl\u00e1sico donde reposan los restos de grandes personalidades francesas, como Voltaire, Rousseau o <a href=\"https:\/\/annemarieabautret.com\/blog\/quien-fue-victor-hugo\/\"><em>Victor Hugo<\/em><\/a>. Asimismo, es el distrito del barrio latino o Quartier Latin, un lugar lleno de vida, cultura y diversi\u00f3n.<\/p>\n\n\n\n<figure class=\"wp-block-image size-large is-style-default\"><img loading=\"lazy\" decoding=\"async\" width=\"1200\" height=\"630\" src=\"https:\/\/annemarieabautret.com\/blog\/wp-content\/uploads\/2023\/09\/8-1024x538.png\" alt=\"\" class=\"wp-image-4142\" srcset=\"https:\/\/annemarieabautret.com\/blog\/wp-content\/uploads\/2023\/09\/8-1024x538.png 1024w, https:\/\/annemarieabautret.com\/blog\/wp-content\/uploads\/2023\/09\/8-300x158.png 300w, https:\/\/annemarieabautret.com\/blog\/wp-content\/uploads\/2023\/09\/8-768x403.png 768w, https:\/\/annemarieabautret.com\/blog\/wp-content\/uploads\/2023\/09\/8.png 1200w\" sizes=\"(max-width: 1200px) 100vw, 1200px\" \/><figcaption><em>El Pante\u00f3n de Par\u00eds.<\/em><\/figcaption><\/figure>\n\n\n\n<h3 class=\"wp-block-heading\">Distrito 6: <em>Luxembourg<\/em><\/h3>\n\n\n\n<p>Es el distrito m\u00e1s elegante y refinado de Par\u00eds, donde se ubica el Jard\u00edn del Luxemburgo, el parque m\u00e1s bonito y rom\u00e1ntico de la ciudad. Tambi\u00e9n es el distrito donde se halla el Senado franc\u00e9s, el Palacio del Luxemburgo y la iglesia de Saint-Sulpice. Adem\u00e1s, es el distrito donde vivieron y escribieron muchos escritores famosos, como Hemingway, <a href=\"https:\/\/annemarieabautret.com\/blog\/quien-fue-jean-paul-sartre\/\"><em>Sartre<\/em><\/a> o Baudelaire.<\/p>\n\n\n\n<figure class=\"wp-block-image size-large is-style-default\"><img loading=\"lazy\" decoding=\"async\" width=\"1024\" height=\"538\" src=\"https:\/\/annemarieabautret.com\/blog\/wp-content\/uploads\/2023\/09\/9-1024x538.png\" alt=\"Los distritos de Par\u00eds: les arrondissements \" class=\"wp-image-4143\" srcset=\"https:\/\/annemarieabautret.com\/blog\/wp-content\/uploads\/2023\/09\/9-1024x538.png 1024w, https:\/\/annemarieabautret.com\/blog\/wp-content\/uploads\/2023\/09\/9-300x158.png 300w, https:\/\/annemarieabautret.com\/blog\/wp-content\/uploads\/2023\/09\/9-768x403.png 768w, https:\/\/annemarieabautret.com\/blog\/wp-content\/uploads\/2023\/09\/9.png 1200w\" sizes=\"(max-width: 1024px) 100vw, 1024px\" \/><figcaption><em>El Jard\u00edn del Luxemburgo y su palacio.<\/em><\/figcaption><\/figure>\n\n\n\n<h3 class=\"wp-block-heading\">Distrito 7: <em>Palais-Bourbon<\/em><\/h3>\n\n\n\n<p>Es el distrito m\u00e1s emblem\u00e1tico y representativo de Par\u00eds, donde se erige la <a href=\"https:\/\/annemarieabautret.com\/blog\/monumentos-franceses-la-torre-eiffel-emblema-de-francia\/\"><em>torre Eiffel<\/em><\/a>, el s\u00edmbolo por excelencia de la ciudad. Tambi\u00e9n es el distrito donde se localiza el Palacio del El\u00edseo, la residencia oficial del presidente de la Rep\u00fablica, el Museo de Orsay, el Museo Rodin y el H\u00f4tel des Invalides, donde est\u00e1 la tumba de Napole\u00f3n.<\/p>\n\n\n\n<figure class=\"wp-block-image size-large is-style-default\"><img loading=\"lazy\" decoding=\"async\" width=\"1024\" height=\"538\" src=\"https:\/\/annemarieabautret.com\/blog\/wp-content\/uploads\/2023\/09\/10-1024x538.png\" alt=\"Los distritos de Par\u00eds: les arrondissements \" class=\"wp-image-4144\" srcset=\"https:\/\/annemarieabautret.com\/blog\/wp-content\/uploads\/2023\/09\/10-1024x538.png 1024w, https:\/\/annemarieabautret.com\/blog\/wp-content\/uploads\/2023\/09\/10-300x158.png 300w, https:\/\/annemarieabautret.com\/blog\/wp-content\/uploads\/2023\/09\/10-768x403.png 768w, https:\/\/annemarieabautret.com\/blog\/wp-content\/uploads\/2023\/09\/10.png 1200w\" sizes=\"(max-width: 1024px) 100vw, 1024px\" \/><figcaption><em>La torre Eiffel.<\/em><\/figcaption><\/figure>\n\n\n\n<h2 class=\"wp-block-heading\"><em><mark style=\"background-color:rgba(0, 0, 0, 0)\" class=\"has-inline-color has-vivid-red-color\">Mira tambi\u00e9n<\/mark>: <a href=\"https:\/\/annemarieabautret.com\/blog\/el-encanto-frances\/\">El encanto franc\u00e9s<\/a><\/em><\/h2>\n\n\n\n<h3 class=\"wp-block-heading\">Distrito 8: <em>\u00c9lys\u00e9e<\/em><\/h3>\n\n\n\n<p>Es el distrito m\u00e1s lujoso y glamuroso de Par\u00eds, donde se extienden los Campos El\u00edseos, la avenida m\u00e1s famosa y bella del mundo. Tambi\u00e9n es el distrito donde se encuentra <a href=\"https:\/\/annemarieabautret.com\/blog\/arco-de-triunfo-de-paris-el-triunfo-monumental-de-napoleon-bonaparte\/\"><em>el Arco de Triunfo<\/em><\/a>, el monumento m\u00e1s grande y majestuoso de la ciudad, la plaza de la Concordia, la plaza m\u00e1s grande y elegante de Par\u00eds, y el Gran Palacio, el edificio m\u00e1s impresionante y suntuoso de la ciudad.<\/p>\n\n\n\n<figure class=\"wp-block-image size-large is-style-default\"><img loading=\"lazy\" decoding=\"async\" width=\"1024\" height=\"538\" src=\"https:\/\/annemarieabautret.com\/blog\/wp-content\/uploads\/2023\/09\/11-1024x538.png\" alt=\"\" class=\"wp-image-4145\" srcset=\"https:\/\/annemarieabautret.com\/blog\/wp-content\/uploads\/2023\/09\/11-1024x538.png 1024w, https:\/\/annemarieabautret.com\/blog\/wp-content\/uploads\/2023\/09\/11-300x158.png 300w, https:\/\/annemarieabautret.com\/blog\/wp-content\/uploads\/2023\/09\/11-768x403.png 768w, https:\/\/annemarieabautret.com\/blog\/wp-content\/uploads\/2023\/09\/11.png 1200w\" sizes=\"(max-width: 1024px) 100vw, 1024px\" \/><figcaption><em> Los Campos El\u00edseos.<\/em><\/figcaption><\/figure>\n\n\n\n<h3 class=\"wp-block-heading\">Distrito 9: <em>Op\u00e9ra<\/em><\/h3>\n\n\n\n<p>Es el distrito cultural y musical de Par\u00eds, donde se sit\u00faa la \u00d3pera Garnier, el teatro m\u00e1s espectacular y prestigioso de Francia. Tambi\u00e9n es el distrito de los grandes almacenes, como las Galer\u00edas Lafayette o el Printemps, donde se puede hacer compras de lujo y disfrutar de las mejores vistas de la ciudad. Adem\u00e1s, es el distrito del barrio de Pigalle, el barrio rojo de Par\u00eds, donde se puede ver <a href=\"https:\/\/annemarieabautret.com\/blog\/curiosidades-sobre-el-moulin-rouge-icono-de-la-belle-epoque\/\"><em>el Moulin Rouge<\/em><\/a>, el cabaret m\u00e1s famoso y legendario del mundo.<\/p>\n\n\n\n<figure class=\"wp-block-image size-large is-style-default\"><img loading=\"lazy\" decoding=\"async\" width=\"1024\" height=\"538\" src=\"https:\/\/annemarieabautret.com\/blog\/wp-content\/uploads\/2023\/09\/12-1024x538.png\" alt=\"Los distritos de Par\u00eds: les arrondissements \" class=\"wp-image-4146\" srcset=\"https:\/\/annemarieabautret.com\/blog\/wp-content\/uploads\/2023\/09\/12-1024x538.png 1024w, https:\/\/annemarieabautret.com\/blog\/wp-content\/uploads\/2023\/09\/12-300x158.png 300w, https:\/\/annemarieabautret.com\/blog\/wp-content\/uploads\/2023\/09\/12-768x403.png 768w, https:\/\/annemarieabautret.com\/blog\/wp-content\/uploads\/2023\/09\/12.png 1200w\" sizes=\"(max-width: 1024px) 100vw, 1024px\" \/><figcaption><em>Vista interior del teatro \u00d3pera Garnier.<\/em><\/figcaption><\/figure>\n\n\n\n<h3 class=\"wp-block-heading\">Distrito 10: <em>Enclos Saint-Laurent<\/em><\/h3>\n\n\n\n<p>Es el distrito m\u00e1s popular y multicultural de Par\u00eds, donde se encuentran las dos principales estaciones de tren de la ciudad: la Gare du Nord y la Gare de l'Est. Tambi\u00e9n es una zona con mucho ambiente y diversidad, donde se pueden degustar platos t\u00edpicos de diferentes pa\u00edses y culturas. Asimismo, es el distrito del canal Saint-Martin, un lugar tranquilo y pintoresco, ideal para pasear o hacer un picnic.<\/p>\n\n\n\n<figure class=\"wp-block-image size-large is-style-default\"><img loading=\"lazy\" decoding=\"async\" width=\"1024\" height=\"538\" src=\"https:\/\/annemarieabautret.com\/blog\/wp-content\/uploads\/2023\/09\/13-1024x538.png\" alt=\"Los distritos de Par\u00eds: les arrondissements \" class=\"wp-image-4147\" srcset=\"https:\/\/annemarieabautret.com\/blog\/wp-content\/uploads\/2023\/09\/13-1024x538.png 1024w, https:\/\/annemarieabautret.com\/blog\/wp-content\/uploads\/2023\/09\/13-300x158.png 300w, https:\/\/annemarieabautret.com\/blog\/wp-content\/uploads\/2023\/09\/13-768x403.png 768w, https:\/\/annemarieabautret.com\/blog\/wp-content\/uploads\/2023\/09\/13.png 1200w\" sizes=\"(max-width: 1024px) 100vw, 1024px\" \/><figcaption><em>Canal Saint-Martin.<\/em><\/figcaption><\/figure>\n\n\n\n<h3 class=\"wp-block-heading\">Distrito 11: <em>Popincourt<\/em><\/h3>\n\n\n\n<p>Es el distrito m\u00e1s joven y alternativo de Par\u00eds, donde se concentra la vida nocturna y festiva de la ciudad. Tambi\u00e9n es una zona con mucho car\u00e1cter e historia, donde se pueden ver lugares emblem\u00e1ticos de la Revoluci\u00f3n Francesa, como la plaza de la Bastilla o el cementerio del P\u00e8re-Lachaise. Adem\u00e1s, es el distrito del barrio Oberkampf, uno de los m\u00e1s animados y modernos de Par\u00eds.<\/p>\n\n\n\n<figure class=\"wp-block-image size-large is-style-default\"><img loading=\"lazy\" decoding=\"async\" width=\"1024\" height=\"538\" src=\"https:\/\/annemarieabautret.com\/blog\/wp-content\/uploads\/2023\/09\/14-1024x538.png\" alt=\"\" class=\"wp-image-4148\" srcset=\"https:\/\/annemarieabautret.com\/blog\/wp-content\/uploads\/2023\/09\/14-1024x538.png 1024w, https:\/\/annemarieabautret.com\/blog\/wp-content\/uploads\/2023\/09\/14-300x158.png 300w, https:\/\/annemarieabautret.com\/blog\/wp-content\/uploads\/2023\/09\/14-768x403.png 768w, https:\/\/annemarieabautret.com\/blog\/wp-content\/uploads\/2023\/09\/14.png 1200w\" sizes=\"(max-width: 1024px) 100vw, 1024px\" \/><figcaption><em>Cementerio del P\u00e8re-Lachaise.<\/em><\/figcaption><\/figure>\n\n\n\n<figure class=\"wp-block-image size-full is-style-default\"><a href=\"https:\/\/lencriervert.ipzmarketing.com\/f\/91JeVcYCQZA\" target=\"_blank\" rel=\"noreferrer noopener\"><img loading=\"lazy\" decoding=\"async\" width=\"600\" height=\"156\" src=\"https:\/\/annemarieabautret.com\/blog\/wp-content\/uploads\/2022\/02\/Hnet.com-image.gif\" alt=\"\" class=\"wp-image-2648\"\/><\/a><\/figure>\n\n\n\n<h3 class=\"wp-block-heading\">Distrito 12: <em>Reuilly<\/em><\/h3>\n\n\n\n<p>Es el distrito m\u00e1s verde y natural de Par\u00eds, donde se localiza el Bosque de Vincennes, el pulm\u00f3n verde de la ciudad. Tambi\u00e9n es una zona con mucho encanto y tradici\u00f3n, donde se pueden visitar el mercado de Aligre, uno de los m\u00e1s antiguos y aut\u00e9nticos de Par\u00eds, o la \u00d3pera Bastilla, uno de los teatros m\u00e1s modernos e innovadores de Francia.<\/p>\n\n\n\n<figure class=\"wp-block-image size-large is-style-default\"><img loading=\"lazy\" decoding=\"async\" width=\"1024\" height=\"538\" src=\"https:\/\/annemarieabautret.com\/blog\/wp-content\/uploads\/2023\/09\/15-1024x538.png\" alt=\"\" class=\"wp-image-4149\" srcset=\"https:\/\/annemarieabautret.com\/blog\/wp-content\/uploads\/2023\/09\/15-1024x538.png 1024w, https:\/\/annemarieabautret.com\/blog\/wp-content\/uploads\/2023\/09\/15-300x158.png 300w, https:\/\/annemarieabautret.com\/blog\/wp-content\/uploads\/2023\/09\/15-768x403.png 768w, https:\/\/annemarieabautret.com\/blog\/wp-content\/uploads\/2023\/09\/15.png 1200w\" sizes=\"(max-width: 1024px) 100vw, 1024px\" \/><figcaption><em>Bosque de Vincennes.<\/em><\/figcaption><\/figure>\n\n\n\n<h3 class=\"wp-block-heading\">Distrito 13: <em>Gobelins<\/em><\/h3>\n\n\n\n<p>Es el distrito m\u00e1s asi\u00e1tico y ex\u00f3tico de Par\u00eds, donde se halla el barrio chino o Chinatown, el mayor asentamiento chino de Europa. Tambi\u00e9n es una zona con mucho arte y creatividad, donde se pueden admirar las obras del street art que decoran las fachadas de los edificios. Adem\u00e1s, es el distrito del barrio Butte-aux-Cailles, un lugar pintoresco y bohemio que conserva el esp\u00edritu rural y popular del antiguo Par\u00eds.<\/p>\n\n\n\n<figure class=\"wp-block-image size-large is-style-default\"><img loading=\"lazy\" decoding=\"async\" width=\"1024\" height=\"538\" src=\"https:\/\/annemarieabautret.com\/blog\/wp-content\/uploads\/2023\/09\/16-1024x538.png\" alt=\"\" class=\"wp-image-4150\" srcset=\"https:\/\/annemarieabautret.com\/blog\/wp-content\/uploads\/2023\/09\/16-1024x538.png 1024w, https:\/\/annemarieabautret.com\/blog\/wp-content\/uploads\/2023\/09\/16-300x158.png 300w, https:\/\/annemarieabautret.com\/blog\/wp-content\/uploads\/2023\/09\/16-768x403.png 768w, https:\/\/annemarieabautret.com\/blog\/wp-content\/uploads\/2023\/09\/16.png 1200w\" sizes=\"(max-width: 1024px) 100vw, 1024px\" \/><figcaption><em>Barrio Butte-aux-Cailles.<\/em><\/figcaption><\/figure>\n\n\n\n<h2 class=\"wp-block-heading\"><em><mark style=\"background-color:rgba(0, 0, 0, 0)\" class=\"has-inline-color has-vivid-red-color\">Mira tambi\u00e9n<\/mark>: <a href=\"https:\/\/annemarieabautret.com\/blog\/la-importancia-de-aprender-frances\/\">La importancia de aprender franc\u00e9s<\/a><\/em><\/h2>\n\n\n\n<h3 class=\"wp-block-heading\">Distrito 14: <em>Observatoire<\/em><\/h3>\n\n\n\n<p>Este distrito debe su nombre al Observatorio de Par\u00eds, el m\u00e1s antiguo de Europa, fundado en 1667. Aqu\u00ed se encuentra tambi\u00e9n la famosa Torre Montparnasse, el rascacielos m\u00e1s alto de Par\u00eds, con 210 metros de altura y una vista panor\u00e1mica impresionante. Otro lugar emblem\u00e1tico es el Cementerio de Montparnasse, donde est\u00e1n enterrados personajes ilustres como Jean-Paul Sartre, <a href=\"https:\/\/annemarieabautret.com\/blog\/quien-fue-simone-de-beauvoir\/\"><em>Simone de Beauvoir<\/em><\/a>, Charles Baudelaire o Samuel Beckett.<\/p>\n\n\n\n<figure class=\"wp-block-image size-large is-style-default\"><img loading=\"lazy\" decoding=\"async\" width=\"1024\" height=\"538\" src=\"https:\/\/annemarieabautret.com\/blog\/wp-content\/uploads\/2023\/09\/17-1024x538.png\" alt=\"\" class=\"wp-image-4151\" srcset=\"https:\/\/annemarieabautret.com\/blog\/wp-content\/uploads\/2023\/09\/17-1024x538.png 1024w, https:\/\/annemarieabautret.com\/blog\/wp-content\/uploads\/2023\/09\/17-300x158.png 300w, https:\/\/annemarieabautret.com\/blog\/wp-content\/uploads\/2023\/09\/17-768x403.png 768w, https:\/\/annemarieabautret.com\/blog\/wp-content\/uploads\/2023\/09\/17.png 1200w\" sizes=\"(max-width: 1024px) 100vw, 1024px\" \/><figcaption><em>Observatorio de Par\u00eds.<\/em><\/figcaption><\/figure>\n\n\n\n<h3 class=\"wp-block-heading\">Distrito 15: <em>Vaugirard<\/em><\/h3>\n\n\n\n<p>Es el distrito m\u00e1s poblado de Par\u00eds. Aqu\u00ed se ubica el Parque Andr\u00e9 Citro\u00ebn, un espacio verde moderno y ecol\u00f3gico que alberga un globo aerost\u00e1tico que ofrece una vista a\u00e9rea de la ciudad. Tambi\u00e9n se puede visitar el Museo Pasteur, dedicado al c\u00e9lebre cient\u00edfico que descubri\u00f3 la vacuna contra la rabia y que vivi\u00f3 y trabaj\u00f3 en esta casa.<\/p>\n\n\n\n<figure class=\"wp-block-image size-large is-style-default\"><img loading=\"lazy\" decoding=\"async\" width=\"1024\" height=\"538\" src=\"https:\/\/annemarieabautret.com\/blog\/wp-content\/uploads\/2023\/09\/18-1024x538.png\" alt=\"\" class=\"wp-image-4152\" srcset=\"https:\/\/annemarieabautret.com\/blog\/wp-content\/uploads\/2023\/09\/18-1024x538.png 1024w, https:\/\/annemarieabautret.com\/blog\/wp-content\/uploads\/2023\/09\/18-300x158.png 300w, https:\/\/annemarieabautret.com\/blog\/wp-content\/uploads\/2023\/09\/18-768x403.png 768w, https:\/\/annemarieabautret.com\/blog\/wp-content\/uploads\/2023\/09\/18.png 1200w\" sizes=\"(max-width: 1024px) 100vw, 1024px\" \/><figcaption><em>Parque Andr\u00e9 Citro\u00ebn.<\/em><\/figcaption><\/figure>\n\n\n\n<h3 class=\"wp-block-heading\">Distrito 16:<em> Passy<\/em><\/h3>\n\n\n\n<p>Es el distrito m\u00e1s elegante y exclusivo de Par\u00eds, donde se encuentran muchas embajadas, mansiones y hoteles de lujo. Aqu\u00ed se puede admirar la arquitectura del Palacio de Chaillot, que alberga varios museos y ofrece una vista privilegiada de la Torre Eiffel. Tambi\u00e9n se puede pasear por el Bois de Boulogne, un gran parque forestal con lagos, jardines y el hip\u00f3dromo de Longchamp.<\/p>\n\n\n\n<figure class=\"wp-block-image size-large is-style-default\"><img loading=\"lazy\" decoding=\"async\" width=\"1024\" height=\"538\" src=\"https:\/\/annemarieabautret.com\/blog\/wp-content\/uploads\/2023\/09\/19-1024x538.png\" alt=\"\" class=\"wp-image-4153\" srcset=\"https:\/\/annemarieabautret.com\/blog\/wp-content\/uploads\/2023\/09\/19-1024x538.png 1024w, https:\/\/annemarieabautret.com\/blog\/wp-content\/uploads\/2023\/09\/19-300x158.png 300w, https:\/\/annemarieabautret.com\/blog\/wp-content\/uploads\/2023\/09\/19-768x403.png 768w, https:\/\/annemarieabautret.com\/blog\/wp-content\/uploads\/2023\/09\/19.png 1200w\" sizes=\"(max-width: 1024px) 100vw, 1024px\" \/><figcaption><em>Palacio de Chaillot.<\/em><\/figcaption><\/figure>\n\n\n\n<h3 class=\"wp-block-heading\">Distrito 17: <em>Batignolles-Monceau<\/em><\/h3>\n\n\n\n<p>Es un distrito residencial y comercial, con una gran diversidad cultural y social. Aqu\u00ed se encuentra el Parque Monceau, uno de los m\u00e1s bonitos y rom\u00e1nticos de Par\u00eds, con sus puentes, estatuas y ruinas cl\u00e1sicas. Tambi\u00e9n se puede visitar el Museo Nissim de Camondo, que muestra una colecci\u00f3n de arte y mobiliario del siglo XVIII en una mansi\u00f3n neocl\u00e1sica.<\/p>\n\n\n\n<figure class=\"wp-block-image size-large is-style-default\"><img loading=\"lazy\" decoding=\"async\" width=\"1024\" height=\"538\" src=\"https:\/\/annemarieabautret.com\/blog\/wp-content\/uploads\/2023\/09\/20-1024x538.png\" alt=\"\" class=\"wp-image-4154\" srcset=\"https:\/\/annemarieabautret.com\/blog\/wp-content\/uploads\/2023\/09\/20-1024x538.png 1024w, https:\/\/annemarieabautret.com\/blog\/wp-content\/uploads\/2023\/09\/20-300x158.png 300w, https:\/\/annemarieabautret.com\/blog\/wp-content\/uploads\/2023\/09\/20-768x403.png 768w, https:\/\/annemarieabautret.com\/blog\/wp-content\/uploads\/2023\/09\/20.png 1200w\" sizes=\"(max-width: 1024px) 100vw, 1024px\" \/><figcaption><em>Parque Monceau.<\/em><\/figcaption><\/figure>\n\n\n\n<h2 class=\"wp-block-heading\"><em><mark style=\"background-color:rgba(0, 0, 0, 0)\" class=\"has-inline-color has-vivid-red-color\">Mira tambi\u00e9n<\/mark>: <a href=\"https:\/\/annemarieabautret.com\/blog\/como-son-los-parisinos-en-realidad\/\">C\u00f3mo son los parisinos en realidad<\/a><\/em><\/h2>\n\n\n\n<h3 class=\"wp-block-heading\">Distrito 18: <em>Butte-Montmartre<\/em><\/h3>\n\n\n\n<p>Es el distrito m\u00e1s bohemio y art\u00edstico de Par\u00eds, donde se encuentra el famoso barrio de Montmartre, con su <a href=\"https:\/\/annemarieabautret.com\/blog\/basilica-del-sagrado-corazon-un-monumento-digno-de-paris\/\"><em>bas\u00edlica del Sagrado Coraz\u00f3n<\/em><\/a>, sus pintorescas calles y sus cabarets legendarios como el Moulin Rouge. Tambi\u00e9n se puede subir a la colina de Montmartre, el punto m\u00e1s alto de la ciudad, desde donde se puede disfrutar de una vista espectacular.<\/p>\n\n\n\n<figure class=\"wp-block-image size-large is-style-default\"><img loading=\"lazy\" decoding=\"async\" width=\"1024\" height=\"538\" src=\"https:\/\/annemarieabautret.com\/blog\/wp-content\/uploads\/2023\/09\/21-1024x538.png\" alt=\"\" class=\"wp-image-4155\" srcset=\"https:\/\/annemarieabautret.com\/blog\/wp-content\/uploads\/2023\/09\/21-1024x538.png 1024w, https:\/\/annemarieabautret.com\/blog\/wp-content\/uploads\/2023\/09\/21-300x158.png 300w, https:\/\/annemarieabautret.com\/blog\/wp-content\/uploads\/2023\/09\/21-768x403.png 768w, https:\/\/annemarieabautret.com\/blog\/wp-content\/uploads\/2023\/09\/21.png 1200w\" sizes=\"(max-width: 1024px) 100vw, 1024px\" \/><figcaption><em>Bas\u00edlica del Sagrado Coraz\u00f3n.<\/em><\/figcaption><\/figure>\n\n\n\n<h3 class=\"wp-block-heading\">Distrito 19: <em>Buttes-Chaumont<\/em><\/h3>\n\n\n\n<p>Es un distrito popular y multicultural, donde se encuentra el Parque de las Buttes-Chaumont, uno de los m\u00e1s grandes y originales de Par\u00eds, con su lago artificial, su isla rocosa, su cueva y su cascada. Tambi\u00e9n se puede visitar el Museo de la M\u00fasica, que exhibe una colecci\u00f3n de instrumentos musicales de todo el mundo y de todas las \u00e9pocas.<\/p>\n\n\n\n<figure class=\"wp-block-image size-large is-style-default\"><img loading=\"lazy\" decoding=\"async\" width=\"1024\" height=\"538\" src=\"https:\/\/annemarieabautret.com\/blog\/wp-content\/uploads\/2023\/09\/22-1024x538.png\" alt=\"\" class=\"wp-image-4156\" srcset=\"https:\/\/annemarieabautret.com\/blog\/wp-content\/uploads\/2023\/09\/22-1024x538.png 1024w, https:\/\/annemarieabautret.com\/blog\/wp-content\/uploads\/2023\/09\/22-300x158.png 300w, https:\/\/annemarieabautret.com\/blog\/wp-content\/uploads\/2023\/09\/22-768x403.png 768w, https:\/\/annemarieabautret.com\/blog\/wp-content\/uploads\/2023\/09\/22.png 1200w\" sizes=\"(max-width: 1024px) 100vw, 1024px\" \/><figcaption><em>Parque de las Buttes-Chaumont.<\/em><\/figcaption><\/figure>\n\n\n\n<h3 class=\"wp-block-heading\">Distrito 20: <em>M\u00e9nilmontant<\/em><\/h3>\n\n\n\n<p>Es el distrito m\u00e1s alternativo y rebelde de Par\u00eds, donde se encuentra el barrio de Belleville, un crisol de culturas y expresiones art\u00edsticas. Aqu\u00ed se puede visitar el Cementerio del P\u00e8re-Lachaise, el m\u00e1s famoso y visitado de Par\u00eds, donde est\u00e1n enterrados personajes c\u00e9lebres como Jim Morrison, Edith Piaf, Oscar Wilde o Chopin.<\/p>\n\n\n\n<figure class=\"wp-block-image size-large is-style-default\"><img loading=\"lazy\" decoding=\"async\" width=\"1024\" height=\"538\" src=\"https:\/\/annemarieabautret.com\/blog\/wp-content\/uploads\/2023\/09\/23-1024x538.png\" alt=\"\" class=\"wp-image-4157\" srcset=\"https:\/\/annemarieabautret.com\/blog\/wp-content\/uploads\/2023\/09\/23-1024x538.png 1024w, https:\/\/annemarieabautret.com\/blog\/wp-content\/uploads\/2023\/09\/23-300x158.png 300w, https:\/\/annemarieabautret.com\/blog\/wp-content\/uploads\/2023\/09\/23-768x403.png 768w, https:\/\/annemarieabautret.com\/blog\/wp-content\/uploads\/2023\/09\/23.png 1200w\" sizes=\"(max-width: 1024px) 100vw, 1024px\" \/><figcaption><em>Barrio de Belleville.<\/em><\/figcaption><\/figure>\n\n\n\n<p>Espero que te haya gustado este art\u00edculo sobre los distritos de Par\u00eds y que te haya despertado la curiosidad por conocerlos en persona. \u00a1Par\u00eds es una ciudad que nunca deja de sorprender!<\/p>\n\n\n\n<h4 class=\"wp-block-heading\">Si deseas conocer m\u00e1s saber m\u00e1s sobre los distritos de Par\u00eds, as\u00ed como sobre nuestros cursos, no te pierdas ninguna de nuestras publicaciones en las redes sociales. &#x1f447;<\/h4>\n\n\n\n<figure class=\"wp-block-image size-large is-style-default\"><a href=\"https:\/\/www.instagram.com\/francesconlencriervert\/\" target=\"_blank\" rel=\"noreferrer noopener\"><img loading=\"lazy\" decoding=\"async\" width=\"1024\" height=\"269\" src=\"https:\/\/annemarieabautret.com\/blog\/wp-content\/uploads\/2021\/06\/LEV-banner-redes-sociales-posts-1024x269.png\" alt=\"\" class=\"wp-image-1227\" srcset=\"https:\/\/annemarieabautret.com\/blog\/wp-content\/uploads\/2021\/06\/LEV-banner-redes-sociales-posts-1024x269.png 1024w, https:\/\/annemarieabautret.com\/blog\/wp-content\/uploads\/2021\/06\/LEV-banner-redes-sociales-posts-300x79.png 300w, https:\/\/annemarieabautret.com\/blog\/wp-content\/uploads\/2021\/06\/LEV-banner-redes-sociales-posts-768x202.png 768w, https:\/\/annemarieabautret.com\/blog\/wp-content\/uploads\/2021\/06\/LEV-banner-redes-sociales-posts.png 1200w\" sizes=\"(max-width: 1024px) 100vw, 1024px\" \/><\/a><\/figure>\n\n\n\n<figure class=\"wp-block-image size-large is-style-default\"><a href=\"https:\/\/www.instagram.com\/francesconlencriervert\/\" target=\"_blank\" rel=\"noreferrer noopener\"><img loading=\"lazy\" decoding=\"async\" width=\"1024\" height=\"269\" src=\"https:\/\/annemarieabautret.com\/blog\/wp-content\/uploads\/2021\/06\/LEV-banner-redes-sociales-posts-1-1024x269.png\" alt=\"\" class=\"wp-image-1228\" srcset=\"https:\/\/annemarieabautret.com\/blog\/wp-content\/uploads\/2021\/06\/LEV-banner-redes-sociales-posts-1-1024x269.png 1024w, https:\/\/annemarieabautret.com\/blog\/wp-content\/uploads\/2021\/06\/LEV-banner-redes-sociales-posts-1-300x79.png 300w, https:\/\/annemarieabautret.com\/blog\/wp-content\/uploads\/2021\/06\/LEV-banner-redes-sociales-posts-1-768x202.png 768w, https:\/\/annemarieabautret.com\/blog\/wp-content\/uploads\/2021\/06\/LEV-banner-redes-sociales-posts-1.png 1200w\" sizes=\"(max-width: 1024px) 100vw, 1024px\" \/><\/a><\/figure>\n","protected":false},"excerpt":{"rendered":"<p>\u00bfTe gustar\u00eda conocer m\u00e1s sobre los distritos de Par\u00eds, sus nombres, su historia, sus n\u00fameros, su distribuci\u00f3n y datos curiosos de cada uno de ellos? Entonces sigue leyendo este art\u00edculo, donde te contaremos todo lo que necesitas saber sobre esta fascinante ciudad y sus diferentes zonas. \u00a1Vamos all\u00e1! Los distritos de Par\u00eds Los distritos de [&hellip;]<\/p>\n","protected":false},"author":1,"featured_media":4135,"comment_status":"open","ping_status":"open","sticky":false,"template":"","format":"standard","meta":{"footnotes":""},"categories":[7],"tags":[920,24,918,919,917,23,39,38],"class_list":["post-4133","post","type-post","status-publish","format-standard","has-post-thumbnail","hentry","category-curiosidades","tag-arrondissements","tag-curiosidades","tag-distrito","tag-distritos","tag-distritos-de-paris","tag-francia","tag-paris-2","tag-paris"],"yoast_head":"<!-- This site is optimized with the Yoast SEO plugin v24.6 - https:\/\/yoast.com\/wordpress\/plugins\/seo\/ -->\n<title>Los distritos de Par\u00eds: les arrondissements - Anne Marie Abautret<\/title>\n<meta name=\"description\" content=\"\u00bfTe gustar\u00eda conocer m\u00e1s sobre los distritos de Par\u00eds, sus nombres, su historia y datos curiosos de cada uno de ellos? \u00a1Sigue leyendo!\" \/>\n<meta name=\"robots\" content=\"index, follow, max-snippet:-1, max-image-preview:large, max-video-preview:-1\" \/>\n<link rel=\"canonical\" href=\"https:\/\/annemarieabautret.com\/blog\/los-distritos-de-paris-les-arrondissements\/\" \/>\n<meta property=\"og:locale\" content=\"es_ES\" \/>\n<meta property=\"og:type\" content=\"article\" \/>\n<meta property=\"og:title\" content=\"Los distritos de Par\u00eds: les arrondissements\" \/>\n<meta property=\"og:description\" content=\"\u00bfTe gustar\u00eda conocer m\u00e1s sobre los distritos de Par\u00eds, sus nombres, su historia y datos curiosos de cada uno de ellos? \u00a1Sigue leyendo!\" \/>\n<meta property=\"og:url\" content=\"https:\/\/annemarieabautret.com\/blog\/los-distritos-de-paris-les-arrondissements\/\" \/>\n<meta property=\"og:site_name\" content=\"Anne Marie Abautret\" \/>\n<meta property=\"article:published_time\" content=\"2023-09-08T02:09:41+00:00\" \/>\n<meta property=\"article:modified_time\" content=\"2023-09-08T02:09:43+00:00\" \/>\n<meta property=\"og:image\" content=\"https:\/\/annemarieabautret.com\/blog\/wp-content\/uploads\/2023\/09\/1.png\" \/>\n\t<meta property=\"og:image:width\" content=\"1200\" \/>\n\t<meta property=\"og:image:height\" content=\"630\" \/>\n\t<meta property=\"og:image:type\" content=\"image\/png\" \/>\n<meta name=\"author\" content=\"Bloglencriervert\" \/>\n<meta name=\"twitter:card\" content=\"summary_large_image\" \/>\n<meta name=\"twitter:title\" content=\"Los distritos de Par\u00eds: les arrondissements\" \/>\n<meta name=\"twitter:image\" content=\"https:\/\/annemarieabautret.com\/blog\/wp-content\/uploads\/2023\/09\/1.png\" \/>\n<meta name=\"twitter:label1\" content=\"Written by\" \/>\n\t<meta name=\"twitter:data1\" content=\"Bloglencriervert\" \/>\n\t<meta name=\"twitter:label2\" content=\"Est. reading time\" \/>\n\t<meta name=\"twitter:data2\" content=\"14 minutos\" \/>\n<script type=\"application\/ld+json\" class=\"yoast-schema-graph\">{\"@context\":\"https:\/\/schema.org\",\"@graph\":[{\"@type\":\"WebPage\",\"@id\":\"https:\/\/annemarieabautret.com\/blog\/los-distritos-de-paris-les-arrondissements\/\",\"url\":\"https:\/\/annemarieabautret.com\/blog\/los-distritos-de-paris-les-arrondissements\/\",\"name\":\"Los distritos de Par\u00eds: les arrondissements - Anne Marie Abautret\",\"isPartOf\":{\"@id\":\"https:\/\/annemarieabautret.com\/blog\/#website\"},\"primaryImageOfPage\":{\"@id\":\"https:\/\/annemarieabautret.com\/blog\/los-distritos-de-paris-les-arrondissements\/#primaryimage\"},\"image\":{\"@id\":\"https:\/\/annemarieabautret.com\/blog\/los-distritos-de-paris-les-arrondissements\/#primaryimage\"},\"thumbnailUrl\":\"https:\/\/annemarieabautret.com\/blog\/wp-content\/uploads\/2023\/09\/1.png\",\"datePublished\":\"2023-09-08T02:09:41+00:00\",\"dateModified\":\"2023-09-08T02:09:43+00:00\",\"author\":{\"@id\":\"https:\/\/annemarieabautret.com\/blog\/#\/schema\/person\/67f969769283a1cac966eb4824469e7b\"},\"description\":\"\u00bfTe gustar\u00eda conocer m\u00e1s sobre los distritos de Par\u00eds, sus nombres, su historia y datos curiosos de cada uno de ellos? \u00a1Sigue leyendo!\",\"breadcrumb\":{\"@id\":\"https:\/\/annemarieabautret.com\/blog\/los-distritos-de-paris-les-arrondissements\/#breadcrumb\"},\"inLanguage\":\"es-PE\",\"potentialAction\":[{\"@type\":\"ReadAction\",\"target\":[\"https:\/\/annemarieabautret.com\/blog\/los-distritos-de-paris-les-arrondissements\/\"]}]},{\"@type\":\"ImageObject\",\"inLanguage\":\"es-PE\",\"@id\":\"https:\/\/annemarieabautret.com\/blog\/los-distritos-de-paris-les-arrondissements\/#primaryimage\",\"url\":\"https:\/\/annemarieabautret.com\/blog\/wp-content\/uploads\/2023\/09\/1.png\",\"contentUrl\":\"https:\/\/annemarieabautret.com\/blog\/wp-content\/uploads\/2023\/09\/1.png\",\"width\":1200,\"height\":630},{\"@type\":\"BreadcrumbList\",\"@id\":\"https:\/\/annemarieabautret.com\/blog\/los-distritos-de-paris-les-arrondissements\/#breadcrumb\",\"itemListElement\":[{\"@type\":\"ListItem\",\"position\":1,\"name\":\"Home\",\"item\":\"https:\/\/annemarieabautret.com\/blog\/\"},{\"@type\":\"ListItem\",\"position\":2,\"name\":\"Los distritos de Par\u00eds: les arrondissements\"}]},{\"@type\":\"WebSite\",\"@id\":\"https:\/\/annemarieabautret.com\/blog\/#website\",\"url\":\"https:\/\/annemarieabautret.com\/blog\/\",\"name\":\"Anne Marie Abautret\",\"description\":\"\u00a1Conoce el maravilloso mundo franc\u00f3fono con L&#039;encrier vert!\",\"potentialAction\":[{\"@type\":\"SearchAction\",\"target\":{\"@type\":\"EntryPoint\",\"urlTemplate\":\"https:\/\/annemarieabautret.com\/blog\/?s={search_term_string}\"},\"query-input\":{\"@type\":\"PropertyValueSpecification\",\"valueRequired\":true,\"valueName\":\"search_term_string\"}}],\"inLanguage\":\"es-PE\"},{\"@type\":\"Person\",\"@id\":\"https:\/\/annemarieabautret.com\/blog\/#\/schema\/person\/67f969769283a1cac966eb4824469e7b\",\"name\":\"Bloglencriervert\",\"image\":{\"@type\":\"ImageObject\",\"inLanguage\":\"es-PE\",\"@id\":\"https:\/\/annemarieabautret.com\/blog\/#\/schema\/person\/image\/\",\"url\":\"https:\/\/secure.gravatar.com\/avatar\/1b125fe84bb43db37171ca15c37bc658?s=96&d=mm&r=g\",\"contentUrl\":\"https:\/\/secure.gravatar.com\/avatar\/1b125fe84bb43db37171ca15c37bc658?s=96&d=mm&r=g\",\"caption\":\"Bloglencriervert\"},\"url\":\"https:\/\/annemarieabautret.com\/blog\/author\/anneblog\/\"}]}<\/script>\n<!-- \/ Yoast SEO plugin. -->","yoast_head_json":{"title":"Los distritos de Par\u00eds: les arrondissements - Anne Marie Abautret","description":"\u00bfTe gustar\u00eda conocer m\u00e1s sobre los distritos de Par\u00eds, sus nombres, su historia y datos curiosos de cada uno de ellos? \u00a1Sigue leyendo!","robots":{"index":"index","follow":"follow","max-snippet":"max-snippet:-1","max-image-preview":"max-image-preview:large","max-video-preview":"max-video-preview:-1"},"canonical":"https:\/\/annemarieabautret.com\/blog\/los-distritos-de-paris-les-arrondissements\/","og_locale":"es_ES","og_type":"article","og_title":"Los distritos de Par\u00eds: les arrondissements","og_description":"\u00bfTe gustar\u00eda conocer m\u00e1s sobre los distritos de Par\u00eds, sus nombres, su historia y datos curiosos de cada uno de ellos? \u00a1Sigue leyendo!","og_url":"https:\/\/annemarieabautret.com\/blog\/los-distritos-de-paris-les-arrondissements\/","og_site_name":"Anne Marie Abautret","article_published_time":"2023-09-08T02:09:41+00:00","article_modified_time":"2023-09-08T02:09:43+00:00","og_image":[{"width":1200,"height":630,"url":"https:\/\/annemarieabautret.com\/blog\/wp-content\/uploads\/2023\/09\/1.png","type":"image\/png"}],"author":"Bloglencriervert","twitter_card":"summary_large_image","twitter_title":"Los distritos de Par\u00eds: les arrondissements","twitter_image":"https:\/\/annemarieabautret.com\/blog\/wp-content\/uploads\/2023\/09\/1.png","twitter_misc":{"Written by":"Bloglencriervert","Est. reading time":"14 minutos"},"schema":{"@context":"https:\/\/schema.org","@graph":[{"@type":"WebPage","@id":"https:\/\/annemarieabautret.com\/blog\/los-distritos-de-paris-les-arrondissements\/","url":"https:\/\/annemarieabautret.com\/blog\/los-distritos-de-paris-les-arrondissements\/","name":"Los distritos de Par\u00eds: les arrondissements - Anne Marie Abautret","isPartOf":{"@id":"https:\/\/annemarieabautret.com\/blog\/#website"},"primaryImageOfPage":{"@id":"https:\/\/annemarieabautret.com\/blog\/los-distritos-de-paris-les-arrondissements\/#primaryimage"},"image":{"@id":"https:\/\/annemarieabautret.com\/blog\/los-distritos-de-paris-les-arrondissements\/#primaryimage"},"thumbnailUrl":"https:\/\/annemarieabautret.com\/blog\/wp-content\/uploads\/2023\/09\/1.png","datePublished":"2023-09-08T02:09:41+00:00","dateModified":"2023-09-08T02:09:43+00:00","author":{"@id":"https:\/\/annemarieabautret.com\/blog\/#\/schema\/person\/67f969769283a1cac966eb4824469e7b"},"description":"\u00bfTe gustar\u00eda conocer m\u00e1s sobre los distritos de Par\u00eds, sus nombres, su historia y datos curiosos de cada uno de ellos? \u00a1Sigue leyendo!","breadcrumb":{"@id":"https:\/\/annemarieabautret.com\/blog\/los-distritos-de-paris-les-arrondissements\/#breadcrumb"},"inLanguage":"es-PE","potentialAction":[{"@type":"ReadAction","target":["https:\/\/annemarieabautret.com\/blog\/los-distritos-de-paris-les-arrondissements\/"]}]},{"@type":"ImageObject","inLanguage":"es-PE","@id":"https:\/\/annemarieabautret.com\/blog\/los-distritos-de-paris-les-arrondissements\/#primaryimage","url":"https:\/\/annemarieabautret.com\/blog\/wp-content\/uploads\/2023\/09\/1.png","contentUrl":"https:\/\/annemarieabautret.com\/blog\/wp-content\/uploads\/2023\/09\/1.png","width":1200,"height":630},{"@type":"BreadcrumbList","@id":"https:\/\/annemarieabautret.com\/blog\/los-distritos-de-paris-les-arrondissements\/#breadcrumb","itemListElement":[{"@type":"ListItem","position":1,"name":"Home","item":"https:\/\/annemarieabautret.com\/blog\/"},{"@type":"ListItem","position":2,"name":"Los distritos de Par\u00eds: les arrondissements"}]},{"@type":"WebSite","@id":"https:\/\/annemarieabautret.com\/blog\/#website","url":"https:\/\/annemarieabautret.com\/blog\/","name":"Anne Marie Abautret","description":"\u00a1Conoce el maravilloso mundo franc\u00f3fono con L&#039;encrier vert!","potentialAction":[{"@type":"SearchAction","target":{"@type":"EntryPoint","urlTemplate":"https:\/\/annemarieabautret.com\/blog\/?s={search_term_string}"},"query-input":{"@type":"PropertyValueSpecification","valueRequired":true,"valueName":"search_term_string"}}],"inLanguage":"es-PE"},{"@type":"Person","@id":"https:\/\/annemarieabautret.com\/blog\/#\/schema\/person\/67f969769283a1cac966eb4824469e7b","name":"Bloglencriervert","image":{"@type":"ImageObject","inLanguage":"es-PE","@id":"https:\/\/annemarieabautret.com\/blog\/#\/schema\/person\/image\/","url":"https:\/\/secure.gravatar.com\/avatar\/1b125fe84bb43db37171ca15c37bc658?s=96&d=mm&r=g","contentUrl":"https:\/\/secure.gravatar.com\/avatar\/1b125fe84bb43db37171ca15c37bc658?s=96&d=mm&r=g","caption":"Bloglencriervert"},"url":"https:\/\/annemarieabautret.com\/blog\/author\/anneblog\/"}]}},"amp_enabled":true,"_links":{"self":[{"href":"https:\/\/annemarieabautret.com\/blog\/wp-json\/wp\/v2\/posts\/4133"}],"collection":[{"href":"https:\/\/annemarieabautret.com\/blog\/wp-json\/wp\/v2\/posts"}],"about":[{"href":"https:\/\/annemarieabautret.com\/blog\/wp-json\/wp\/v2\/types\/post"}],"author":[{"embeddable":true,"href":"https:\/\/annemarieabautret.com\/blog\/wp-json\/wp\/v2\/users\/1"}],"replies":[{"embeddable":true,"href":"https:\/\/annemarieabautret.com\/blog\/wp-json\/wp\/v2\/comments?post=4133"}],"version-history":[{"count":2,"href":"https:\/\/annemarieabautret.com\/blog\/wp-json\/wp\/v2\/posts\/4133\/revisions"}],"predecessor-version":[{"id":4159,"href":"https:\/\/annemarieabautret.com\/blog\/wp-json\/wp\/v2\/posts\/4133\/revisions\/4159"}],"wp:featuredmedia":[{"embeddable":true,"href":"https:\/\/annemarieabautret.com\/blog\/wp-json\/wp\/v2\/media\/4135"}],"wp:attachment":[{"href":"https:\/\/annemarieabautret.com\/blog\/wp-json\/wp\/v2\/media?parent=4133"}],"wp:term":[{"taxonomy":"category","embeddable":true,"href":"https:\/\/annemarieabautret.com\/blog\/wp-json\/wp\/v2\/categories?post=4133"},{"taxonomy":"post_tag","embeddable":true,"href":"https:\/\/annemarieabautret.com\/blog\/wp-json\/wp\/v2\/tags?post=4133"}],"curies":[{"name":"wp","href":"https:\/\/api.w.org\/{rel}","templated":true}]}}